{"id":2823,"date":"2011-09-29T23:25:55","date_gmt":"2011-09-29T21:25:55","guid":{"rendered":"http:\/\/alternatifs81.fr\/?p=2823"},"modified":"2011-09-30T18:24:05","modified_gmt":"2011-09-30T16:24:05","slug":"%c2%93nous-mangeons-ce-que-les-grandes-entreprises-agroalimentaires-nous-imposent","status":"publish","type":"post","link":"https:\/\/alternatifs81.fr\/?p=2823","title":{"rendered":"Nous mangeons ce que les grandes entreprises agroalimentaires nous imposent"},"content":{"rendered":"<div><span style=\"font-family: Arial; font-size: x-small;\">\u00a0<\/span><\/div>\n<h2><span style=\"color: #0000ff;\"><span style=\"text-decoration: underline;\"><a href=\"http:\/\/alternatifs81.fr\/wp-content\/uploads\/camp-climat.jpg\" rel=\"lightbox[2823]\"><img loading=\"lazy\" decoding=\"async\" class=\"alignleft size-full wp-image-2824\" title=\"camp-climat\" src=\"http:\/\/alternatifs81.fr\/wp-content\/uploads\/camp-climat.jpg\" alt=\"\" width=\"212\" height=\"300\" \/><\/a>Esther Vivas:<\/span> \u00ab\u00a0Nous mangeons ce que les grandes entreprises agroalimentaires nous imposent\u00a0\u00bb<\/span><\/h2>\n<p><strong><span style=\"font-size: small;\">Enric Llopis | Rebeli\u00f3n <\/span><\/strong><\/p>\n<p><em><span style=\"color: #008000;\"><strong>Entretien avec Esther Vivas r\u00e9alis\u00e9 par Enric Llopis, publi\u00e9 par le site Rebeli\u00f3n et diffus\u00e9 par EcoDebate.<br \/>\n<\/strong><\/span><\/em><\/p>\n<p><span style=\"color: #808000;\"><strong><em>\u00a0\u00a0\u00a0\u00a0\u00a0\u00a0\u00a0\u00a0\u00a0\u00a0\u00a0 Esther Vivas est membre du Centre d&rsquo;\u00c9tudes sur les Mouvements Sociaux de l&rsquo;Universitat Pompeu Fabra de Barcelone.<\/em><\/strong><\/span><\/p>\n<p style=\"text-align: justify;\"><span style=\"color: #808000;\"><strong><em>Activiste sociale pour la souverainet\u00e9 alimentaire et militante du mouvement antimondialisation, elle nous alerte sur la pr\u00e9dominance du capital priv\u00e9 qui impose les go\u00fbts, marques et produits. En collaboration avec Xavier Montagut, elle a publi\u00e9 les livres \u00ab\u00a0Del Campo al Plato\u00a0\u00bb,\u00a0\u00bbO\u00f9 va le commerce \u00e9quitable?\u00a0\u00bb et \u00ab\u00a0Supermercados, no gracias\u00a0\u00bb.<\/em><\/strong><\/span><\/p>\n<p style=\"text-align: justify;\"><span style=\"color: #0000ff;\"><strong><span style=\"text-decoration: underline;\">Vous \u00eates co-auteur du livre Del Campo al Plato (Ed. Icaria, 2009). Selon vous, ils nous empoisonnent ?<\/span><\/strong><\/span><\/p>\n<p style=\"text-align: justify;\"><span style=\"font-size: small;\">Le mod\u00e8le de production d&rsquo;aliments oppose les int\u00e9r\u00eats priv\u00e9s et ceux des entreprises aux besoins <!--more-->alimentaires des gens, leur sant\u00e9 et le respect de l&rsquo;environnement. Nous<a href=\"http:\/\/alternatifs81.fr\/wp-content\/uploads\/arton2141.jpg\" rel=\"lightbox[2823]\"><img loading=\"lazy\" decoding=\"async\" class=\"alignright size-full wp-image-2825\" title=\"arton214\" src=\"http:\/\/alternatifs81.fr\/wp-content\/uploads\/arton2141.jpg\" alt=\"\" width=\"300\" height=\"200\" \/><\/a>\u00a0mangeons ce que les grandes entreprises de ce secteur veulent. Il y a actuellement dans le monde le m\u00eame nombre de personnes qui ont faim que de personnes ayant des probl\u00e8mes de surpoids, ce qui touche, dans les deux cas, les secteurs les plus pauvres de la population, tant dans les pays du Nord que dans ceux du Sud. Les probl\u00e8mes agricoles et alimentaires sont mondiaux et sont le r\u00e9sultat de la transformation des aliments en marchandise.<\/span><\/p>\n<p style=\"text-align: justify;\"><strong><span style=\"color: #0000ff;\"><span style=\"text-decoration: underline;\">925 millions de personnes dans le monde ont encore faim aujourd\u0092hui. C&rsquo;est la preuve de l&rsquo;\u00e9chec du capitalisme agro-industriel ?<\/span><\/span><\/strong><\/p>\n<p style=\"text-align: justify;\"><span style=\"font-size: small;\"><a href=\"http:\/\/alternatifs81.fr\/wp-content\/uploads\/65387066.jpg\" rel=\"lightbox[2823]\"><img loading=\"lazy\" decoding=\"async\" class=\"alignleft size-medium wp-image-2826\" title=\"65387066\" src=\"http:\/\/alternatifs81.fr\/wp-content\/uploads\/65387066-296x300.jpg\" alt=\"\" width=\"296\" height=\"300\" srcset=\"https:\/\/alternatifs81.fr\/wp-content\/uploads\/65387066-296x300.jpg 296w, https:\/\/alternatifs81.fr\/wp-content\/uploads\/65387066.jpg 400w\" sizes=\"auto, (max-width: 296px) 100vw, 296px\" \/><\/a>\u00a0\u00a0\u00a0\u00a0\u00a0\u00a0\u00a0 Oui. <\/span><\/p>\n<p style=\"text-align: justify;\"><span style=\"font-size: small;\">\u00a0\u00a0\u00a0\u00a0\u00a0\u00a0\u00a0\u00a0L&rsquo;agriculture industrielle, kilom\u00e9trique, intensive et d\u00e9pendante du p\u00e9trole a montr\u00e9 qu&rsquo;elle \u00e9tait incapable de nourrir la population, car elle a un fort impact sur l&rsquo;environnement en r\u00e9duisant l&rsquo;\u00e9codiversit\u00e9, en engendrant un changement climatique et en d\u00e9truisant des terres fertiles. <\/span><\/p>\n<p style=\"text-align: justify;\"><span style=\"font-size: small;\">Pour arr\u00eater la faim dans le monde, il ne s&rsquo;agit pas de produire plus, comme l&rsquo;affirment les gouvernements et les institutions internationales. <\/span><\/p>\n<p style=\"text-align: justify;\"><span style=\"font-size: small;\">Au contraire, il faut d\u00e9mocratiser les processus de production et faire en sorte que les aliments soient accessibles \u00e0 l&rsquo;ensemble de la population.<\/span><\/p>\n<p style=\"text-align: justify;\"><strong><span style=\"color: #0000ff;\"><span style=\"text-decoration: underline;\"><span style=\"color: #0000ff;\">Les entreprises multinationales, l&rsquo;ONU et le FMI proposent une nouvelle \u00ab r\u00e9volution verte \u00bb, des aliments transg\u00e9niques et le libre \u00e9change. Quelle alternative peut \u00eatre propos\u00e9e par les mouvements sociaux ?<\/span><\/span><\/span><\/strong><\/p>\n<p style=\"text-align: justify;\"><span style=\"font-size: small;\">Nous devons r\u00e9cup\u00e9rer le contr\u00f4le social de l&rsquo;agriculture et de l&rsquo;alimentation. Quelques multinationales, qui monopolisent chaque \u00e9tape de la cha\u00eene agro-alimentaire, ne peuvent pas d\u00e9cider de ce que nous devons manger. <\/span><\/p>\n<p style=\"text-align: justify;\"><span style=\"font-size: small;\">La terre, l&rsquo;eau et les graines doivent appartenir aux paysans, \u00e0 ceux qui travaillent la terre. <\/span><\/p>\n<p style=\"text-align: justify;\"><span style=\"font-size: small;\">Ces biens naturels ne doivent pas \u00eatre l&rsquo;objet d&rsquo;un commerce, pour faire de la sp\u00e9culation. Nous, consommateurs devons avoir le pouvoir de d\u00e9cider de ce que nous mangeons si nous voulons consommer des produits sans OGM. En d\u00e9finitive, nous devons miser sur la souverainet\u00e9 alimentaire.<\/span><\/p>\n<p style=\"text-align: justify;\"><strong><span style=\"color: #0000ff;\"><span style=\"text-decoration: underline;\">Pourriez-vous d\u00e9finir le concept de souverainet\u00e9 alimentaire ?\u00a0<\/span><\/span><\/strong><strong><span style=\"color: #0000ff;\">\u00a0<\/span><\/strong><\/p>\n<p style=\"text-align: justify;\"><span style=\"font-size: small;\">C&rsquo;est avoir la capacit\u00e9 de d\u00e9cider de tout ce qui a trait \u00e0 la production, la\u00a0distribution et la consommation des aliments. <\/span><\/p>\n<p style=\"text-align: justify;\"><span style=\"font-size: small;\">Miser sur la culture de vari\u00e9t\u00e9s locales, de saison, saines. <\/span><\/p>\n<p style=\"text-align: justify;\"><span style=\"font-size: small;\">Encourager les circuits courts de commercialisation, les march\u00e9s locaux. <\/span><\/p>\n<p style=\"text-align: justify;\"><span style=\"font-size: small;\">Lutter contre la concurrence d\u00e9loyale, les m\u00e9canismes de dumping, la volont\u00e9 d&rsquo;exportation. <\/span><\/p>\n<p style=\"text-align: justify;\"><span style=\"font-size: small;\">Arriver \u00e0 cet objectif implique une strat\u00e9gie de rupture avec les politiques de l&rsquo;Organisation mondiale du commerce (OMC).<\/span><\/p>\n<p style=\"text-align: justify;\"><span style=\"font-size: small;\">Mais revendiquer la souverainet\u00e9 alimentaire ne veut pas dire un retour romantique au pass\u00e9. <\/span><\/p>\n<p style=\"text-align: justify;\"><span style=\"font-size: small;\">Au contraire, il s&rsquo;agit de retrouver la connaissance des pratiques traditionnelles et de les associer aux nouvelles technologies et savoirs. <\/span><\/p>\n<p style=\"text-align: justify;\"><span style=\"font-size: small;\">M\u00eame ainsi, il ne s&rsquo;agit pas d&rsquo;une proposition localis\u00e9e, mais cela consiste \u00e0 promouvoir la production et le commerce local, o\u00f9 le commerce international serait le compl\u00e9ment du local.<\/span><\/p>\n<p style=\"text-align: justify;\"><strong><span style=\"color: #0000ff;\"><span style=\"text-decoration: underline;\">Via Campesina affirme qu&rsquo;aujourd&rsquo;hui, manger s&rsquo;est converti en un \u00ab acte politique \u00bb. Etes-vous d&rsquo;accord?<\/span><\/span><\/strong><\/p>\n<p style=\"text-align: justify;\"><span style=\"font-size: small;\">Absolument. <\/span><\/p>\n<p style=\"text-align: justify;\"><span style=\"font-size: small;\">Ce que nous mangeons est le r\u00e9sultat du mercantilisme du syst\u00e8me alimentaire et des int\u00e9r\u00eats de l&rsquo;agrobusiness. <\/span><\/p>\n<p style=\"text-align: justify;\"><span style=\"font-size: small;\">Le mercantilisme mis en oeuvre dans la production agroalimentaire est le m\u00eame que celui qui touche d&rsquo;autres contextes de notre vie : privatisation des services publics, pr\u00e9carisation des droits du travail, sp\u00e9culation sur le logement et le territoire. <\/span><\/p>\n<p style=\"text-align: justify;\"><span style=\"font-size: small;\">Il faut opposer \u00e0 cela une autre logique et s&rsquo;organiser contre le mod\u00e8le agro-alimentaire actuel dans le cadre d&rsquo;une lutte plus g\u00e9n\u00e9rale contre le capitalisme mondial.<\/span><\/p>\n<p style=\"text-align: justify;\"><strong><span style=\"color: #0000ff;\"><span style=\"text-decoration: underline;\">Nous sommes entre les mains des grandes cha\u00eenes de distribution ? Qu&rsquo;est-ce que cela implique et quels effets ce mod\u00e8le de consommation entra\u00eene-t-il ?<\/span><\/span><\/strong><\/p>\n<p style=\"text-align: justify;\"><span style=\"font-size: small;\">Aujourd&rsquo;hui, sept entreprises de l&rsquo;Etat espagnol contr\u00f4lent 75% de la distribution des aliments. <\/span><\/p>\n<p style=\"text-align: justify;\"><span style=\"font-size: small;\">Et, cette tendance repr\u00e9sente plus que cela. <\/span><\/p>\n<p style=\"text-align: justify;\"><span style=\"font-size: small;\">De cette fa\u00e7on, le consommateur a de moins en moins acc\u00e8s \u00e0 la nourriture et la m\u00eame chose se passe avec le producteur qui veut atteindre le consommateur. <\/span><\/p>\n<p style=\"text-align: justify;\"><span style=\"font-size: small;\">Ce monopole garantit un contr\u00f4le total par les supermarch\u00e9s lorsqu&rsquo;ils d\u00e9cident de notre alimentation, comment elle est \u00e9labor\u00e9e et du prix de ce que nous mangeons.<\/span><\/p>\n<p style=\"text-align: justify;\"><strong><span style=\"color: #0000ff;\"><span style=\"text-decoration: underline;\">Les solutions individualistes servent-elles \u00e0 rompre avec ces r\u00e8gles de consommation ?<\/span><\/span><\/strong><\/p>\n<p style=\"text-align: justify;\"><span style=\"font-size: small;\"><a href=\"http:\/\/alternatifs81.fr\/wp-content\/uploads\/arton2345-27945.jpg\" rel=\"lightbox[2823]\"><img loading=\"lazy\" decoding=\"async\" class=\"alignleft size-full wp-image-2828\" title=\"arton2345-27945\" src=\"http:\/\/alternatifs81.fr\/wp-content\/uploads\/arton2345-27945.jpg\" alt=\"\" width=\"275\" height=\"267\" \/><\/a>\u00a0\u00a0\u00a0\u00a0\u00a0\u00a0 L&rsquo;action individuelle a une valeur d\u00e9monstrative et apporte une coh\u00e9rence, mais elle n&rsquo;entra\u00eene pas de changements structuraux. <\/span><\/p>\n<p style=\"text-align: justify;\"><span style=\"font-size: small;\">Nous avons besoin d&rsquo;une action politique collective, de nous organiser dans le contexte de la consommation, par exemple, \u00e0 partir de groupes et de coop\u00e9ratives de produits biologiques ; cr\u00e9er des alternatives et promouvoir de grandes alliances qui participent \u00e0 des campagnes contre la crise, pour la d\u00e9fense du territoire, des forums sociaux, etc.<\/span><\/p>\n<p style=\"text-align: justify;\"><span style=\"font-size: small;\">Il faut aussi descendre dans les rues et agir de fa\u00e7on politique, comme cela a \u00e9t\u00e9 fait \u00e0 un certain moment avec la campagne de \u00ab l&rsquo;Initiative l\u00e9gislative populaire \u00bb contre les OGM, organis\u00e9e par \u00ab Som lo que Sembrem \u00bb, car, comme nous l&rsquo;avons vu \u00e0 plusieurs occasions, ceux qui travaillent dans les institutions ne repr\u00e9sentent&rsquo; pas nos int\u00e9r\u00eats mais les int\u00e9r\u00eats priv\u00e9s.<\/span><\/p>\n<p style=\"text-align: justify;\"><strong><span style=\"color: #0000ff;\"><span style=\"text-decoration: underline;\">Kyoto, Copenhague, Cancun. Quel est le bilan g\u00e9n\u00e9ral que l&rsquo;on peut faire des diff\u00e9rents sommets sur les changements climatiques ?<\/span><\/span><\/strong><\/p>\n<p style=\"text-align: justify;\"><span style=\"font-size: small;\">Le bilan est tr\u00e8s n\u00e9gatif. <\/span><\/p>\n<p style=\"text-align: justify;\"><span style=\"font-size: small;\">Lors de tous ces sommets, les int\u00e9r\u00eats priv\u00e9s et le court terme ont eu plus de poids qu&rsquo;une r\u00e9elle volont\u00e9 politique ayant pour but de mettre fin aux changements climatiques.<\/span><\/p>\n<p style=\"text-align: justify;\"><span style=\"font-size: small;\">\u00a0Aucun accord pour cela n&rsquo;a \u00e9t\u00e9 fait pour permettre une r\u00e9duction effective des gaz \u00e0 effet de serre. <\/span><\/p>\n<p style=\"text-align: justify;\"><span style=\"font-size: small;\">Au contraire, les crit\u00e8res mercantiles ont \u00e9t\u00e9, une fois de plus, la monnaie d&rsquo;\u00e9change et le m\u00e9canisme de commerce d&rsquo;\u00e9missions en est, \u00e0 cet \u00e9gard, l&rsquo;expression la plus significative.<\/span><\/p>\n<p style=\"text-align: justify;\"><strong><span style=\"color: #0000ff;\"><span style=\"text-decoration: underline;\">A Cancun, l&rsquo;id\u00e9e d&rsquo;une \u00ab adaptation \u00bb au changement climatique a \u00e9t\u00e9 beaucoup reprise. Les int\u00e9r\u00eats des compagnies multinationales et d&rsquo;un soit disant \u00ab capitalisme vert \u00bb se cacheraient-ils derri\u00e8re cela ?<\/span><\/span><\/strong><\/p>\n<p style=\"text-align: justify;\"><span style=\"font-size: small;\">Tout \u00e0 fait. <\/span><\/p>\n<p style=\"text-align: justify;\"><span style=\"font-size: small;\">Au lieu de solutions r\u00e9elles, on choisit de fausses solutions telles que l&rsquo;\u00e9nergie nucl\u00e9aire, la captation de carbone dans l&rsquo;atmosph\u00e8re pour le stocker ou les biocarburants. <\/span><\/p>\n<p style=\"text-align: justify;\"><span style=\"font-size: small;\">Par ces mesures, on ne fait qu&rsquo;intensifier plus encore la crise sociale et \u00e9cologique et donc cr\u00e9er d&rsquo;\u00e9normes b\u00e9n\u00e9fices pour un petit nombre d&rsquo;entreprises.<\/span><\/p>\n<p style=\"text-align: justify;\"><strong><span style=\"color: #0000ff;\"><span style=\"text-decoration: underline;\">Le Mouvement pour la Justice Climatique essaie de proposer des alternatives. Comment est-il n\u00e9 et quels sont ses principes ?<\/span><\/span><\/strong><\/p>\n<p style=\"text-align: justify;\"><span style=\"font-size: small;\">Le Mouvement pour la Justice Climatique critique les causes fondamentales du changement climatique, en questionnant le syst\u00e8me capitaliste et, comme l&rsquo;indique sa devise, il s&rsquo;agit de \u00abchanger le syst\u00e8me, pas le climat \u00bb. <\/span><\/p>\n<p style=\"text-align: justify;\"><span style=\"font-size: small;\">De cette fa\u00e7on, il exprime cette relation diffuse qui existe entre la justice sociale et climatique, entre crise sociale et \u00e9cologique. <\/span><\/p>\n<p style=\"text-align: justify;\"><span style=\"font-size: small;\">Le mouvement a un fort impact international, en \u00e9tant notamment \u00e0 la base des protestations durant le sommet sur le climat de Copenhague et, plus r\u00e9cemment, lors des mobilisations de Cancun. <\/span><\/p>\n<p style=\"text-align: justify;\"><span style=\"font-size: small;\">Cela a contribu\u00e9 \u00e0 visualiser l&rsquo;urgence d&rsquo;agir contre le changement\u00a0 <a href=\"http:\/\/alternatifs81.fr\/wp-content\/uploads\/images22.jpg\" rel=\"lightbox[2823]\"><img loading=\"lazy\" decoding=\"async\" class=\"alignleft size-full wp-image-2829\" title=\"images2\" src=\"http:\/\/alternatifs81.fr\/wp-content\/uploads\/images22.jpg\" alt=\"\" width=\"100\" height=\"104\" \/><\/a>climatique.\u00a0Le d\u00e9fi est d&rsquo;\u00e9largir sa base sociale, en associant les luttes quotidiennes et chercher des alliances avec le syndicalisme alternatif.<\/span><\/p>\n<p style=\"text-align: justify;\"><strong><span style=\"font-size: small;\"><span style=\"text-decoration: underline;\"><span style=\"color: #0000ff;\">La solution est-elle de changer le climat ou le syst\u00e8me capitaliste<\/span><\/span> ?<\/span><\/strong><\/p>\n<p style=\"text-align: justify;\"><span style=\"font-size: small;\">Un changement radical de mod\u00e8le est n\u00e9cessaire. <\/span><\/p>\n<p style=\"text-align: justify;\"><span style=\"font-size: small;\">Le capitaliste ne peut apporter de solution \u00e0 une crise \u00e9cologique que le propre syst\u00e8me a cr\u00e9\u00e9e. <\/span><\/p>\n<p style=\"text-align: justify;\"><span style=\"font-size: small;\">La crise actuelle demande un besoin urgent de changer le monde \u00e0 sa base et de le faire dans une perspective anticapitaliste et \u00e9cologiste radicale. <\/span><\/p>\n<p style=\"text-align: justify;\"><span style=\"font-size: small;\"><span style=\"color: #808000;\"><strong>Anticapitalisme et justice climatique sont deux combats qui doivent \u00eatre \u00e9troitement li\u00e9s.<\/strong><\/span><\/span><\/p>\n<p style=\"text-align: justify;\"><span style=\"font-size: small;\">*<em><span style=\"color: #ff6600;\">Entretien avec Esther Vivas r\u00e9alis\u00e9 par Enric Llopis, publi\u00e9 par le site Rebeli\u00f3n et diffus\u00e9 par EcoDebate.<br \/>\n**Traduction: Karine Lehmann &amp; Jean Saint-Dizier pour Autres Br\u00e9sils<\/span><\/em><\/span><\/p>\n<gcse:search><\/gcse:search>","protected":false},"excerpt":{"rendered":"<p>\u00a0 Esther Vivas: \u00ab\u00a0Nous mangeons ce que les grandes entreprises agroalimentaires nous imposent\u00a0\u00bb Enric Llopis | Rebeli\u00f3n Entretien avec Esther Vivas r\u00e9alis\u00e9 par Enric Llopis, publi\u00e9 par le site Rebeli\u00f3n et diffus\u00e9 par EcoDebate. \u00a0\u00a0\u00a0\u00a0\u00a0\u00a0\u00a0\u00a0\u00a0\u00a0\u00a0 Esther Vivas est membre du Centre d&rsquo;\u00c9tudes sur les Mouvements Sociaux de l&rsquo;Universitat Pompeu Fabra de Barcelone. Activiste sociale pour [&hellip;]<\/p>\n","protected":false},"author":1,"featured_media":0,"comment_status":"open","ping_status":"closed","sticky":false,"template":"","format":"standard","meta":{"footnotes":""},"categories":[125,1],"tags":[103,169,16,402],"class_list":["post-2823","post","type-post","status-publish","format-standard","hentry","category-ecologie","category-non-classe","tag-demarche-citoyenne","tag-ecologie-2","tag-economie","tag-sante"],"_links":{"self":[{"href":"https:\/\/alternatifs81.fr\/index.php?rest_route=\/wp\/v2\/posts\/2823","targetHints":{"allow":["GET"]}}],"collection":[{"href":"https:\/\/alternatifs81.fr\/index.php?rest_route=\/wp\/v2\/posts"}],"about":[{"href":"https:\/\/alternatifs81.fr\/index.php?rest_route=\/wp\/v2\/types\/post"}],"author":[{"embeddable":true,"href":"https:\/\/alternatifs81.fr\/index.php?rest_route=\/wp\/v2\/users\/1"}],"replies":[{"embeddable":true,"href":"https:\/\/alternatifs81.fr\/index.php?rest_route=%2Fwp%2Fv2%2Fcomments&post=2823"}],"version-history":[{"count":0,"href":"https:\/\/alternatifs81.fr\/index.php?rest_route=\/wp\/v2\/posts\/2823\/revisions"}],"wp:attachment":[{"href":"https:\/\/alternatifs81.fr\/index.php?rest_route=%2Fwp%2Fv2%2Fmedia&parent=2823"}],"wp:term":[{"taxonomy":"category","embeddable":true,"href":"https:\/\/alternatifs81.fr\/index.php?rest_route=%2Fwp%2Fv2%2Fcategories&post=2823"},{"taxonomy":"post_tag","embeddable":true,"href":"https:\/\/alternatifs81.fr\/index.php?rest_route=%2Fwp%2Fv2%2Ftags&post=2823"}],"curies":[{"name":"wp","href":"https:\/\/api.w.org\/{rel}","templated":true}]}}