{"id":2786,"date":"2011-09-23T19:47:03","date_gmt":"2011-09-23T17:47:03","guid":{"rendered":"http:\/\/alternatifs81.fr\/?p=2786"},"modified":"2011-09-23T19:50:44","modified_gmt":"2011-09-23T17:50:44","slug":"des-objectrices-israeliennes-en-rournee-dans-le-tarn","status":"publish","type":"post","link":"https:\/\/alternatifs81.fr\/?p=2786","title":{"rendered":"Des objectrices isra\u00e9liennes en tourn\u00e9e dans le TARN"},"content":{"rendered":"<p>\u00a0<\/p>\n<p><img loading=\"lazy\" decoding=\"async\" src=\"http:\/\/webmail.laposte.net\/webmail\/fr_FR\/download\/Download.html?IDMSG=160252&amp;PJRANG=2.2&amp;NAME=sahar-vardi-et-idan-halili-ont-raconte-leur-histoire-a-la_307525_510x255.jpg&amp;FOLDER=INBOX&amp;STREAM_TYPE=IMAGE&amp;EMBEDDED=true\" alt=\"Idan et Sahar\" width=\"510\" height=\"255\" \/><\/p>\n<p><strong><em><span style=\"color: #0000ff;\">Depuis plus de 5 ans le COT, relaie via son site (www.cot81.com), les actions de soutien aux objectrices et objecteurs Isra\u00e9liens emprisonn\u00e9s. <\/span><\/em><\/strong><\/p>\n<p><strong><em><span style=\"color: #0000ff;\">Le COT a d\u00e9cid\u00e9 cette ann\u00e9e, d\u2019inviter <!--more-->trois de ces jeunes Isra\u00e9liens en France au mois de septembre 2011 pour leur permettre de t\u00e9moigner. <\/span><\/em><\/strong><\/p>\n<p><strong><em><span style=\"color: #0000ff;\">Ces trois jeunes ont pay\u00e9 par la prison la fid\u00e9lit\u00e9 \u00e0 leurs convictions pacifistes. Ils d\u00e9noncent la militarisation de la soci\u00e9t\u00e9 isra\u00e9lienne en g\u00e9n\u00e9ral et celle de l\u2019\u00e9ducation en particulier. Tous trois s\u2019opposent aussi \u00e0 l\u2019occupation de la Palestine par l\u2019arm\u00e9e isra\u00e9lienne. Bien que minoritaires, ces jeunes sont porteurs d\u2019un message d\u2019espoir qu\u2019il est important d\u2019\u00e9couter et faire conna\u00eetre.<\/span><\/em><\/strong><\/p>\n<p>Idan Halilili, Sahar Vardi seront les intervenantes de cette tourn\u00e9e.<\/p>\n<p>Idan Halili (24 ans) a \u00e9t\u00e9 la premi\u00e8re femme objectrice emprisonn\u00e9e en Isra\u00ebl en 2005 pour convictions f\u00e9ministes. Elle milite au sein de l\u2019association \u00ab New profile \u00bb, organisation antimilitariste et f\u00e9ministe et dans une association pour les r\u00e9fugi\u00e9s et les sans papiers.<\/p>\n<div>\n<p>Sahar Vardi (20 ans), est signataire de la lettre 2008 des lyc\u00e9ens de terminale oppos\u00e9s \u00e0 l\u2019occupation de la Palestine. (shministins), elle a \u00e9t\u00e9 la premi\u00e8re de ce mouvement \u00e0 \u00eatre emprisonn\u00e9e quand elle a refus\u00e9 de rejoindre l\u2019arm\u00e9e Elle aussi est membre de \u00ab New profile \u00bb. Elle participe aux actions des anarchistes contre le mur, au comit\u00e9 isra\u00e9lien contre la destruction des maisons palestiniennes, au mouvement de solidarit\u00e9 Shiefkh Jarrah et \u00e0 Ta\u2019ayush, mouvement d\u2019Isra\u00e9liens et de Palestiniens oeuvrant ensemble \u00e0 la fin de l\u2019occupation isra\u00e9lienne et voulant r\u00e9aliser l\u2019\u00e9galit\u00e9 civile pleine et compl\u00e8te par l\u2019action directe civile non-violente.<\/p>\n<p>&#8212;&#8212;&#8212;&#8212;&#8212;&#8212;&#8212;-<\/p>\n<p><big><em>En \u00e9coute sur le blog \u00ab\u00a0&lsquo;Le son et la forme\u00a0\u00bb:<br \/>\n<\/em><\/big><\/p>\n<div><big><em><a href=\"http:\/\/lesonetlaforme.revolublog.com\/la-guerre-l-objection-et-le-feminisme-lautrec-septembre-2011-a5647262\" target=\"_blank\">http:\/\/lesonetlaforme.revolublog.com\/la-guerre-l-objection-et-le-feminisme-lautrec-septembre-2011-a564726<\/a><\/em><\/big><\/div>\n<div><big><em>En t\u00e9l\u00e9chargement direct au format mp3 :<\/em><\/big><\/div>\n<p><big><em><a href=\"http:\/\/dl.fr\/mGmeBk1mo\" target=\"_blank\">http:\/\/dl.fr\/mGmeBk1mo<\/a><\/p>\n<p><a href=\"http:\/\/dl.fr\/rqUXACaZ1\"><span style=\"color: #0000ff;\">http:\/\/dl.fr\/rqUXACaZ1<\/span><\/a><span style=\"color: #0000ff;\"> <\/span><\/p>\n<p><\/em><\/big><\/p>\n<div><strong><big>Bonne \u00e9coute&#8230;<\/big><\/strong><\/div>\n<div><strong><big>\u00a0<\/big><\/strong><\/div>\n<p><strong><big>\u00a0<\/p>\n<p><\/big><\/strong><\/div>\n<gcse:search><\/gcse:search>","protected":false},"excerpt":{"rendered":"<p>\u00a0 Depuis plus de 5 ans le COT, relaie via son site (www.cot81.com), les actions de soutien aux objectrices et objecteurs Isra\u00e9liens emprisonn\u00e9s. Le COT a d\u00e9cid\u00e9 cette ann\u00e9e, d\u2019inviter<\/p>\n","protected":false},"author":1,"featured_media":0,"comment_status":"open","ping_status":"closed","sticky":false,"template":"","format":"standard","meta":{"footnotes":""},"categories":[1],"tags":[103,64,19,98],"class_list":["post-2786","post","type-post","status-publish","format-standard","hentry","category-non-classe","tag-demarche-citoyenne","tag-guerre","tag-jeunesse","tag-palestine"],"_links":{"self":[{"href":"https:\/\/alternatifs81.fr\/index.php?rest_route=\/wp\/v2\/posts\/2786","targetHints":{"allow":["GET"]}}],"collection":[{"href":"https:\/\/alternatifs81.fr\/index.php?rest_route=\/wp\/v2\/posts"}],"about":[{"href":"https:\/\/alternatifs81.fr\/index.php?rest_route=\/wp\/v2\/types\/post"}],"author":[{"embeddable":true,"href":"https:\/\/alternatifs81.fr\/index.php?rest_route=\/wp\/v2\/users\/1"}],"replies":[{"embeddable":true,"href":"https:\/\/alternatifs81.fr\/index.php?rest_route=%2Fwp%2Fv2%2Fcomments&post=2786"}],"version-history":[{"count":0,"href":"https:\/\/alternatifs81.fr\/index.php?rest_route=\/wp\/v2\/posts\/2786\/revisions"}],"wp:attachment":[{"href":"https:\/\/alternatifs81.fr\/index.php?rest_route=%2Fwp%2Fv2%2Fmedia&parent=2786"}],"wp:term":[{"taxonomy":"category","embeddable":true,"href":"https:\/\/alternatifs81.fr\/index.php?rest_route=%2Fwp%2Fv2%2Fcategories&post=2786"},{"taxonomy":"post_tag","embeddable":true,"href":"https:\/\/alternatifs81.fr\/index.php?rest_route=%2Fwp%2Fv2%2Ftags&post=2786"}],"curies":[{"name":"wp","href":"https:\/\/api.w.org\/{rel}","templated":true}]}}