{"id":2122,"date":"2011-07-25T10:31:40","date_gmt":"2011-07-25T08:31:40","guid":{"rendered":"http:\/\/alternatifs81.fr\/?p=2122"},"modified":"2017-05-26T23:31:38","modified_gmt":"2017-05-26T22:31:38","slug":"3eme-devoir-de-vacancespour-le-parti-mouvement","status":"publish","type":"post","link":"https:\/\/alternatifs81.fr\/?p=2122","title":{"rendered":"3\u00e8me \u00ab\u00a0devoir\u00a0\u00bb de vacances : Pour le \u00ab\u00a0parti-mouvement\u00a0\u00bb"},"content":{"rendered":"<p style=\"text-align: justify;\"><strong><em><span style=\"color: #0000ff;\"><a href=\"http:\/\/alternatifs81.fr\/wp-content\/uploads\/DSCN1931-6-Small-300x2981.jpg\" rel=\"lightbox[2122]\"><img loading=\"lazy\" decoding=\"async\" class=\"alignleft size-full wp-image-7248\" style=\"margin: 11px 12px;\" title=\"DSCN1931-6-Small--300x298\" src=\"http:\/\/alternatifs81.fr\/wp-content\/uploads\/DSCN1931-6-Small-300x2981.jpg\" alt=\"\" width=\"240\" height=\"238\" srcset=\"https:\/\/alternatifs81.fr\/wp-content\/uploads\/DSCN1931-6-Small-300x2981.jpg 300w, https:\/\/alternatifs81.fr\/wp-content\/uploads\/DSCN1931-6-Small-300x2981-150x150.jpg 150w\" sizes=\"auto, (max-width: 240px) 100vw, 240px\" \/><\/a>Crise des Institutions, crise des organisations, quelles pistes rechercher\u00a0? <\/span><\/em><\/strong><\/p>\n<p style=\"text-align: justify;\"><strong><em><span style=\"color: #0000ff;\">Les Alternatifs posent le probl\u00e8me dans une perspective autogestionnaire, sous l\u2019angle de pratiques de d\u00e9mocratie active. <\/span><\/em><\/strong><\/p>\n<p style=\"text-align: justify;\"><strong><em><span style=\"color: #0000ff;\">Nous publions ci\u00a0-dessous un texte de notre camarade Bruno DELLA SUDDA, en introduction \u00e0 un atelier de l\u2019Universit\u00e9 d\u2019\u00e9t\u00e9 2010 de la FASE, \u00e0 AUBAGNE. <\/span><\/em><\/strong><\/p>\n<p style=\"text-align: justify;\"><strong><em><span style=\"color: #0000ff;\">Ce texte reprend,\u00a0\u00a0sur cette question, les orientations\u00a0 travaill\u00e9es \u00e0 l\u2019occasion \u00a0de notre Congr\u00e8s de Lyon (2008). <\/span><\/em><\/strong><\/p>\n<p style=\"text-align: justify;\"><strong><em><span style=\"color: #0000ff;\">.\u00a0\u00a0<strong><em>Elles sont le reflet d\u2019une r\u00e9flexion collective men\u00e9e \u00e0 un moment donn\u00e9, et restent susceptibles d\u2019\u00eatre am\u00e9lior\u00e9es, enrichies constamment, par de nouveaux apports, d&rsquo;autres r\u00e9flexions<\/em><\/strong><\/span><\/em><\/strong><\/p>\n<p style=\"text-align: justify;\"><em><span style=\"color: #008000;\">Nous\u00a0 avons conserv\u00e9 ici la forme orale de cette intervention. <\/span><\/em><\/p>\n<p style=\"text-align: justify;\"><strong>\u00a0<\/strong><\/p>\n<h1 style=\"text-align: justify;\"><span style=\"color: #800000;\"><strong>POUR LE PARTI-MOUVEMENT<\/strong><\/span><\/h1>\n<h2 style=\"text-align: justify;\"><span style=\"color: #008000;\"><strong><em>S&rsquo;organiser ne va pas de soi<\/em><\/strong>,<\/span> tout au moins dans des structures et les cadres \u00e9tablis telles que les associations, les syndicats et les forces politiques : apr\u00e8s tout, pour mener des luttes et participer \u00e0 des mobilisations, ce n&rsquo;est pas indispensable<\/h2>\n<h2 style=\"text-align: justify;\"><span style=\"color: #808000;\"><strong><em>Et ce point de vue est renforc\u00e9 par la m\u00e9fiance g\u00e9n\u00e9ralis\u00e9e vis-\u00e0-vis de l&rsquo;ensemble des cadres \u00e9tablis,<\/em><\/strong><\/span> c&rsquo;est aujourd&rsquo;hui une donn\u00e9e lourde, li\u00e9e au processus d&rsquo;individuation mais aussi \u00e0 la crise du projet d&rsquo;\u00e9mancipation et aux pratiques de manipulation des associations et des syndicats par les forces politique de gauche, toutes tendances confondues, tous \u00e9l\u00e9ments constitutifs de la crise de la repr\u00e9sentation politique.<\/h2>\n<h2 style=\"text-align: justify;\">Pourtant, et c&rsquo;est une \u00e9vidence pour celles et ceux qui sont pr\u00e9sent-e-s ici, <span style=\"color: #808000;\"><strong>s&rsquo;organiser est indispensable<\/strong> :<\/span> le patronat et les tenants du capitalisme financier le font, &#8211; de m\u00eame que la droite qui est \u00e0 leur service -, et ce depuis pr\u00e8s de deux si\u00e8cles, <span style=\"color: #808000;\"><strong>et la construction indispensable d&rsquo;un rapport de force, pour r\u00e9sister et passer \u00e0 la contre-offensive, nous impose de nous organiser<\/strong>.<\/span><\/h2>\n<h2 style=\"text-align: justify;\">C&rsquo;est vrai de mani\u00e8re g\u00e9n\u00e9rale<\/h2>\n<h2 style=\"text-align: justify;\">Et c&rsquo;est vrai aussi de mani\u00e8re particuli\u00e8re, sur le plan politique.<\/h2>\n<h2 style=\"text-align: justify;\">C&rsquo;est ce qui fonde l&rsquo;option du \u00ab <span style=\"color: #808000;\"><strong><em>parti-mouvement<\/em><\/strong><\/span> \u00bb.<\/h2>\n<h2 style=\"text-align: justify;\">Pour traiter le sujet de ce d\u00e9bat, quelques \u00e9l\u00e9ments de r\u00e9flexion\u00a0 sur <!--more-->le lien entre ce \u00ab parti-mouvement \u00bb et les mobilisations, ainsi que le lien avec les institutions.<\/h2>\n<h2 style=\"text-align: justify;\"><span style=\"color: #008000;\"><strong><span style=\"text-decoration: underline;\">Pourquoi un parti-mouvement ?<\/span><\/strong><\/span><\/h2>\n<h2 style=\"text-align: justify;\"><span style=\"color: #808000;\"><strong>Comment s&rsquo;organiser ?<\/strong> <\/span>R\u00e9pondre \u00e0 cette question exige de faire le lien avec le projet d&rsquo;\u00e9mancipation lui-m\u00eame et la r\u00e9f\u00e9rence \u00e0 l&rsquo;autogestion \u00e0 la fois comme pratique imm\u00e9diate et coeur du projet alternatif de soci\u00e9t\u00e9.<\/h2>\n<h2 style=\"text-align: justify;\">Ce qui ne va pas de soi non plus : on peut d&rsquo;une part pratiquer ou pr\u00e9coniser l&rsquo;autogestion sans int\u00e9grer une structure organis\u00e9e, et bien souvent d&rsquo;autre part on constate une m\u00e9fiance vis-\u00e0-vis des structures organis\u00e9es plus forte encore chez celles et ceux qui sont favorables \u00e0 l&rsquo;autogestion.<\/h2>\n<h2 style=\"text-align: justify;\">D&rsquo;o\u00f9 le d\u00e9fi de s&rsquo;organiser en tenant le plus grand compte de la crise de la forme-parti<\/h2>\n<h2 style=\"text-align: justify;\">Sur la crise de la forme parti, on rappellera ici qu&rsquo;elle est ancienne : le\u00a0 \u00ab\u00a0parti\u00a0\u00bb\u00a0 r\u00e9ellement existant a fait l&rsquo;objet d&rsquo;interrogations et de critiques dans l&rsquo;histoire du mouvement ouvrier depuis bien longtemps et en particulier il y a maintenant un si\u00e8cle (R. Luxemburg, le jeune Trotsky), avant m\u00eame le stalinisme.<\/h2>\n<h2 style=\"text-align: justify;\">Ces interrogations, ces critiques portaient sur sa <span style=\"color: #808000;\"><strong><em>bureaucratisation et son institutionnalisation<\/em><\/strong> <\/span>quant elles visaient le parti social-d\u00e9mocrate allemand, sur <span style=\"color: #808000;\"><strong><em>son autoritarisme et son substituisme<\/em><\/strong><\/span> quant elles visaient le parti bolchevik.<\/h2>\n<h2 style=\"text-align: justify;\"><span style=\"color: #808000;\"><strong>Toutes interrogations et toutes critiques<\/strong><\/span> largement accentu\u00e9es et \u00e9largies aujourd&rsquo;hui (et depuis quelques d\u00e9cennies), <strong>visant aussi<\/strong> &#8211; sans m\u00eame s&rsquo;attarder sur la caricature stalinienne- <span style=\"color: #808000;\"><strong>leur transformation en machine \u00e9lectorale, en r\u00e9ceptacle de carri\u00e9risme voire d&rsquo;affairisme, et de lieu \u00e0 la fois de d\u00e9politisation et de professionnalisation de la politique.<\/strong><\/span><\/h2>\n<h2 style=\"text-align: justify;\"><span style=\"color: #008000;\"><strong><em>Une professionnalisation de la politique<\/em><\/strong><\/span> ouvertement d\u00e9fendue et assum\u00e9e \u00e0 droite, <span style=\"color: #008000;\">mais <strong><em>sur laquelle les partis classiques de gauche sont bien discrets<\/em><\/strong>.<\/span><\/h2>\n<h2 style=\"text-align: justify;\">Il est donc impossible de reproduire l&rsquo;existant, davantage encore pour la gauche alternative et pour des autogestionnaires, pour qui la socialisation de la politique et la reconstruction d&rsquo;une citoyennet\u00e9 active sont des enjeux majeurs.<\/h2>\n<h2 style=\"text-align: justify;\">Dans le mouvement social, <span style=\"color: #008000;\"><strong><em>nombre de syndicalistes ou d&rsquo;associatifs<\/em><\/strong><\/span>, avec qui nous partageons les aspirations et les options radicales et alternatives, <strong><em>pensent,<\/em><\/strong> en s&rsquo;appuyant sur la crise de la forme-parti<span style=\"color: #008000;\"> <strong><em>que l&rsquo;organisation politique n&rsquo;est plus n\u00e9cessaire, et que s&rsquo;organiser sur le plan syndical ou associatif se suffit \u00e0 soi-m\u00eame.<\/em><\/strong><\/span><\/h2>\n<h2 style=\"text-align: justify;\"><span style=\"color: #808000;\"><strong>C&rsquo;est une erreur : l&rsquo;\u00e9laboration politique n\u00e9cessaire \u00e0 tout projet alternatif exige la construction de synth\u00e8ses auxquelles ne peuvent pr\u00e9tendre, seules, les structures syndicales et associatives.<\/strong><\/span><\/h2>\n<h2 style=\"text-align: justify;\">Celles-ci sont constitu\u00e9es sur la base d&rsquo;un objet circonscrit et d&rsquo;une d\u00e9limitation pr\u00e9cise : leur \u00e9laboration peut contribuer \u00e0 un projet, mais ne peut aller plus loin<\/h2>\n<h2 style=\"text-align: justify;\">C&rsquo;est la fonction des structures politiques que de tendre vers cette synth\u00e8se, c&rsquo;est cela qui justifie leur existence et leur sp\u00e9cificit\u00e9 qui sont irrempla\u00e7ables<\/h2>\n<h2 style=\"text-align: justify;\">D&rsquo;o\u00f9 choix du <span style=\"color: #808000;\">\u00ab\u00a0<strong>parti-mouvement<\/strong>\u00ab\u00a0<\/span>, c&rsquo;est-\u00e0-dire <span style=\"color: #808000;\"><strong>d&rsquo;une force politique qui tend \u00e0 assumer la triple fonction n\u00e9cessaire du parti politique d&rsquo;autrefois dans ce qu&rsquo;il a pu apporter de meilleur dans l&rsquo;histoire ouvri\u00e8re : l&rsquo;ancrage populaire, la fonction de synth\u00e8se et de m\u00e9moire, la socialisation<\/strong><\/span><\/h2>\n<h2 style=\"text-align: justify;\">Mais <span style=\"color: #808000;\"><strong>cette force doit<\/strong><\/span> alors et imm\u00e9diatement <span style=\"color: #808000;\"><strong>rompre d\u00e8s sa constitution avec la forme, le fonctionnement et les pratiques du parti d&rsquo;autrefois, pyramidal et autoritaire, bureaucratis\u00e9 et institutionnalis\u00e9 \/ int\u00e9gr\u00e9 \u00e0 l&rsquo;appareil d&rsquo;Etat.<\/strong><\/span><\/h2>\n<h2 style=\"text-align: justify;\"><span style=\"color: #008000;\"><strong><em>Ce qui exige la pratique de l&rsquo;autogestion et de la plus grande d\u00e9mocratie en interne, un vrai pluralisme originel, un large droit \u00e0 exp\u00e9rimentation, le principe d&rsquo;\u00e9galit\u00e9 dans ses relations avec les autres structures associatives, syndicales et politiques les coop\u00e9rations horizontales pratiqu\u00e9es dans les forums sociaux et le mouvement altermondialiste.<\/em><\/strong><\/span><\/h2>\n<h2 style=\"text-align: justify;\">Ainsi, mi-parti (par la reprise des fonctions \u00e9voqu\u00e9es pr\u00e9c\u00e9demment) mi-mouvement (par ses pratiques et son fonctionnement), cette force politique ne serait pas pour autant un simple mouvement, cette notion renvoyant \u00e0 une dimension instable, non enracin\u00e9e et sans prise sur le r\u00e9el.<\/h2>\n<h2 style=\"text-align: justify;\"><span style=\"color: #008000;\"><strong><span style=\"text-decoration: underline;\">Parti-mouvement : quel lien avec les institutions, quel r\u00f4le dans les mobilisations ?<\/span><\/strong><\/span><\/h2>\n<h2 style=\"text-align: justify;\">Dans l&rsquo;optique de l&rsquo;autogestion, nous devons d\u00e9mocratiser autant que faire se peut les institutions actuelles mais sans illusion sur la possibilit\u00e9 de les refondre radicalement dans la cadre actuel des institutions de la V\u00b0 r\u00e9publique, ce qui est pourtant n\u00e9cessaire ; aucun changement de nature n&rsquo;est possible dans le cadre de l&rsquo;Etat bourgeois et d&rsquo;une constitution r\u00e9actionnaire<\/h2>\n<h2 style=\"text-align: justify;\"><span style=\"color: #008000;\"><strong><em>C&rsquo;est une nouvelle architecture institutionnelle qui est \u00e0 l&rsquo;ordre du jour, dans un autre cadre constitutionnel.<\/em><\/strong><\/span><\/h2>\n<h2 style=\"text-align: justify;\">En ce sens, le slogan de r\u00e9volution par les urnes est une impasse absurde dans le sens qu&rsquo;elle peut entretenir l&rsquo;illusion sur les institutions existantes.<\/h2>\n<h2 style=\"text-align: justify;\">Mais m\u00eame une refonte radicale des institutions combin\u00e9e \u00e0 un projet constitutionnel alternatif (\u00e0 double \u00e9chelle : elle doit se d\u00e9cliner aussi pour l&rsquo;UE) ne suffit pas <strong>: <\/strong><span style=\"color: #808000;\"><strong>la d\u00e9mocratie active et l&rsquo;autogestion<\/strong> <\/span>(avec un r\u00e9seau de forums citoyens) <span style=\"color: #808000;\"><strong>doivent compl\u00e9ter la d\u00e9mocratie repr\u00e9sentative,<\/strong><\/span> y compris dans une articulation conflictuelle.<\/h2>\n<h2 style=\"text-align: justify;\">Ne pas ignorer la d\u00e9mocratie repr\u00e9sentative telle qu&rsquo;elle est, ne pas se contenter des \u00e9lections actuelles et d&rsquo;une pr\u00e9sence dans les institutions r\u00e9duites \u00e0 une tribune ? Bien s\u00fbr : on peut et on doit tenter d\u00e8s aujourd&rsquo;hui d&rsquo;orienter diff\u00e9remment les politiques publiques, mais sans illusion sur les processus \u00e9lectoraux et encore moins sur les institutions actuelles<\/h2>\n<h2 style=\"text-align: justify;\">La vigilance s&rsquo;impose d&rsquo;autant plus que les institutions ont une redoutable capacit\u00e9 \u00e0 dig\u00e9rer les contestations, \u00e0 domestiquer les \u00e9lu-e-s indociles : les pratiques client\u00e9listes, le carri\u00e9risme et les connivences avec la droite ne sont pas h\u00e9las, \u00e0 gauche, le domaine r\u00e9serv\u00e9 des \u00e9lus socialistes.<\/h2>\n<h2 style=\"text-align: justify;\">Cette vigilance doit s&rsquo;exercer \u00e0 un double niveau : celui de la cit\u00e9 (forums et conseils) et du \u00ab parti-mouvement \u00bb lui-m\u00eame (avec le travail en \u00e9quipe, le strict non-cumul des mandats, pas plus de 2 mandats cons\u00e9cutifs : pas d&rsquo;\u00e9lu \u00e9lectron libre).<\/h2>\n<h2 style=\"text-align: justify;\">Quant aux <span style=\"color: #808000;\"><strong>mobilisations citoyennes et aux mouvements sociaux, les unes et les autres doivent constituer la priorit\u00e9 d&rsquo;un \u00ab parti-mouvement \u00bb, mais en rupture totale et d\u00e9finitive avec le comportement h\u00e9g\u00e9monique des partis classiques et la conception du parti-dirigeant\/parti-\u00e9tat ,<\/strong><\/span><\/h2>\n<h2 style=\"text-align: justify;\">Les membres du \u00ab parti-mouvement \u00bb animent, mais ne dirigent ni les luttes ni les structures associatives et syndicales dans lesquelles ils et elles proposent un fonctionnement autog\u00e9r\u00e9.<\/h2>\n<h2 style=\"text-align: justify;\">Pas de fraction syndicale ou associative !<\/h2>\n<h2 style=\"text-align: justify;\">Pratiques altermondialistes, auto-organisation et souci de la d\u00e9marche citoyenne, comme dans les forums sociaux, les campagnes de type TCE\/poste\/retraites dans lesquelles les collectifs citoyens permettent l&rsquo;\u00e9largissement de la participation et le d\u00e9passement des cartels d&rsquo;organisations.<\/h2>\n<h2 style=\"text-align: justify;\">L&rsquo; \u00e9laboration d&rsquo;un projet alternatif exige la confrontation d&rsquo;exp\u00e9riences \u00e0 toutes \u00e9chelles ; un \u00ab parti-mouvement \u00bb doit se lier \u00e0 ces t\u00e2ches, \u00eatre pr\u00eat \u00e0 son propre d\u00e9passement en toutes circonstances, et ces caract\u00e9ristiques doivent accompagner son pluralisme d\u00e8s sa constitution, rendant possible la participation \u00e0 part enti\u00e8re de syndicalistes et d&rsquo;associatifs \u00e0 un tel projet politique.<\/h2>\n<h2 style=\"text-align: justify;\"><span style=\"color: #0000ff;\"><strong>Bruno Della Sudda <\/strong>\u00a0(Les Alternatifs 06)<\/span><\/h2>\n<gcse:search><\/gcse:search>","protected":false},"excerpt":{"rendered":"<p>Crise des Institutions, crise des organisations, quelles pistes rechercher\u00a0? Les Alternatifs posent le probl\u00e8me dans une perspective autogestionnaire, sous l\u2019angle de pratiques de d\u00e9mocratie active. Nous publions ci\u00a0-dessous un texte de notre camarade Bruno DELLA SUDDA, en introduction \u00e0 un atelier de l\u2019Universit\u00e9 d\u2019\u00e9t\u00e9 2010 de la FASE, \u00e0 AUBAGNE. Ce texte reprend,\u00a0\u00a0sur cette question, [&hellip;]<\/p>\n","protected":false},"author":1,"featured_media":0,"comment_status":"open","ping_status":"closed","sticky":true,"template":"","format":"standard","meta":{"footnotes":""},"categories":[15,5,6],"tags":[34,398,103,161],"class_list":["post-2122","post","type-post","status-publish","format-standard","hentry","category-autogestion","category-les-alters-kezako","category-notre-projet","tag-alternatifs","tag-autogestion","tag-demarche-citoyenne","tag-parti-mouvement"],"_links":{"self":[{"href":"https:\/\/alternatifs81.fr\/index.php?rest_route=\/wp\/v2\/posts\/2122","targetHints":{"allow":["GET"]}}],"collection":[{"href":"https:\/\/alternatifs81.fr\/index.php?rest_route=\/wp\/v2\/posts"}],"about":[{"href":"https:\/\/alternatifs81.fr\/index.php?rest_route=\/wp\/v2\/types\/post"}],"author":[{"embeddable":true,"href":"https:\/\/alternatifs81.fr\/index.php?rest_route=\/wp\/v2\/users\/1"}],"replies":[{"embeddable":true,"href":"https:\/\/alternatifs81.fr\/index.php?rest_route=%2Fwp%2Fv2%2Fcomments&post=2122"}],"version-history":[{"count":0,"href":"https:\/\/alternatifs81.fr\/index.php?rest_route=\/wp\/v2\/posts\/2122\/revisions"}],"wp:attachment":[{"href":"https:\/\/alternatifs81.fr\/index.php?rest_route=%2Fwp%2Fv2%2Fmedia&parent=2122"}],"wp:term":[{"taxonomy":"category","embeddable":true,"href":"https:\/\/alternatifs81.fr\/index.php?rest_route=%2Fwp%2Fv2%2Fcategories&post=2122"},{"taxonomy":"post_tag","embeddable":true,"href":"https:\/\/alternatifs81.fr\/index.php?rest_route=%2Fwp%2Fv2%2Ftags&post=2122"}],"curies":[{"name":"wp","href":"https:\/\/api.w.org\/{rel}","templated":true}]}}