{"id":20450,"date":"2018-06-03T16:42:22","date_gmt":"2018-06-03T15:42:22","guid":{"rendered":"http:\/\/alternatifs81.fr\/?p=20450"},"modified":"2018-08-26T10:44:42","modified_gmt":"2018-08-26T09:44:42","slug":"marees-populaires-de-belles-initiatives-citoyennes-communique-de-presse-des-organisateurs","status":"publish","type":"post","link":"https:\/\/alternatifs81.fr\/?p=20450","title":{"rendered":"Mar\u00e9es populaires : de belles initiatives citoyennes ! Communiqu\u00e9 de presse des organisateurs"},"content":{"rendered":"<div class=\"main\">\n<div class=\"wrapper hfeed\">\n<div id=\"content\" class=\"content hentry\">\n<div class=\"texte surlignable clearfix\">\n<h2><a href=\"http:\/\/alternatifs81.fr\/wp-content\/uploads\/COURS-JUPITER-LE-VIEUX-MONDE-EST-DERRIERE-TOI.jpg\" rel=\"lightbox[20450]\"><img loading=\"lazy\" decoding=\"async\" class=\"alignleft wp-image-20452 size-medium\" src=\"http:\/\/alternatifs81.fr\/wp-content\/uploads\/COURS-JUPITER-LE-VIEUX-MONDE-EST-DERRIERE-TOI-212x300.jpg\" alt=\"\" width=\"212\" height=\"300\" srcset=\"https:\/\/alternatifs81.fr\/wp-content\/uploads\/COURS-JUPITER-LE-VIEUX-MONDE-EST-DERRIERE-TOI-212x300.jpg 212w, https:\/\/alternatifs81.fr\/wp-content\/uploads\/COURS-JUPITER-LE-VIEUX-MONDE-EST-DERRIERE-TOI-768x1086.jpg 768w, https:\/\/alternatifs81.fr\/wp-content\/uploads\/COURS-JUPITER-LE-VIEUX-MONDE-EST-DERRIERE-TOI-724x1024.jpg 724w, https:\/\/alternatifs81.fr\/wp-content\/uploads\/COURS-JUPITER-LE-VIEUX-MONDE-EST-DERRIERE-TOI.jpg 1654w\" sizes=\"auto, (max-width: 212px) 100vw, 212px\" \/><\/a>\u00a0\u00a0\u00a0\u00a0\u00a0 Les mouvements citoyens, associatifs, syndicaux et politiques se f\u00e9licitent des mar\u00e9es populaires du samedi 26 mai.<\/h2>\n<h2>Ce sont pr\u00e8s de 80 organisations qui, en unissant leurs forces, ont rassembl\u00e9 des centaines de milliers de manifestantes et manifestants partout sur le territoire. Dans leur diversit\u00e9, ils et elles ont d\u00e9fil\u00e9 pour exiger plus d\u2019\u00e9galit\u00e9, de justice sociale, d\u2019\u00e9cologie et de solidarit\u00e9 et donc une toute autre politique que celle du gouvernement.<\/h2>\n<h2>Ce d\u00e9ferlement populaire porte l\u2019espoir d\u2019alternatives sociales. Il\u00a0\u00a0 <a href=\"http:\/\/alternatifs81.fr\/wp-content\/uploads\/51794791_p-2.jpg\" rel=\"lightbox[20450]\"><img loading=\"lazy\" decoding=\"async\" class=\"alignright wp-image-20456 size-medium\" src=\"http:\/\/alternatifs81.fr\/wp-content\/uploads\/51794791_p-2-222x300.jpg\" alt=\"\" width=\"222\" height=\"300\" \/><\/a>t\u00e9moigne de la d\u00e9termination des citoyen.ne.s \u00e0 rompre avec les choix d\u2019Emmanuel Macron, une politique au service du patronat qui vise \u00e0 imposer toujours plus d\u2019aust\u00e9rit\u00e9 en mati\u00e8re de service public, de protection sociale et de garanties collectives, et de reculs sur la sant\u00e9 et la protection de l\u2019environnement (&#8230;).<\/h2>\n<h2>Fortes de ces initiatives, les organisations appellent \u00e0 une amplification du mouvement social et s\u2019engagent, chacune dans leurs champs respectifs, \u00e0 soutenir et \u00e0 d\u00e9velopper toutes les luttes en cours, dans les entreprises, les services, les lieux d\u2019\u00e9tudes et aux c\u00f4t\u00e9s des pr\u00e9caires, priv\u00e9s d\u2019emploi et retrait\u00e9.es.\u00a0 <!--more--><\/h2>\n<h2><a href=\"http:\/\/alternatifs81.fr\/wp-content\/uploads\/14657375_779420622208906_1265625772433124771_n-1.jpg\" rel=\"lightbox[20450]\"><img loading=\"lazy\" decoding=\"async\" class=\"alignleft wp-image-20455 size-medium\" src=\"http:\/\/alternatifs81.fr\/wp-content\/uploads\/14657375_779420622208906_1265625772433124771_n-1-300x234.jpg\" alt=\"\" width=\"300\" height=\"234\" srcset=\"https:\/\/alternatifs81.fr\/wp-content\/uploads\/14657375_779420622208906_1265625772433124771_n-1-300x234.jpg 300w, https:\/\/alternatifs81.fr\/wp-content\/uploads\/14657375_779420622208906_1265625772433124771_n-1.jpg 480w\" sizes=\"auto, (max-width: 300px) 100vw, 300px\" \/><\/a>\u00a0\u00a0\u00a0\u00a0 Nos forces sont engag\u00e9es pour la d\u00e9fense du service public ferroviaire, pour un\u00a0\u00a0\u00a0\u00a0\u00a0\u00a0 enseignement sup\u00e9rieur accessible \u00e0 toutes et tous, pour les services publics et la d\u00e9fense des droits des salari\u00e9.es du public comme du priv\u00e9, pour les droits des migrant.es, pour l\u2019avenir des g\u00e9n\u00e9rations futures.<\/h2>\n<h2>Les organisations partageant le constat d\u2019une r\u00e9elle urgence sociale d\u00e9cident de poursuivre le travail engag\u00e9 afin de faire grandir le mouvement social contre les politiques de casses sociales et environnementales et pour le progr\u00e8s social. Elles discuteront rapidement des formes pr\u00e9cises que ce travail en commun peut prendre.<\/h2>\n<\/div>\n<\/div>\n<\/div>\n<\/div>\n<p>&nbsp;<\/p>\n<gcse:search><\/gcse:search>","protected":false},"excerpt":{"rendered":"<p>\u00a0\u00a0\u00a0\u00a0\u00a0 Les mouvements citoyens, associatifs, syndicaux et politiques se f\u00e9licitent des mar\u00e9es populaires du samedi 26 mai. Ce sont pr\u00e8s de 80 organisations qui, en unissant leurs forces, ont rassembl\u00e9 des centaines de milliers de manifestantes et manifestants partout sur le territoire. Dans leur diversit\u00e9, ils et elles ont d\u00e9fil\u00e9 pour exiger plus d\u2019\u00e9galit\u00e9, de [&hellip;]<\/p>\n","protected":false},"author":1,"featured_media":0,"comment_status":"open","ping_status":"open","sticky":false,"template":"","format":"standard","meta":{"footnotes":""},"categories":[9,126],"tags":[43,103,23],"class_list":["post-20450","post","type-post","status-publish","format-standard","hentry","category-communiques","category-gauche-de-combat","tag-appel","tag-demarche-citoyenne","tag-luttes"],"_links":{"self":[{"href":"https:\/\/alternatifs81.fr\/index.php?rest_route=\/wp\/v2\/posts\/20450","targetHints":{"allow":["GET"]}}],"collection":[{"href":"https:\/\/alternatifs81.fr\/index.php?rest_route=\/wp\/v2\/posts"}],"about":[{"href":"https:\/\/alternatifs81.fr\/index.php?rest_route=\/wp\/v2\/types\/post"}],"author":[{"embeddable":true,"href":"https:\/\/alternatifs81.fr\/index.php?rest_route=\/wp\/v2\/users\/1"}],"replies":[{"embeddable":true,"href":"https:\/\/alternatifs81.fr\/index.php?rest_route=%2Fwp%2Fv2%2Fcomments&post=20450"}],"version-history":[{"count":0,"href":"https:\/\/alternatifs81.fr\/index.php?rest_route=\/wp\/v2\/posts\/20450\/revisions"}],"wp:attachment":[{"href":"https:\/\/alternatifs81.fr\/index.php?rest_route=%2Fwp%2Fv2%2Fmedia&parent=20450"}],"wp:term":[{"taxonomy":"category","embeddable":true,"href":"https:\/\/alternatifs81.fr\/index.php?rest_route=%2Fwp%2Fv2%2Fcategories&post=20450"},{"taxonomy":"post_tag","embeddable":true,"href":"https:\/\/alternatifs81.fr\/index.php?rest_route=%2Fwp%2Fv2%2Ftags&post=20450"}],"curies":[{"name":"wp","href":"https:\/\/api.w.org\/{rel}","templated":true}]}}