{"id":20421,"date":"2018-05-30T13:29:18","date_gmt":"2018-05-30T12:29:18","guid":{"rendered":"http:\/\/alternatifs81.fr\/?p=20421"},"modified":"2018-06-24T14:28:07","modified_gmt":"2018-06-24T13:28:07","slug":"samedi-9-juin-2018-cercle-de-silence-mazamet","status":"publish","type":"post","link":"https:\/\/alternatifs81.fr\/?p=20421","title":{"rendered":"Samedi 9 juin 2018, Cercle de Silence MAZAMET"},"content":{"rendered":"<h2>Bonjour<\/h2>\n<h2><a href=\"http:\/\/alternatifs81.fr\/wp-content\/uploads\/Cercle-Silence-300x292-1.png\" rel=\"lightbox[20421]\"><img loading=\"lazy\" decoding=\"async\" class=\"alignleft wp-image-19098 size-full\" src=\"http:\/\/alternatifs81.fr\/wp-content\/uploads\/Cercle-Silence-300x292-1.png\" alt=\"\" width=\"300\" height=\"292\" \/><\/a>\u00a0\u00a0\u00a0\u00a0\u00a0 Membres participants au Cercle de Silence de Mazamet depuis le 13 f\u00e9vrier 2010,<\/h2>\n<ul>\n<li>\n<h2>nous avons particip\u00e9 aux Etats G\u00e9n\u00e9raux des Migrations du Tarn le 3 mars 2018 \u00e0 Graulhet<\/h2>\n<\/li>\n<li>\n<h2>nous revendiquons une politique migratoire respectueuse des droits fondamentaux et de la dignit\u00e9 des personnes, <em>(en lien avec les 101 assembl\u00e9es et 10 000 personnes partie prenantes des Etats G\u00e9n\u00e9raux des Migrations du 27 mai 2018) <\/em>:<\/h2>\n<\/li>\n<\/ul>\n<h2><strong><u>Un respect des principes suivants\u00a0:<br \/>\n<\/u><\/strong><\/h2>\n<ol>\n<li>\n<h2><span style=\"color: #808000;\">Un accueil digne des nouveaux arrivants\u00a0\u00a0\u00a0\u00a0\u00a0\u00a0\u00a0\u00a0\u00a0\u00a0\u00a0 <a href=\"http:\/\/alternatifs81.fr\/wp-content\/uploads\/accueillons-les-r\u00e9fugi\u00e9s-2-2.jpg\" rel=\"lightbox[20421]\"><img loading=\"lazy\" decoding=\"async\" class=\"alignright wp-image-20422 size-medium\" src=\"http:\/\/alternatifs81.fr\/wp-content\/uploads\/accueillons-les-r\u00e9fugi\u00e9s-2-2-188x300.jpg\" alt=\"\" width=\"188\" height=\"300\" srcset=\"https:\/\/alternatifs81.fr\/wp-content\/uploads\/accueillons-les-r\u00e9fugi\u00e9s-2-2-188x300.jpg 188w, https:\/\/alternatifs81.fr\/wp-content\/uploads\/accueillons-les-r\u00e9fugi\u00e9s-2-2-768x1228.jpg 768w, https:\/\/alternatifs81.fr\/wp-content\/uploads\/accueillons-les-r\u00e9fugi\u00e9s-2-2-641x1024.jpg 641w, https:\/\/alternatifs81.fr\/wp-content\/uploads\/accueillons-les-r\u00e9fugi\u00e9s-2-2.jpg 800w\" sizes=\"auto, (max-width: 188px) 100vw, 188px\" \/><\/a><br \/>\n<\/span><\/h2>\n<\/li>\n<li>\n<h2><span style=\"color: #808000;\">Un respect du droit d\u2019asile effectif, qui ne soit plus pr\u00e9texte \u00e0 une logique de tri<\/span><\/h2>\n<\/li>\n<li>\n<h2><span style=\"color: #808000;\">Vers une \u00e9galit\u00e9 des droits entre Fran\u00e7ais\u00b7e\u00b7s et \u00e9tranger\u00b7\u00e8re\u00b7s pr\u00e9sent\u00b7e\u00b7s sur le territoire<\/span><\/h2>\n<\/li>\n<li>\n<h2><span style=\"color: #808000;\">Une reconnaissance des initiatives citoyennes dans l\u2019accueil et le soutien aux personnes \u00e9trang\u00e8res<\/span><\/h2>\n<h2><span style=\"color: #808000;\">5. Modification des r\u00e8gles concernant l\u2019acc\u00e8s au territoire fran\u00e7ais et des politiques europ\u00e9ennes et internationales<\/span><\/h2>\n<\/li>\n<\/ol>\n<h2><\/h2>\n<h2>Dans ce but, nous serons pr\u00e9sents samedi 9 juin de 10h30 \u00e0 11h30 sur le march\u00e9 de Mazamet , comme nous le faisons tous les 2<sup>\u00e8mes<\/sup> samedis de chaque mois. . .<\/h2>\n<p><!--more--><\/p>\n<h2><a href=\"http:\/\/alternatifs81.fr\/wp-content\/uploads\/Aucun-r\u00e9fugi\u00e9-ne-quitte-son-pays.jpg\" rel=\"lightbox[20421]\"><img loading=\"lazy\" decoding=\"async\" class=\"alignleft wp-image-20423 size-medium\" src=\"http:\/\/alternatifs81.fr\/wp-content\/uploads\/Aucun-r\u00e9fugi\u00e9-ne-quitte-son-pays-188x300.jpg\" alt=\"\" width=\"188\" height=\"300\" srcset=\"https:\/\/alternatifs81.fr\/wp-content\/uploads\/Aucun-r\u00e9fugi\u00e9-ne-quitte-son-pays-188x300.jpg 188w, https:\/\/alternatifs81.fr\/wp-content\/uploads\/Aucun-r\u00e9fugi\u00e9-ne-quitte-son-pays.jpg 602w\" sizes=\"auto, (max-width: 188px) 100vw, 188px\" \/><\/a>\u00a0\u00a0\u00a0\u00a0 \u00c9videmment nous soutenons aussi toutes les initiatives allant dans le m\u00eame sens, comme <strong><em>la marche Solidaire pour les Migrant.e.s<\/em><\/strong> de Vintimille \u00e0 Londres organis\u00e9e par <em>l\u2019Auberge des Migrants de Calais,<\/em> \u00e0 laquelle des tarnais de Mazamet, Albi et d\u2019Alban ont particip\u00e9.<\/h2>\n<h2><a href=\"https:\/\/www.laubergedesmigrants.fr\/fr\/la-marche-citoyenne\/\">https:\/\/www.laubergedesmigrants.fr\/fr\/la-marche-citoyenne\/<\/a><\/h2>\n<h2><a href=\"https:\/\/twitter.com\/ajplusfrancais\/status\/1000013625069899777\">https:\/\/twitter.com\/ajplusfrancais\/status\/1000013625069899777<\/a><\/h2>\n<h2><\/h2>\n<h2><span style=\"color: #0000ff;\"><em>pour les participants au Cercle de Mazamet<\/em><\/span><\/h2>\n<h2><span style=\"color: #0000ff;\">Eric Vergniol<\/span><\/h2>\n<h2><\/h2>\n<h2><a href=\"http:\/\/alternatifs81.fr\/wp-content\/uploads\/egmigrations_socle-commun_27mai2018.pdf\">egmigrations_socle-commun_27mai2018<\/a><\/h2>\n<p>&#038;nbsp<\/p>\n<p> \tContrairement \u00e0 ce qu&rsquo;il veut faire croire, le Gouvernement condamne la Solidarit\u00e9.<\/p>\n<p>Le 23 avril 2018, au lendemain de l\u2019adoption par l\u2019assembl\u00e9e nationale du projet de loi \u00ab pour une immigration ma\u00eetris\u00e9e, un droit d\u2019asile effectif et une int\u00e9gration r\u00e9ussie \u00bb le gouvernement se f\u00e9licitait de l\u2019assouplissement des poursuites pour aide \u00e0 l\u2019entr\u00e9e, \u00e0 la circulation ou au s\u00e9jour irr\u00e9gulier issu de l\u2019adoption \u00e0 la derni\u00e8re minute d\u2019un amendement, laissant ainsi croire qu\u2019il aurait mis fin au d\u00e9lit de solidarit\u00e9.<br \/>\nPourtant il n\u2019en est rien comme l\u2019illustrent les nombreuses audiences qui ont eu lieu ou auront lieu dans les prochains jours. Elles t\u00e9moignent que bien des personnes solidaires restent consid\u00e9r\u00e9es comme \u00ab d\u00e9linquantes \u00bb. Les quelques minces exemptions introduites par cet amendement n\u2019y auraient rien chang\u00e91. Parmi celles qui ont \u00e9t\u00e9 m\u00e9diatis\u00e9es :<br \/>\n\u2022 23 mai, cour d\u2019appel d\u2019Aix-en-Provence, appel contre la d\u00e9cision du tribunal de grande instance (TGI) de Nice, le 11 mai 2017, condamnant Francesca P.pour avoir franchi la fronti\u00e8re franco-italienne avec des personnes venues d\u2019Erythr\u00e9e et du Tchad<br \/>\n\u2022 30 mai, cour d\u2019appel de Nice : Martine L. (b\u00e9n\u00e9vole d\u2019Amnesty internationale et de l\u2019Anaf\u00e9), poursuivie pour avoir accompagn\u00e9 des mineurs isol\u00e9s \u00e9trangers \u00e0 la police aux fronti\u00e8res<br \/>\n\u2022 31 mai, TGI de Gap : comparution de trois personnes, deux Suisses et une Italienne, poursuivies pour avoir franchi la fronti\u00e8re franco-italienne \u00e0 pied, \u00ab en bande organis\u00e9e \u00bb, avec des personnes exil\u00e9es.<br \/>\nCes personnes risquent une condamnation qui peut aller jusqu\u2019\u00e0 5 ans d\u2019emprisonnement et 30 000 euros d\u2019amende, voire plus pour celles accus\u00e9es d\u2019avoir agi en \u00ab bande organis\u00e9e \u00bb, comme c\u2019est le cas \u00e0 Gap.<br \/>\nD\u2019autres poursuites sont r\u00e9guli\u00e8rement engag\u00e9es sous d\u2019autres pr\u00e9textes pour \u00e9touffer la contestation contre la politique migratoire inhumaine et violente que m\u00e8ne le gouvernement comme le montrent les exemples suivants :<br \/>\n\u2022 29 mai, TGI de Boulogne-sur-Mer : la maire de Calais a port\u00e9 plainte contre Laurent M. pour avoir coll\u00e9 des affiches style Western d\u00e9noncent le refus de la maire de Calais d\u2019appliquer la d\u00e9cision du Conseil d\u2019\u00c9tat concernant l\u2019aide \u00e0 apporter aux migrants ;<br \/>\n\u2022 29 mai, TGI de Boulogne-sur-Mer : comparution d\u2019un charg\u00e9 de mission de l\u2019Auberge des migrants suite \u00e0 une plainte de deux policiers pour un tweet. La d\u00e9rision est-elle un d\u00e9lit ?<br \/>\n\u2022 4 juin, cour d\u2019appel d\u2019Amiens : 7 ans de proc\u00e9dure pour \u00ab faux et usage de faux \u00bb pour deux attestations d\u2019h\u00e9bergement<\/p>\n<gcse:search><\/gcse:search>","protected":false},"excerpt":{"rendered":"<p>Bonjour \u00a0\u00a0\u00a0\u00a0\u00a0 Membres participants au Cercle de Silence de Mazamet depuis le 13 f\u00e9vrier 2010, nous avons particip\u00e9 aux Etats G\u00e9n\u00e9raux des Migrations du Tarn le 3 mars 2018 \u00e0 Graulhet nous revendiquons une politique migratoire respectueuse des droits fondamentaux et de la dignit\u00e9 des personnes, (en lien avec les 101 assembl\u00e9es et 10 000 [&hellip;]<\/p>\n","protected":false},"author":1,"featured_media":0,"comment_status":"open","ping_status":"open","sticky":false,"template":"","format":"standard","meta":{"footnotes":""},"categories":[217],"tags":[447,43,103,50],"class_list":["post-20421","post","type-post","status-publish","format-standard","hentry","category-libertes","tag-accueil","tag-appel","tag-demarche-citoyenne","tag-discriminations"],"_links":{"self":[{"href":"https:\/\/alternatifs81.fr\/index.php?rest_route=\/wp\/v2\/posts\/20421","targetHints":{"allow":["GET"]}}],"collection":[{"href":"https:\/\/alternatifs81.fr\/index.php?rest_route=\/wp\/v2\/posts"}],"about":[{"href":"https:\/\/alternatifs81.fr\/index.php?rest_route=\/wp\/v2\/types\/post"}],"author":[{"embeddable":true,"href":"https:\/\/alternatifs81.fr\/index.php?rest_route=\/wp\/v2\/users\/1"}],"replies":[{"embeddable":true,"href":"https:\/\/alternatifs81.fr\/index.php?rest_route=%2Fwp%2Fv2%2Fcomments&post=20421"}],"version-history":[{"count":0,"href":"https:\/\/alternatifs81.fr\/index.php?rest_route=\/wp\/v2\/posts\/20421\/revisions"}],"wp:attachment":[{"href":"https:\/\/alternatifs81.fr\/index.php?rest_route=%2Fwp%2Fv2%2Fmedia&parent=20421"}],"wp:term":[{"taxonomy":"category","embeddable":true,"href":"https:\/\/alternatifs81.fr\/index.php?rest_route=%2Fwp%2Fv2%2Fcategories&post=20421"},{"taxonomy":"post_tag","embeddable":true,"href":"https:\/\/alternatifs81.fr\/index.php?rest_route=%2Fwp%2Fv2%2Ftags&post=20421"}],"curies":[{"name":"wp","href":"https:\/\/api.w.org\/{rel}","templated":true}]}}