{"id":20389,"date":"2018-05-18T20:58:48","date_gmt":"2018-05-18T19:58:48","guid":{"rendered":"http:\/\/alternatifs81.fr\/?p=20389"},"modified":"2018-11-24T23:19:31","modified_gmt":"2018-11-24T22:19:31","slug":"appel-a-une-maree-populaire-dans-le-tarn-le-26-mai","status":"publish","type":"post","link":"https:\/\/alternatifs81.fr\/?p=20389","title":{"rendered":"Appel \u00e0 une \u00ab\u00a0Mar\u00e9e Populaire\u00a0\u00bb dans le Tarn, le 26 mai"},"content":{"rendered":"<h2><a href=\"http:\/\/alternatifs81.fr\/wp-content\/uploads\/Mar\u00e9e-Populaire-Tarn.jpg\" rel=\"lightbox[20389]\"><img loading=\"lazy\" decoding=\"async\" class=\"alignleft wp-image-20391\" src=\"http:\/\/alternatifs81.fr\/wp-content\/uploads\/Mar\u00e9e-Populaire-Tarn-150x150.jpg\" alt=\"\" width=\"400\" height=\"567\" srcset=\"https:\/\/alternatifs81.fr\/wp-content\/uploads\/Mar\u00e9e-Populaire-Tarn-212x300.jpg 212w, https:\/\/alternatifs81.fr\/wp-content\/uploads\/Mar\u00e9e-Populaire-Tarn.jpg 677w\" sizes=\"auto, (max-width: 400px) 100vw, 400px\" \/><\/a>\u00a0\u00a0\u00a0 Dans le cadre de la journ\u00e9e nationale de mobilisation citoyenne pour l\u2019\u00e9galit\u00e9, la justice sociale et la solidarit\u00e9 du samedi 26 mai, 17 associations, syndicats, mouvements et partis politiques tarnais r\u00e9unis jeudi 17 mai, appellent \u00e0 des rassemblements samedi 26 mai \u00e0 10h30 \u00e0 Albi-place du Vigan et \u00e0 Castres-place Soult, et \u00e0 une convergence sur Toulouse pour la manifestation de 14h Place Jeanne d\u2019Arc.<\/h2>\n<p>&nbsp;<\/p>\n<h2>Des distributions de tracts et autres initiatives de diffusion sont pr\u00e9vues pour ce week-end et les prochains jours<\/h2>\n<h2>Un covoiturage sera organis\u00e9 depuis les manifestations tarnaises\u00a0\u00a0 <a href=\"http:\/\/alternatifs81.fr\/wp-content\/uploads\/Mar\u00e9e-Populaire-Tarn-2.jpg\" rel=\"lightbox[20389]\"><img loading=\"lazy\" decoding=\"async\" class=\"alignright wp-image-20392\" src=\"http:\/\/alternatifs81.fr\/wp-content\/uploads\/Mar\u00e9e-Populaire-Tarn-2-150x150.jpg\" alt=\"\" width=\"400\" height=\"567\" srcset=\"https:\/\/alternatifs81.fr\/wp-content\/uploads\/Mar\u00e9e-Populaire-Tarn-2-212x300.jpg 212w, https:\/\/alternatifs81.fr\/wp-content\/uploads\/Mar\u00e9e-Populaire-Tarn-2.jpg 677w\" sizes=\"auto, (max-width: 400px) 100vw, 400px\" \/><\/a>pour se rendre sur Toulouse.<\/h2>\n<h2>Une conf\u00e9rence de presse sera organis\u00e9e le mercredi 23 mai \u00e0 11h \u00e0 l\u2019Union D\u00e9partementale CGT. Les porte-paroles seront la CGT et RESF81. Les organisations y afficheront par leur pr\u00e9sence l\u2019unit\u00e9 et la diversit\u00e9 de cette mobilisation.<\/h2>\n<p>&nbsp;<\/p>\n<h2>Les organisations pr\u00e9sentes\u00a0:<\/h2>\n<h2><span style=\"color: #0000ff;\"><em>CGT, FSU, Solidaires, Parti de Gauche, Parti Communiste Fran\u00e7ais, France Insoumise, Nouveau Parti Anticapitaliste, Europe \u00c9cologie Les Verts, Ensemble! 81, G\u00e9n\u00e9ration.S, Alternatives et Autogestion, R\u00e9seau Education Sans Fronti\u00e8re 81, Jeunes Communistes Fran\u00e7aises, Jeunes Communistes Marxistes L\u00e9ninistes, Association Des \u00c9lu.e.s Communistes et R\u00e9publicains, Mouvement de la Paix, La Libre Pens\u00e9e 81<\/em><\/span><\/h2>\n<gcse:search><\/gcse:search>","protected":false},"excerpt":{"rendered":"<p>\u00a0\u00a0\u00a0 Dans le cadre de la journ\u00e9e nationale de mobilisation citoyenne pour l\u2019\u00e9galit\u00e9, la justice sociale et la solidarit\u00e9 du samedi 26 mai, 17 associations, syndicats, mouvements et partis politiques tarnais r\u00e9unis jeudi 17 mai, appellent \u00e0 des rassemblements samedi 26 mai \u00e0 10h30 \u00e0 Albi-place du Vigan et \u00e0 Castres-place Soult, et \u00e0 une [&hellip;]<\/p>\n","protected":false},"author":1,"featured_media":0,"comment_status":"open","ping_status":"open","sticky":false,"template":"","format":"standard","meta":{"footnotes":""},"categories":[126],"tags":[43,103,23],"class_list":["post-20389","post","type-post","status-publish","format-standard","hentry","category-gauche-de-combat","tag-appel","tag-demarche-citoyenne","tag-luttes"],"_links":{"self":[{"href":"https:\/\/alternatifs81.fr\/index.php?rest_route=\/wp\/v2\/posts\/20389","targetHints":{"allow":["GET"]}}],"collection":[{"href":"https:\/\/alternatifs81.fr\/index.php?rest_route=\/wp\/v2\/posts"}],"about":[{"href":"https:\/\/alternatifs81.fr\/index.php?rest_route=\/wp\/v2\/types\/post"}],"author":[{"embeddable":true,"href":"https:\/\/alternatifs81.fr\/index.php?rest_route=\/wp\/v2\/users\/1"}],"replies":[{"embeddable":true,"href":"https:\/\/alternatifs81.fr\/index.php?rest_route=%2Fwp%2Fv2%2Fcomments&post=20389"}],"version-history":[{"count":0,"href":"https:\/\/alternatifs81.fr\/index.php?rest_route=\/wp\/v2\/posts\/20389\/revisions"}],"wp:attachment":[{"href":"https:\/\/alternatifs81.fr\/index.php?rest_route=%2Fwp%2Fv2%2Fmedia&parent=20389"}],"wp:term":[{"taxonomy":"category","embeddable":true,"href":"https:\/\/alternatifs81.fr\/index.php?rest_route=%2Fwp%2Fv2%2Fcategories&post=20389"},{"taxonomy":"post_tag","embeddable":true,"href":"https:\/\/alternatifs81.fr\/index.php?rest_route=%2Fwp%2Fv2%2Ftags&post=20389"}],"curies":[{"name":"wp","href":"https:\/\/api.w.org\/{rel}","templated":true}]}}