{"id":20383,"date":"2018-05-17T14:59:44","date_gmt":"2018-05-17T13:59:44","guid":{"rendered":"http:\/\/alternatifs81.fr\/?p=20383"},"modified":"2018-11-24T23:20:01","modified_gmt":"2018-11-24T22:20:01","slug":"appel-tarnais-du-4-mai-2018","status":"publish","type":"post","link":"https:\/\/alternatifs81.fr\/?p=20383","title":{"rendered":"Appel Tarnais du 4 mai 2018"},"content":{"rendered":"<h2><a href=\"http:\/\/alternatifs81.fr\/wp-content\/uploads\/des-pav\u00e9s-1.jpg\" rel=\"lightbox[20383]\"><img loading=\"lazy\" decoding=\"async\" class=\"alignleft wp-image-20309 size-medium\" src=\"http:\/\/alternatifs81.fr\/wp-content\/uploads\/des-pav\u00e9s-1-229x300.jpg\" alt=\"\" width=\"229\" height=\"300\" srcset=\"https:\/\/alternatifs81.fr\/wp-content\/uploads\/des-pav\u00e9s-1-229x300.jpg 229w, https:\/\/alternatifs81.fr\/wp-content\/uploads\/des-pav\u00e9s-1-768x1006.jpg 768w, https:\/\/alternatifs81.fr\/wp-content\/uploads\/des-pav\u00e9s-1-782x1024.jpg 782w\" sizes=\"auto, (max-width: 229px) 100vw, 229px\" \/><\/a>Apr\u00e8s le succ\u00e8s du d\u00e9fil\u00e9 et du d\u00e9bat ouvert rassemblant \u00e0 Albi le 1er mai des organisations syndicales, politiques et des associations, les premiers signataires de l&rsquo;appel lanc\u00e9 le 24 avril dans le Tarn pour faire \u00e9chec \u00e0 la politique destructrice du gouvernement se sont rencontr\u00e9s le 4 mai 2018.<\/h2>\n<h2>Ils se d\u00e9clarent:<\/h2>\n<ul>\n<li>\n<h2>Disponibles pour \u00e9largir le cadre de l&rsquo;appel aux organisations d\u00e9partementales dans le respect de leur diff\u00e9rences.<\/h2>\n<\/li>\n<li>\n<h2>Disponibles pour partager et diffuser l&rsquo;information sur les diff\u00e9rentes luttes.<\/h2>\n<\/li>\n<li>\n<h2>Disponibles pour contribuer \u00e0 la r\u00e9ussite des initiatives prochaines (14 mai, 22 mai, 14 juin entre autres&#8230;) et \u00e0 la solidarit\u00e9 avec les cheminots en lutte.<\/h2>\n<\/li>\n<\/ul>\n<h2>Ils communiqueront prochainement sur la perspective d&rsquo;une journ\u00e9e de mobilisation le samedi 26 mai pour l&rsquo;\u00e9galit\u00e9, la justice et la solidarit\u00e9.<\/h2>\n<h2>Ils appellent les organisations politiques, syndicales et les\u00a0\u00a0\u00a0\u00a0 <a href=\"http:\/\/alternatifs81.fr\/wp-content\/uploads\/recommencer.jpg\" rel=\"lightbox[20383]\"><img loading=\"lazy\" decoding=\"async\" class=\"alignright wp-image-20310 size-medium\" src=\"http:\/\/alternatifs81.fr\/wp-content\/uploads\/recommencer-200x300.jpg\" alt=\"\" width=\"200\" height=\"300\" srcset=\"https:\/\/alternatifs81.fr\/wp-content\/uploads\/recommencer-200x300.jpg 200w, https:\/\/alternatifs81.fr\/wp-content\/uploads\/recommencer-768x1151.jpg 768w, https:\/\/alternatifs81.fr\/wp-content\/uploads\/recommencer-683x1024.jpg 683w, https:\/\/alternatifs81.fr\/wp-content\/uploads\/recommencer.jpg 800w\" sizes=\"auto, (max-width: 200px) 100vw, 200px\" \/><\/a>associations qui se reconnaissent dans les objectifs de cet appel \u00e0 le rejoindre pour renforcer et d\u00e9velopper ensemble les solidarit\u00e9s, les r\u00e9sistances, pour renforcer et d\u00e9velopper les convergences.<\/h2>\n<h2><span style=\"color: #0000ff;\"><strong><em>Alternatives et Autogestion &#8211; Association D\u00e9partementale des Elus et Communistes R\u00e9publicains (ADECR)\u2013 Europe Ecologie Les Verts ( EELV)- Ensemble \u2013 F\u00e9d\u00e9ration Syndicale Unitaire (FSU)- G\u00e9n\u00e9ration S\u00a0 &#8211; Mouvement des Jeunes Communistes de France (MJCF) &#8211; Nouveau Parti Anticapitaliste (NPA)- Parti Communiste Fran\u00e7ais (PCF)- R\u00e9seau \u00c9ducation Sans Fronti\u00e8res (RESF)- Union D\u00e9partementale de la Conf\u00e9d\u00e9ration G\u00e9n\u00e9rale du Travail (UD CGT).<\/em><\/strong><\/span><\/h2>\n<gcse:search><\/gcse:search>","protected":false},"excerpt":{"rendered":"<p>Apr\u00e8s le succ\u00e8s du d\u00e9fil\u00e9 et du d\u00e9bat ouvert rassemblant \u00e0 Albi le 1er mai des organisations syndicales, politiques et des associations, les premiers signataires de l&rsquo;appel lanc\u00e9 le 24 avril dans le Tarn pour faire \u00e9chec \u00e0 la politique destructrice du gouvernement se sont rencontr\u00e9s le 4 mai 2018. Ils se d\u00e9clarent: Disponibles pour [&hellip;]<\/p>\n","protected":false},"author":1,"featured_media":0,"comment_status":"open","ping_status":"open","sticky":false,"template":"","format":"standard","meta":{"footnotes":""},"categories":[21],"tags":[43,103,23,474],"class_list":["post-20383","post","type-post","status-publish","format-standard","hentry","category-les-alters-dans-les-luttes","tag-appel","tag-demarche-citoyenne","tag-luttes","tag-unite-daction"],"_links":{"self":[{"href":"https:\/\/alternatifs81.fr\/index.php?rest_route=\/wp\/v2\/posts\/20383","targetHints":{"allow":["GET"]}}],"collection":[{"href":"https:\/\/alternatifs81.fr\/index.php?rest_route=\/wp\/v2\/posts"}],"about":[{"href":"https:\/\/alternatifs81.fr\/index.php?rest_route=\/wp\/v2\/types\/post"}],"author":[{"embeddable":true,"href":"https:\/\/alternatifs81.fr\/index.php?rest_route=\/wp\/v2\/users\/1"}],"replies":[{"embeddable":true,"href":"https:\/\/alternatifs81.fr\/index.php?rest_route=%2Fwp%2Fv2%2Fcomments&post=20383"}],"version-history":[{"count":0,"href":"https:\/\/alternatifs81.fr\/index.php?rest_route=\/wp\/v2\/posts\/20383\/revisions"}],"wp:attachment":[{"href":"https:\/\/alternatifs81.fr\/index.php?rest_route=%2Fwp%2Fv2%2Fmedia&parent=20383"}],"wp:term":[{"taxonomy":"category","embeddable":true,"href":"https:\/\/alternatifs81.fr\/index.php?rest_route=%2Fwp%2Fv2%2Fcategories&post=20383"},{"taxonomy":"post_tag","embeddable":true,"href":"https:\/\/alternatifs81.fr\/index.php?rest_route=%2Fwp%2Fv2%2Ftags&post=20383"}],"curies":[{"name":"wp","href":"https:\/\/api.w.org\/{rel}","templated":true}]}}