{"id":20368,"date":"2018-04-14T20:58:36","date_gmt":"2018-04-14T19:58:36","guid":{"rendered":"http:\/\/alternatifs81.fr\/?p=20368"},"modified":"2018-11-24T23:20:47","modified_gmt":"2018-11-24T22:20:47","slug":"distinguido-senor-billet-dhumeur-de-jerome-vialaret","status":"publish","type":"post","link":"https:\/\/alternatifs81.fr\/?p=20368","title":{"rendered":"DISTINGUIDO SE\u00d1OR, billet d&rsquo;humeur de J\u00e9r\u00f4me VIALARET"},"content":{"rendered":"<h2>\u00a0<a href=\"http:\/\/alternatifs81.fr\/wp-content\/uploads\/Catala-drapeau-independantiste.jpg\" rel=\"lightbox[20368]\"><img loading=\"lazy\" decoding=\"async\" class=\"alignleft wp-image-19816 size-medium\" src=\"http:\/\/alternatifs81.fr\/wp-content\/uploads\/Catala-drapeau-independantiste-300x178.jpg\" alt=\"\" width=\"300\" height=\"178\" srcset=\"https:\/\/alternatifs81.fr\/wp-content\/uploads\/Catala-drapeau-independantiste-300x178.jpg 300w, https:\/\/alternatifs81.fr\/wp-content\/uploads\/Catala-drapeau-independantiste.jpg 499w\" sizes=\"auto, (max-width: 300px) 100vw, 300px\" \/><\/a>\u00a0\u00a0 Pour justifier son coup d&rsquo;Etat du 2-D\u00e9cembre, le \u00abprince-pr\u00e9sident\u00bb, de funeste m\u00e9moire, avait, dans une formule c\u00e9l\u00e8bre, remerci\u00e9 la France d&rsquo;avoir compris qu&rsquo;il n&rsquo;\u00e9tait \u00absorti de la l\u00e9galit\u00e9 que pour entrer dans le droit\u00bb. Il fallait oser. Encore cela d\u00e9notait-il une prise de conscience (bien hypocrite je vous le conc\u00e8de) que ce qui avait \u00e9t\u00e9 commis \u00e9tait difficilement d\u00e9fendable, et une path\u00e9tique &#8211; sinon louable ! &#8211; tentative de se raccrocher aux branches.<\/h2>\n<h2>Vous m\u00eame, distinguido se\u00f1or Llarena, n&rsquo;avez point de tels scrupules. Il faut vous en f\u00e9liciter.<\/h2>\n<h2>Ne vous embarrassant gu\u00e8re du droit (qu&rsquo;aurait \u00e0 faire le droit dans un proc\u00e8s politique ?), vous ne sortez de la l\u00e9galit\u00e9 que pour patauger dans l&rsquo;arbitraire. Vous venez d&rsquo;en faire l&rsquo;aveu, presque ing\u00e9nu,en justifiant le mauvais sort qu&rsquo;il vous pla\u00eet de r\u00e9server \u00e0 Jordi Sanchez, que le Parlement de \u00a0Catalogne persiste, vaille que vaille, \u00e0 proposer \u00e0 la Pr\u00e9sidence de la Generalitat&#8230; pr\u00e9cis\u00e9ment par votre opposition \u00e0 ce qu&rsquo;il s&rsquo;y pr\u00e9sente !<\/h2>\n<p><!--more--><\/p>\n<h2>Ainsi, avec ses gros sabots, la politique confesse sans rougir son\u00a0\u00a0 <a href=\"http:\/\/alternatifs81.fr\/wp-content\/uploads\/SOLIDARITAT-AMB-EL-POBLE-CATALAN.jpg\" rel=\"lightbox[20368]\"><img loading=\"lazy\" decoding=\"async\" class=\"alignright wp-image-19800 size-medium\" src=\"http:\/\/alternatifs81.fr\/wp-content\/uploads\/SOLIDARITAT-AMB-EL-POBLE-CATALAN-213x300.jpg\" alt=\"\" width=\"213\" height=\"300\" srcset=\"https:\/\/alternatifs81.fr\/wp-content\/uploads\/SOLIDARITAT-AMB-EL-POBLE-CATALAN-213x300.jpg 213w, https:\/\/alternatifs81.fr\/wp-content\/uploads\/SOLIDARITAT-AMB-EL-POBLE-CATALAN.jpg 510w\" sizes=\"auto, (max-width: 213px) 100vw, 213px\" \/><\/a>r\u00f4le primordial dans la judiciarisation du processus d&rsquo;ind\u00e9pendance de la Catalogne. Exit les codes, exit la loi, vous reconnaissez, monsieur le Juge, et donnez \u00e0 savoir \u00e0 tous, que vous n&rsquo;\u00eates que l&rsquo;instrument servile entre les mains du gouvernement central.<\/h2>\n<h2>N&rsquo;en rougissez point, vous \u00eates en bonne compagnie. De nombreux magistrats ont fait, avant vous, un choix tout similaire. Notre propre histoire n&rsquo;en est pas exempte, dont la Grande R\u00e9volution a longtemps glorifi\u00e9 le nom de l&rsquo;in\u00e9narrable Fouquier-Tinville&#8230; comme l&rsquo;URSS, un si\u00e8cle et demi plus tard, celui du bienveillant procureur Vychinski. Pardonnez-moi, monsieur le Juge, de choisir bien malgr\u00e9 moi deux personnalit\u00e9s presque embl\u00e9matiques de l&rsquo;histoire dite \u00abprogressiste\u00bb.<\/h2>\n<h2>Aucune inqui\u00e9tude, il y en eut dans \u00abl&rsquo;autre camp\u00bb. Vous plairait-il davantage, monsieur le Juge, de vous retrouver sur la m\u00eame sellette que le regrett\u00e9 Roland Freisler?<\/h2>\n<h2><a href=\"http:\/\/alternatifs81.fr\/wp-content\/uploads\/libert\u00e9-.jpg\" rel=\"lightbox[20368]\"><img loading=\"lazy\" decoding=\"async\" class=\"alignleft wp-image-19791 size-medium\" src=\"http:\/\/alternatifs81.fr\/wp-content\/uploads\/libert\u00e9--227x300.jpg\" alt=\"\" width=\"227\" height=\"300\" srcset=\"https:\/\/alternatifs81.fr\/wp-content\/uploads\/libert\u00e9--227x300.jpg 227w, https:\/\/alternatifs81.fr\/wp-content\/uploads\/libert\u00e9--768x1013.jpg 768w, https:\/\/alternatifs81.fr\/wp-content\/uploads\/libert\u00e9--776x1024.jpg 776w, https:\/\/alternatifs81.fr\/wp-content\/uploads\/libert\u00e9-.jpg 800w\" sizes=\"auto, (max-width: 227px) 100vw, 227px\" \/><\/a>\u00a0\u00a0\u00a0 Mais baste, certains vont hurler \u00e0 l&rsquo;outrance, \u00e0 l&rsquo;exag\u00e9ration, \u00e0 la d\u00e9mesure. Je les entends d\u00e9j\u00e0, et partage leur indignation: enfin, tout de m\u00eame, le gouvernement de Manuel Rajoy n&rsquo;est pas comparable \u00e0 celui du III\u00b0 Reich (qui, entre nous soit dit, a livr\u00e9 \u00e0 la police espagnole Lluis Companys, en 1940&#8230; ce qui nous fait un joli parall\u00e8le!). J&rsquo;en suis bien d&rsquo;accord et je fais amende honorable, monsieur le Juge. Voyez comme je suis bon gar\u00e7on.<\/h2>\n<h2>Reconnaissez cependant que vous m&rsquo;y poussez fermement, tant il est \u00e9vident que le Code p\u00e9nal ne vous est non seulement d&rsquo;aucun secours, mais d&rsquo;une bien insupportable contrainte, pour poursuivre, b\u00e2illonner, emprisonner des gens qui n&rsquo;ont rien fait d&rsquo;autre que de ne pas complaire \u00e0 ceux qui vous susurrent leurs ordres et vous sugg\u00e8rent que, leur pr\u00eatant l&rsquo;oreille, un glorieux avenir nous attend.<\/h2>\n<h2>Pourtant que veulent-elles ces personnes que vous emprisonnez, entravez, poussez \u00e0 l&rsquo;exil, tourmentez ?<\/h2>\n<h2>Elles ne veulent que la libert\u00e9, non pour eux mais pour leur peuple, qui s&rsquo;appelle le peuple catalan, monsieur le Juge, que cela vous plaise ou non.<\/h2>\n<h2>Elles ne veulent que l&rsquo;application d&rsquo;un principe pluris\u00e9culaire, que l&rsquo;Etat dont je suis ressortissant a longtemps d\u00e9fendu avant de le jeter aux orties pour ne pas d\u00e9plaire \u00e0 son voisin: celui de l&rsquo;autod\u00e9termination des peuples (\u00e0 moins que chez vous non plus les \u00abpeuples\u00bb n&rsquo;existent pas ?).<\/h2>\n<h2>Ils ne veulent que l&rsquo;application d&rsquo;un programme \u00e9lectoral qui a\u00a0\u00a0\u00a0\u00a0\u00a0\u00a0 <a href=\"http:\/\/alternatifs81.fr\/wp-content\/uploads\/Langues-r\u00e9gionales-PATRIMOINE-1.jpg\" rel=\"lightbox[20368]\"><img loading=\"lazy\" decoding=\"async\" class=\"alignright wp-image-19818 size-medium\" src=\"http:\/\/alternatifs81.fr\/wp-content\/uploads\/Langues-r\u00e9gionales-PATRIMOINE-1-240x300.jpg\" alt=\"\" width=\"240\" height=\"300\" srcset=\"https:\/\/alternatifs81.fr\/wp-content\/uploads\/Langues-r\u00e9gionales-PATRIMOINE-1-240x300.jpg 240w, https:\/\/alternatifs81.fr\/wp-content\/uploads\/Langues-r\u00e9gionales-PATRIMOINE-1.jpg 768w\" sizes=\"auto, (max-width: 240px) 100vw, 240px\" \/><\/a>\u00e9t\u00e9\u00a0\u00a0\u00a0 soumis aux plus hautes autorit\u00e9s de votre Etat, avant les \u00e9lections de septembre 2015, sans que celles-ci y trouvent \u00e0 redire alors m\u00eame qu&rsquo;y figurait la possibilit\u00e9 d&rsquo;engager la Catalogne sur la voie de l&rsquo;ind\u00e9pendance.<\/h2>\n<h2>Aussi monsieur le Juge, distinguido se\u00f1or Llarena, n&rsquo;en doutez pas. Du fait de votre action, de cette incroyable injustice dont vous vous rendez coupable jour apr\u00e8s jour avec une opini\u00e2tret\u00e9 presque digne d&rsquo;\u00e9loge, le menton lev\u00e9 et le regard inflexible comme aux plus belles heures, l&rsquo;Histoire avec un grand H retiendra votre nom. Longtemps. Tr\u00e8s longtemps. Comme ceux que j&rsquo;ai cit\u00e9s plus haut.<\/h2>\n<h2>Pour en pleurer.<\/h2>\n<h2>Ou pour en rire. . .<\/h2>\n<h2 style=\"text-align: right;\"><span style=\"color: #0000ff;\">J\u00e9r\u00f4me VIALARET\u00a0\u00a0 <\/span><\/h2>\n<h3 style=\"text-align: right;\"><span style=\"color: #0000ff;\"><em>14 avril 2018<\/em><\/span><\/h3>\n<p>&nbsp;<\/p>\n<gcse:search><\/gcse:search>","protected":false},"excerpt":{"rendered":"<p>\u00a0\u00a0\u00a0 Pour justifier son coup d&rsquo;Etat du 2-D\u00e9cembre, le \u00abprince-pr\u00e9sident\u00bb, de funeste m\u00e9moire, avait, dans une formule c\u00e9l\u00e8bre, remerci\u00e9 la France d&rsquo;avoir compris qu&rsquo;il n&rsquo;\u00e9tait \u00absorti de la l\u00e9galit\u00e9 que pour entrer dans le droit\u00bb. Il fallait oser. Encore cela d\u00e9notait-il une prise de conscience (bien hypocrite je vous le conc\u00e8de) que ce qui avait [&hellip;]<\/p>\n","protected":false},"author":1,"featured_media":0,"comment_status":"open","ping_status":"open","sticky":false,"template":"","format":"standard","meta":{"footnotes":""},"categories":[147,217],"tags":[127,103,117,386],"class_list":["post-20368","post","type-post","status-publish","format-standard","hentry","category-international","category-libertes","tag-catalogne","tag-demarche-citoyenne","tag-democratie","tag-justice"],"_links":{"self":[{"href":"https:\/\/alternatifs81.fr\/index.php?rest_route=\/wp\/v2\/posts\/20368","targetHints":{"allow":["GET"]}}],"collection":[{"href":"https:\/\/alternatifs81.fr\/index.php?rest_route=\/wp\/v2\/posts"}],"about":[{"href":"https:\/\/alternatifs81.fr\/index.php?rest_route=\/wp\/v2\/types\/post"}],"author":[{"embeddable":true,"href":"https:\/\/alternatifs81.fr\/index.php?rest_route=\/wp\/v2\/users\/1"}],"replies":[{"embeddable":true,"href":"https:\/\/alternatifs81.fr\/index.php?rest_route=%2Fwp%2Fv2%2Fcomments&post=20368"}],"version-history":[{"count":0,"href":"https:\/\/alternatifs81.fr\/index.php?rest_route=\/wp\/v2\/posts\/20368\/revisions"}],"wp:attachment":[{"href":"https:\/\/alternatifs81.fr\/index.php?rest_route=%2Fwp%2Fv2%2Fmedia&parent=20368"}],"wp:term":[{"taxonomy":"category","embeddable":true,"href":"https:\/\/alternatifs81.fr\/index.php?rest_route=%2Fwp%2Fv2%2Fcategories&post=20368"},{"taxonomy":"post_tag","embeddable":true,"href":"https:\/\/alternatifs81.fr\/index.php?rest_route=%2Fwp%2Fv2%2Ftags&post=20368"}],"curies":[{"name":"wp","href":"https:\/\/api.w.org\/{rel}","templated":true}]}}