{"id":20350,"date":"2018-04-13T21:07:39","date_gmt":"2018-04-13T20:07:39","guid":{"rendered":"http:\/\/alternatifs81.fr\/?p=20350"},"modified":"2018-11-24T23:21:30","modified_gmt":"2018-11-24T22:21:30","slug":"nddl-violence-et-mensonges-detat-tribune-libre-dalain-hebrard-11-avril-2018","status":"publish","type":"post","link":"https:\/\/alternatifs81.fr\/?p=20350","title":{"rendered":"NDDL, VIOLENCE ET MENSONGES D\u2019ETAT.  Tribune libre d&rsquo;Alain HEBRARD 11 avril 2018"},"content":{"rendered":"<h2><a href=\"http:\/\/alternatifs81.fr\/wp-content\/uploads\/1044044_613913045287245_1283782020_n-1.jpg\" rel=\"lightbox[20350]\"><img loading=\"lazy\" decoding=\"async\" class=\"alignleft wp-image-18835 size-medium\" src=\"http:\/\/alternatifs81.fr\/wp-content\/uploads\/1044044_613913045287245_1283782020_n-1-300x300.jpg\" alt=\"\" width=\"300\" height=\"300\" srcset=\"https:\/\/alternatifs81.fr\/wp-content\/uploads\/1044044_613913045287245_1283782020_n-1-300x300.jpg 300w, https:\/\/alternatifs81.fr\/wp-content\/uploads\/1044044_613913045287245_1283782020_n-1-150x150.jpg 150w, https:\/\/alternatifs81.fr\/wp-content\/uploads\/1044044_613913045287245_1283782020_n-1.jpg 506w\" sizes=\"auto, (max-width: 300px) 100vw, 300px\" \/><\/a>Bien jou\u00e9\u00a0! Apr\u00e8s avoir laiss\u00e9 croire \u00e0 une gestion apais\u00e9e et conciliante de la gestion de l\u2019occupation de la ZAD permettant de laisser le tri s\u2019op\u00e9rer entre les porteurs de projet souhaitant une r\u00e9gularisation et quelques dizaines de personnes d\u00e9sireuses d\u2019en d\u00e9coudre avec les forces de l\u2019ordre, le pouvoir casse tout\u00a0! Son objectif\u00a0: r\u00e9tablir l\u2019ordre ancien le plus rance au d\u00e9triment de tentatives d\u2019exp\u00e9rimentation sociale d\u2019une partie de sa jeunesse.<\/h2>\n<h2><\/h2>\n<h2>D\u2019un c\u00f4t\u00e9, un large \u00e9ventail de personnalit\u00e9s des plus l\u00e9galistes et constructives aux plus contestataires de l\u2019ordre \u00e9tabli\u00a0: paysans\u00a0 \u00ab\u00a0historiques\u00a0\u00bb, n\u00e9o-install\u00e9s, population locale solidaire, \u00e9lus, associations (COPAIN, ACIPA), militants opposants des grands projets inutiles, \u00ab\u00a0jeunes\u00a0\u00bb d\u00e9cid\u00e9s \u00e0 en d\u00e9coudre, voire quelques \u00ab\u00a0black blocs\u00a0\u00bb.<\/h2>\n<p><!--more--><\/p>\n<h2>De l\u2019autre, des \u00e9lus de tous bords, des structures officielles\u00a0\u00a0\u00a0\u00a0 <a href=\"http:\/\/alternatifs81.fr\/wp-content\/uploads\/fam027_redimensionner3.jpg\" rel=\"lightbox[20350]\"><img loading=\"lazy\" decoding=\"async\" class=\"alignright wp-image-16602 size-medium\" src=\"http:\/\/alternatifs81.fr\/wp-content\/uploads\/fam027_redimensionner3-270x300.jpg\" alt=\"\" width=\"270\" height=\"300\" srcset=\"https:\/\/alternatifs81.fr\/wp-content\/uploads\/fam027_redimensionner3-270x300.jpg 270w, https:\/\/alternatifs81.fr\/wp-content\/uploads\/fam027_redimensionner3.jpg 292w\" sizes=\"auto, (max-width: 270px) 100vw, 270px\" \/><\/a>(pr\u00e9fecture, Chambre d\u2019Agriculture, FDSEA, Conseil d\u00e9partemental) furieux de la perte de leur joujou, certains agriculteurs du voisinage r\u00eavant d\u2019agrandir leur exploitation, population locale favorable \u00e0 l\u2019a\u00e9roport ou ayant \u00e9t\u00e9 impact\u00e9es par les difficult\u00e9s de circulation et certains comportement maladroits des occupants, voire ne supportant tout simplement pas les zadistes, habitants de Bouguenais (a\u00e9roport actuel).<\/h2>\n<h2><\/h2>\n<h2>Laisser du temps au temps (comme annonc\u00e9\u00a0!) aurait permis \u00e0 chacun de trouver sa place\u00a0: pr\u00e9ciser les projets agricoles, artisanaux, culturels, d\u2019accueil, etc., construire des r\u00e9gularisations pour ceux qui le souhaitent\u00a0; l\u2019absence d\u2019affrontements aurait dissuad\u00e9 les plus \u00ab\u00a0violents\u00a0\u00bb de s\u2019attarder (d\u2019autant qu\u2019il ne manque pas de lieux de contestation conflictuels\u00a0!).<\/h2>\n<h2><\/h2>\n<h2><a href=\"http:\/\/alternatifs81.fr\/wp-content\/uploads\/gardarem-nddl-1.jpg\" rel=\"lightbox[20350]\"><img loading=\"lazy\" decoding=\"async\" class=\"alignleft wp-image-20238 size-medium\" src=\"http:\/\/alternatifs81.fr\/wp-content\/uploads\/gardarem-nddl-1-223x300.jpg\" alt=\"\" width=\"223\" height=\"300\" srcset=\"https:\/\/alternatifs81.fr\/wp-content\/uploads\/gardarem-nddl-1-223x300.jpg 223w, https:\/\/alternatifs81.fr\/wp-content\/uploads\/gardarem-nddl-1-768x1031.jpg 768w, https:\/\/alternatifs81.fr\/wp-content\/uploads\/gardarem-nddl-1-763x1024.jpg 763w\" sizes=\"auto, (max-width: 223px) 100vw, 223px\" \/><\/a>\u00a0\u00a0 L\u2019impatience soudaine et incompr\u00e9hensible (quoi que\u00a0!) du pouvoir, la destruction de lieux de vie avec \u00e9levage (ferme des Cent Noms, des Fosses Noires) alli\u00e9e aux mensonges de la pr\u00e9f\u00e8te (qui pr\u00e9tend n\u2019avoir re\u00e7u aucune demande de r\u00e9gularisation) sont insupportables. A telle enseigne que les \u00ab\u00a0install\u00e9s\u00a0\u00bb et les \u00ab\u00a0mod\u00e9r\u00e9s\u00a0\u00bb qui ne soutenaient que mollement les plus virulents des zadistes d\u00e9cid\u00e9s \u00e0 garder le contr\u00f4le de la d\u00e9partementale sont de nouveau \u00e0 fond dans la solidarit\u00e9 et que ceux qui \u00e9taient partis convergent vers la ZAD. Le pire est \u00e0 craindre, mais de plus en plus de personnalit\u00e9s et d\u2019institutions manifestent leur solidarit\u00e9.<\/h2>\n<h2><\/h2>\n<h2>Sur Twitter, l\u2019essayiste \u00e9tasunienne Naomi Klein apporte son soutien \u00e0 la Zad\u00a0: \u00ab\u00a0en attaquant une communaut\u00e9 utopique qui a \u00e9t\u00e9 un mod\u00e8le pour nombre d\u2019entre nous, le gouvernement de Macron fait preuve de violence gratuite et de vandalisme\u00a0\u00bb.<\/h2>\n<h2><\/h2>\n<h2 style=\"text-align: right;\"><span style=\"color: #003366;\"><em>Alain H\u00e9brard, 11\/04\/2018<\/em><\/span><\/h2>\n<gcse:search><\/gcse:search>","protected":false},"excerpt":{"rendered":"<p>Bien jou\u00e9\u00a0! Apr\u00e8s avoir laiss\u00e9 croire \u00e0 une gestion apais\u00e9e et conciliante de la gestion de l\u2019occupation de la ZAD permettant de laisser le tri s\u2019op\u00e9rer entre les porteurs de projet souhaitant une r\u00e9gularisation et quelques dizaines de personnes d\u00e9sireuses d\u2019en d\u00e9coudre avec les forces de l\u2019ordre, le pouvoir casse tout\u00a0! Son objectif\u00a0: r\u00e9tablir l\u2019ordre [&hellip;]<\/p>\n","protected":false},"author":1,"featured_media":0,"comment_status":"open","ping_status":"open","sticky":false,"template":"","format":"standard","meta":{"footnotes":""},"categories":[348,244],"tags":[398,103,204],"class_list":["post-20350","post","type-post","status-publish","format-standard","hentry","category-construire-des-alternatives","category-point-de-vue","tag-autogestion","tag-demarche-citoyenne","tag-notre-dame-des-landes"],"_links":{"self":[{"href":"https:\/\/alternatifs81.fr\/index.php?rest_route=\/wp\/v2\/posts\/20350","targetHints":{"allow":["GET"]}}],"collection":[{"href":"https:\/\/alternatifs81.fr\/index.php?rest_route=\/wp\/v2\/posts"}],"about":[{"href":"https:\/\/alternatifs81.fr\/index.php?rest_route=\/wp\/v2\/types\/post"}],"author":[{"embeddable":true,"href":"https:\/\/alternatifs81.fr\/index.php?rest_route=\/wp\/v2\/users\/1"}],"replies":[{"embeddable":true,"href":"https:\/\/alternatifs81.fr\/index.php?rest_route=%2Fwp%2Fv2%2Fcomments&post=20350"}],"version-history":[{"count":0,"href":"https:\/\/alternatifs81.fr\/index.php?rest_route=\/wp\/v2\/posts\/20350\/revisions"}],"wp:attachment":[{"href":"https:\/\/alternatifs81.fr\/index.php?rest_route=%2Fwp%2Fv2%2Fmedia&parent=20350"}],"wp:term":[{"taxonomy":"category","embeddable":true,"href":"https:\/\/alternatifs81.fr\/index.php?rest_route=%2Fwp%2Fv2%2Fcategories&post=20350"},{"taxonomy":"post_tag","embeddable":true,"href":"https:\/\/alternatifs81.fr\/index.php?rest_route=%2Fwp%2Fv2%2Ftags&post=20350"}],"curies":[{"name":"wp","href":"https:\/\/api.w.org\/{rel}","templated":true}]}}