{"id":20260,"date":"2018-01-24T18:10:48","date_gmt":"2018-01-24T17:10:48","guid":{"rendered":"http:\/\/alternatifs81.fr\/?p=20260"},"modified":"2018-02-07T14:41:16","modified_gmt":"2018-02-07T13:41:16","slug":"communique-du-collectif-p-a-c-t-pas-dautoroute-castres-toulouse","status":"publish","type":"post","link":"https:\/\/alternatifs81.fr\/?p=20260","title":{"rendered":"Communiqu\u00e9 du Collectif P.A.C.T. Pas d\u2019Autoroute Castres Toulouse"},"content":{"rendered":"<h2><a href=\"http:\/\/alternatifs81.fr\/wp-content\/uploads\/Pact-logo-1.jpg\" rel=\"lightbox[20260]\"><img loading=\"lazy\" decoding=\"async\" class=\"alignleft wp-image-20265 size-medium\" src=\"http:\/\/alternatifs81.fr\/wp-content\/uploads\/Pact-logo-1-300x291.jpg\" alt=\"\" width=\"300\" height=\"291\" srcset=\"https:\/\/alternatifs81.fr\/wp-content\/uploads\/Pact-logo-1-300x291.jpg 300w, https:\/\/alternatifs81.fr\/wp-content\/uploads\/Pact-logo-1-768x744.jpg 768w, https:\/\/alternatifs81.fr\/wp-content\/uploads\/Pact-logo-1-1024x992.jpg 1024w\" sizes=\"auto, (max-width: 300px) 100vw, 300px\" \/><\/a>\u00a0\u00a0\u00a0 Au moment o\u00f9 la presse locale \u00e9voque l&rsquo;inqui\u00e9tude des partisans du projet de liaison autorouti\u00e8re Castres-Toulouse (LACT) apr\u00e8s la d\u00e9cision du gouvernement sur Notre Dame des Landes, les membres du Collectif PACT (Pas d&rsquo;Autoroute Castres Toulouse) veulent rappeler qu&rsquo;apr\u00e8s les avis r\u00e9serv\u00e9s de l\u2019Ae (Autorit\u00e9 environnementale) , du CGI (Commissariat G\u00e9n\u00e9ral \u00e0 l&rsquo;Investissement), et de la CEP (Commission d&rsquo;Enqu\u00eate Publique), ce projet n\u2019a pu faire la d\u00e9monstration de sa pertinence. Quant aux objectifs qui ont pr\u00e9valu \u00e0 son initiation ni sur le plan calendaire (\u2019\u00e9ch\u00e9ance de mise en service), et encore moins sur le plan d\u2019un financement plus facile \u00e0 boucler, le projet n\u2019aura pu d\u00e9montrer l\u2019acc\u00e9l\u00e9ration de sa r\u00e9alisation par sa mise en concession. Autoroute 2013, puis 2015, aujourd\u2019hui 2024 ? Et demain ???<\/h2>\n<p><!--more--><\/p>\n<h2>Et ce n\u2019est s\u00fbrement pas aujourd\u2019hui , suite \u00e0 l&rsquo;avis de la CEP, avec\u00a0 <a href=\"http:\/\/alternatifs81.fr\/wp-content\/uploads\/non-\u00e0-lautoroute-castres-toulouse-1.jpg\" rel=\"lightbox[20260]\"><img loading=\"lazy\" decoding=\"async\" class=\"wp-image-20262 size-medium alignright\" src=\"http:\/\/alternatifs81.fr\/wp-content\/uploads\/non-\u00e0-lautoroute-castres-toulouse-1-217x300.jpg\" alt=\"\" width=\"217\" height=\"300\" srcset=\"https:\/\/alternatifs81.fr\/wp-content\/uploads\/non-\u00e0-lautoroute-castres-toulouse-1-217x300.jpg 217w, https:\/\/alternatifs81.fr\/wp-content\/uploads\/non-\u00e0-lautoroute-castres-toulouse-1-768x1060.jpg 768w, https:\/\/alternatifs81.fr\/wp-content\/uploads\/non-\u00e0-lautoroute-castres-toulouse-1-742x1024.jpg 742w, https:\/\/alternatifs81.fr\/wp-content\/uploads\/non-\u00e0-lautoroute-castres-toulouse-1.jpg 800w\" sizes=\"auto, (max-width: 217px) 100vw, 217px\" \/><\/a>les importants ajouts au projet initial (itin\u00e9raires de substitution \u00e0 Soual et Puylaurens &#8211; \u00e9changeur suppl\u00e9mentaire \u00e0 Maurens-Scopont), que le processus de r\u00e9alisation sera favoris\u00e9 et encore moins maitris\u00e9 sur le plan financier avec une subvention d&rsquo;\u00e9quilibre (argent public) qui ne cesse d\u2019enfler.<\/h2>\n<h2>C\u2019est pourquoi le PACT continue de penser qu\u2019autour du consensus existant sur la n\u00e9cessit\u00e9 d\u2019une liaison de\u00a0\u00a0\u00a0\u00a0 <a href=\"http:\/\/alternatifs81.fr\/wp-content\/uploads\/projet-du-pass\u00e9-projet-d\u00e9pass\u00e9-1.jpg\" rel=\"lightbox[20260]\"><img loading=\"lazy\" decoding=\"async\" class=\"alignleft wp-image-20263 size-medium\" src=\"http:\/\/alternatifs81.fr\/wp-content\/uploads\/projet-du-pass\u00e9-projet-d\u00e9pass\u00e9-1-206x300.jpg\" alt=\"\" width=\"206\" height=\"300\" srcset=\"https:\/\/alternatifs81.fr\/wp-content\/uploads\/projet-du-pass\u00e9-projet-d\u00e9pass\u00e9-1-206x300.jpg 206w, https:\/\/alternatifs81.fr\/wp-content\/uploads\/projet-du-pass\u00e9-projet-d\u00e9pass\u00e9-1-768x1117.jpg 768w, https:\/\/alternatifs81.fr\/wp-content\/uploads\/projet-du-pass\u00e9-projet-d\u00e9pass\u00e9-1-704x1024.jpg 704w, https:\/\/alternatifs81.fr\/wp-content\/uploads\/projet-du-pass\u00e9-projet-d\u00e9pass\u00e9-1.jpg 800w\" sizes=\"auto, (max-width: 206px) 100vw, 206px\" \/><\/a>qualit\u00e9 entre Castres et Toulouse et le d\u00e9veloppement de l\u2019activit\u00e9 du bassin sud Tarn, une alternative plus coh\u00e9rente s\u2019impose pour r\u00e9pondre aux enjeux de tous ordres \u00e0 venir. Comme \u00e0 Notre Dame des Landes, comme \u00e0 Sivens, le projet autoroutier Castres-Toulouse ne s&rsquo;inscrit plus dans des perspectives d&rsquo;avenir quand des solutions alternatives existent. L&rsquo;heure est au bon sens, \u00e0 l&rsquo;\u00e9conomie des deniers publics, \u00e0 la pr\u00e9servation de nos terres agricoles et de notre environnement.<\/h2>\n<h2><span style=\"color: #008000;\">Pour sortir de l\u2019ent\u00eatement autoroutier, l\u2019am\u00e9nagement de <a href=\"http:\/\/alternatifs81.fr\/wp-content\/uploads\/Pact.jpg\" rel=\"lightbox[20260]\"><img loading=\"lazy\" decoding=\"async\" class=\"alignright wp-image-20264 size-medium\" src=\"http:\/\/alternatifs81.fr\/wp-content\/uploads\/Pact-300x88.jpg\" alt=\"\" width=\"300\" height=\"88\" srcset=\"https:\/\/alternatifs81.fr\/wp-content\/uploads\/Pact-300x88.jpg 300w, https:\/\/alternatifs81.fr\/wp-content\/uploads\/Pact-768x224.jpg 768w, https:\/\/alternatifs81.fr\/wp-content\/uploads\/Pact.jpg 960w\" sizes=\"auto, (max-width: 300px) 100vw, 300px\" \/><\/a>l\u2019itin\u00e9raire existant tel que sugg\u00e9r\u00e9 par l\u2019Ae et le CGI est une solution qu\u2019il nous faut maintenant explorer s\u00e9rieusement.<\/span><\/h2>\n<h3 style=\"text-align: right;\"><span style=\"color: #0000ff;\"><strong><em>\u00a0Pas d\u2019Autoroute Castres Toulouse<\/em> <\/strong><\/span><\/h3>\n<h3>http:\/\/rdautan.fr\/spip.php?article749<\/h3>\n<p>&nbsp;<\/p>\n<p>&nbsp;<\/p>\n<gcse:search><\/gcse:search>","protected":false},"excerpt":{"rendered":"<p>\u00a0\u00a0\u00a0 Au moment o\u00f9 la presse locale \u00e9voque l&rsquo;inqui\u00e9tude des partisans du projet de liaison autorouti\u00e8re Castres-Toulouse (LACT) apr\u00e8s la d\u00e9cision du gouvernement sur Notre Dame des Landes, les membres du Collectif PACT (Pas d&rsquo;Autoroute Castres Toulouse) veulent rappeler qu&rsquo;apr\u00e8s les avis r\u00e9serv\u00e9s de l\u2019Ae (Autorit\u00e9 environnementale) , du CGI (Commissariat G\u00e9n\u00e9ral \u00e0 l&rsquo;Investissement), et [&hellip;]<\/p>\n","protected":false},"author":1,"featured_media":0,"comment_status":"open","ping_status":"open","sticky":false,"template":"","format":"standard","meta":{"footnotes":""},"categories":[1,434,14],"tags":[103,23,397],"class_list":["post-20260","post","type-post","status-publish","format-standard","hentry","category-non-classe","category-projets-nuisibles-et-inutiles","category-rn126","tag-demarche-citoyenne","tag-luttes","tag-rn126"],"_links":{"self":[{"href":"https:\/\/alternatifs81.fr\/index.php?rest_route=\/wp\/v2\/posts\/20260","targetHints":{"allow":["GET"]}}],"collection":[{"href":"https:\/\/alternatifs81.fr\/index.php?rest_route=\/wp\/v2\/posts"}],"about":[{"href":"https:\/\/alternatifs81.fr\/index.php?rest_route=\/wp\/v2\/types\/post"}],"author":[{"embeddable":true,"href":"https:\/\/alternatifs81.fr\/index.php?rest_route=\/wp\/v2\/users\/1"}],"replies":[{"embeddable":true,"href":"https:\/\/alternatifs81.fr\/index.php?rest_route=%2Fwp%2Fv2%2Fcomments&post=20260"}],"version-history":[{"count":0,"href":"https:\/\/alternatifs81.fr\/index.php?rest_route=\/wp\/v2\/posts\/20260\/revisions"}],"wp:attachment":[{"href":"https:\/\/alternatifs81.fr\/index.php?rest_route=%2Fwp%2Fv2%2Fmedia&parent=20260"}],"wp:term":[{"taxonomy":"category","embeddable":true,"href":"https:\/\/alternatifs81.fr\/index.php?rest_route=%2Fwp%2Fv2%2Fcategories&post=20260"},{"taxonomy":"post_tag","embeddable":true,"href":"https:\/\/alternatifs81.fr\/index.php?rest_route=%2Fwp%2Fv2%2Ftags&post=20260"}],"curies":[{"name":"wp","href":"https:\/\/api.w.org\/{rel}","templated":true}]}}