{"id":20190,"date":"2018-01-13T22:26:34","date_gmt":"2018-01-13T21:26:34","guid":{"rendered":"http:\/\/alternatifs81.fr\/?p=20190"},"modified":"2018-02-07T14:48:16","modified_gmt":"2018-02-07T13:48:16","slug":"remise-des-prix-grossiers-de-lecran-2018","status":"publish","type":"post","link":"https:\/\/alternatifs81.fr\/?p=20190","title":{"rendered":"REMISE DES PRIX \u00ab\u00a0GROSSIERS DE L\u2019\u00c9CRAN\u00a0\u00bb 2018"},"content":{"rendered":"<h2><strong><a href=\"http:\/\/alternatifs81.fr\/wp-content\/uploads\/image005-1.jpg\" rel=\"lightbox[20190]\"><img loading=\"lazy\" decoding=\"async\" class=\"alignleft wp-image-20199\" src=\"http:\/\/alternatifs81.fr\/wp-content\/uploads\/image005-1.jpg\" alt=\"\" width=\"225\" height=\"135\" \/><\/a>\u00a0 \u00a0 \u00a0 \u00a0\u00a0 Le 10 janvier, le MNCP (Mouvement National des Ch\u00f4meurs et Pr\u00e9caires) a pr\u00e9sent\u00e9 ses v\u0153ux \u00e0 la Presse dans les locaux de la Mairie du 2\u00e8me arrondissement de Paris que le Maire <em>Jacques Boutault<\/em> a mis aimablement \u00e0 notre disposition. Qu&rsquo;il en soit remerci\u00e9.<\/strong><\/h2>\n<h2><strong>Pour donner plus d&rsquo;\u00e9clat \u00e0 cet \u00e9v\u00e9nement, le MNCP, faisant d&rsquo;une<\/strong> <strong>pierre deux coups, en a profit\u00e9 pour organiser une c\u00e9r\u00e9monie de remise de prix aux personnalit\u00e9s publiques qui se sont distingu\u00e9es lors de cette ann\u00e9e 2017 par la pertinence et la d\u00e9licatesse de leurs propos \u00e0 l&rsquo;\u00e9gard des ch\u00f4meurs et des pr\u00e9caires, montrant par l\u00e0 leur profonde connaissance de la situation des personnes ainsi \u00e9voqu\u00e9es.<\/strong><\/h2>\n<h2><strong>C&rsquo;est \u00e0 croire que ces personnages d&rsquo;importance, ont \u00e9t\u00e9 \u00ab\u00a0rien\u00a0\u00bb \u00e0\u00a0\u00a0 <a href=\"http:\/\/alternatifs81.fr\/wp-content\/uploads\/50-assos-exclusion-vraie-vie-affiches-2-les-ch\u00f4meurs-preuvent-travailler-1.jpg\" rel=\"lightbox[20190]\"><img loading=\"lazy\" decoding=\"async\" class=\"alignright wp-image-20196 size-medium\" src=\"http:\/\/alternatifs81.fr\/wp-content\/uploads\/50-assos-exclusion-vraie-vie-affiches-2-les-ch\u00f4meurs-preuvent-travailler-1-300x300.jpg\" alt=\"\" width=\"300\" height=\"300\" srcset=\"https:\/\/alternatifs81.fr\/wp-content\/uploads\/50-assos-exclusion-vraie-vie-affiches-2-les-ch\u00f4meurs-preuvent-travailler-1-300x300.jpg 300w, https:\/\/alternatifs81.fr\/wp-content\/uploads\/50-assos-exclusion-vraie-vie-affiches-2-les-ch\u00f4meurs-preuvent-travailler-1-150x150.jpg 150w, https:\/\/alternatifs81.fr\/wp-content\/uploads\/50-assos-exclusion-vraie-vie-affiches-2-les-ch\u00f4meurs-preuvent-travailler-1.jpg 695w\" sizes=\"auto, (max-width: 300px) 100vw, 300px\" \/><\/a>un moment crucial de leur existence, pour en parler si savamment.<\/strong><\/h2>\n<h2><strong>C&rsquo;est pourquoi le MNCP a tenu \u00e0 leur apporter son r\u00e9confort moral , bien n\u00e9cessaire pour les aider \u00e0 surmonter le traumatisme de leur pass\u00e9 cahotique, en r\u00e9compensant leurs efforts pour soulager la mis\u00e9re humaine.<\/strong><\/h2>\n<h2><strong>C&rsquo;est ainsi qu&rsquo;on \u00e9t\u00e9 successivement appel\u00e9s \u00e0 la tribune pour recevoir leurs prix :<br \/>\n<\/strong><\/h2>\n<p><!--more--><\/p>\n<h2><\/h2>\n<h1><span style=\"color: #808000;\"><strong><u>Mention Sp\u00e9ciale :<\/u><\/strong><\/span><\/h1>\n<h2><strong>\u00a0<a href=\"http:\/\/alternatifs81.fr\/wp-content\/uploads\/Ch\u00f4meurs-SOURIEZ-1.jpg\" rel=\"lightbox[20190]\"><img loading=\"lazy\" decoding=\"async\" class=\"alignleft wp-image-20194 size-medium\" src=\"http:\/\/alternatifs81.fr\/wp-content\/uploads\/Ch\u00f4meurs-SOURIEZ-1-216x300.jpg\" alt=\"\" width=\"216\" height=\"300\" srcset=\"https:\/\/alternatifs81.fr\/wp-content\/uploads\/Ch\u00f4meurs-SOURIEZ-1-216x300.jpg 216w, https:\/\/alternatifs81.fr\/wp-content\/uploads\/Ch\u00f4meurs-SOURIEZ-1.jpg 692w\" sizes=\"auto, (max-width: 216px) 100vw, 216px\" \/><\/a>\u00a0\u00a0\u00a0\u00a0\u00a0 Jean BASSERES<\/strong><em><strong>, Directeur G\u00e9n\u00e9ral de P\u00f4le Emploi, <\/strong><\/em><strong>pour :<\/strong><\/h2>\n<h2><span style=\"color: #008000;\"><em><strong>\u00a0\u00bb P\u00f4le Emploi doit apprendre le savoir-\u00eatre aux ch\u00f4meurs \u00ab\u00a0<\/strong><\/em><\/span><\/h2>\n<h2><em><strong>Le prix est un <\/strong><strong>n\u0153ud<\/strong><strong> papillon de clown, pour l&rsquo;aider \u00e0 rester \u00e9l\u00e9gant en toutes circonstances<\/strong><\/em><\/h2>\n<h1><span style=\"color: #808000;\"><strong><u>Prix de la Ch\u00f4meuse Inconnue :<\/u><\/strong><\/span><\/h1>\n<h2><strong>D\u00e9put\u00e9e<\/strong><em><strong> LREM <\/strong><\/em><strong>INCONNUE<\/strong><em><strong>,<\/strong><\/em><strong> pour :<\/strong><\/h2>\n<h2><span style=\"color: #008000;\"><em><strong>\u00ab\u00a0Je vais moins souvent au restaurant, je mange pas mal de p\u00e2tes, j&rsquo;ai ressorti des v\u00eatements de la cave et je vais devoir d\u00e9m\u00e9nager \u00ab\u00a0.<\/strong><\/em><\/span><\/h2>\n<h2><em><strong>Le prix est un paquet de p\u00e2tes tir\u00e9 du panier de courses \u00e0 5 \u20ac de J.L. Melenchon<\/strong><\/em><\/h2>\n<h2><\/h2>\n<h1><span style=\"color: #808000;\"><strong><u>Prix Fast and Furious :<\/u><\/strong><\/span><\/h1>\n<h2><strong>V\u00e9ronique HAMMERER,<\/strong><em><strong> d\u00e9put\u00e9e LREM, <\/strong><\/em><strong>pour\u00a0\u00a0\u00a0\u00a0 <a href=\"http:\/\/alternatifs81.fr\/wp-content\/uploads\/50-assos-exclusion-vraie-vie-affiches-7-sdf-et-travail.jpg\" rel=\"lightbox[20190]\"><img loading=\"lazy\" decoding=\"async\" class=\"alignright wp-image-20195 size-medium\" src=\"http:\/\/alternatifs81.fr\/wp-content\/uploads\/50-assos-exclusion-vraie-vie-affiches-7-sdf-et-travail-300x300.jpg\" alt=\"\" width=\"300\" height=\"300\" srcset=\"https:\/\/alternatifs81.fr\/wp-content\/uploads\/50-assos-exclusion-vraie-vie-affiches-7-sdf-et-travail-300x300.jpg 300w, https:\/\/alternatifs81.fr\/wp-content\/uploads\/50-assos-exclusion-vraie-vie-affiches-7-sdf-et-travail-150x150.jpg 150w, https:\/\/alternatifs81.fr\/wp-content\/uploads\/50-assos-exclusion-vraie-vie-affiches-7-sdf-et-travail.jpg 695w\" sizes=\"auto, (max-width: 300px) 100vw, 300px\" \/><\/a><br \/>\n<\/strong><\/h2>\n<h2><span style=\"color: #008000;\"><em><strong>\u00ab\u00a0Je trouve terrible que mon mari ne puisse pas acheter une Porsche Cayenne, parce que j&rsquo;entends d\u00e9j\u00e0 les r\u00e9flexions !\u00a0\u00bb<\/strong><\/em><\/span><\/h2>\n<h2><em><strong>Le prix est une voiture de sport miniature pour l&rsquo;aider \u00e0 surmonter sa frustration bien compr\u00e9hensible.<\/strong><\/em><\/h2>\n<h2><\/h2>\n<h1><span style=\"color: #808000;\"><strong><u>Grand Prix des Grossiers de l&rsquo;Ecran :<\/u><\/strong><\/span><\/h1>\n<h2><strong>Christophe CASTANER<\/strong><em><strong>, d\u00e9l\u00e9gu\u00e9 G\u00e9n\u00e9ral de LREM, pour :<\/strong><\/em><\/h2>\n<h2><span style=\"color: #008000;\"><em><strong>\u00ab\u00a0Il y a des femmes et des hommes qui refusent d&rsquo;\u00eatre log\u00e9s\u00a0\u00bb<\/strong><\/em><\/span><\/h2>\n<h2><em><strong>Le prix est un carton \u00e0 dormir dans la rue et ainsi pouvoir refuser cr\u00e2nement un h\u00e9bergement<\/strong><\/em><\/h2>\n<p>&nbsp;<\/p>\n<h1><span style=\"color: #808000;\"><strong><u>Prix d&rsquo;Interpr\u00e9tation F\u00e9minine :<\/u><\/strong><\/span><\/h1>\n<h2><strong><a href=\"http:\/\/alternatifs81.fr\/wp-content\/uploads\/CHERCHER-du-TRAVAIL.jpg\" rel=\"lightbox[20190]\"><img loading=\"lazy\" decoding=\"async\" class=\"alignleft wp-image-20200 size-medium\" src=\"http:\/\/alternatifs81.fr\/wp-content\/uploads\/CHERCHER-du-TRAVAIL-182x300.jpg\" alt=\"\" width=\"182\" height=\"300\" srcset=\"https:\/\/alternatifs81.fr\/wp-content\/uploads\/CHERCHER-du-TRAVAIL-182x300.jpg 182w, https:\/\/alternatifs81.fr\/wp-content\/uploads\/CHERCHER-du-TRAVAIL-768x1265.jpg 768w, https:\/\/alternatifs81.fr\/wp-content\/uploads\/CHERCHER-du-TRAVAIL-622x1024.jpg 622w, https:\/\/alternatifs81.fr\/wp-content\/uploads\/CHERCHER-du-TRAVAIL.jpg 1275w\" sizes=\"auto, (max-width: 182px) 100vw, 182px\" \/><\/a>\u00a0\u00a0\u00a0\u00a0\u00a0 Muriel PENICAUD,<\/strong><em><strong> Ministre du Travail pour : ?????<\/strong><\/em><\/h2>\n<h2><strong>Parce que les ch\u00f4meurs adorent ses discours creux et ses airs de fl\u00fbte<\/strong><\/h2>\n<h2><em><strong>Le prix est un pipeau pour qu&rsquo;elle puisse continuer \u00e0 les envo\u00fbter ;<\/strong><\/em><\/h2>\n<h2><\/h2>\n<h1><span style=\"color: #808000;\"><strong><u>Prix d&rsquo;Interpr\u00e9tation Masculine :<\/u><\/strong><\/span><\/h1>\n<h2><strong>Pierre GATTAZ,<\/strong><em><strong> pr\u00e9sident du MEDEF, pour :<\/strong><\/em><\/h2>\n<h2><span style=\"color: #008000;\"><em><strong>\u00ab\u00a0Il faut un contr\u00f4le journalier ou hebdomadaire des ch\u00f4meurs\u00a0\u00bb, <span style=\"color: #000000;\">et<\/span> \u00a0\u00bb Il ne faut pas que l&rsquo;assurance-ch\u00f4mage donne un confort fictif qui entra\u00eene encore plus de difficult\u00e9s quand il prend fin \u00ab\u00a0<\/strong><\/em><\/span><\/h2>\n<h2><em><strong>Le prix est un pense-b\u00eate sous forme d&rsquo;un pin&rsquo;s promettant 1 million d&#8217;emplois, pour rappeler \u00e0 M. GATTAZ de les cr\u00e9er quand il en aura le temps, maintenant que l&rsquo;Etat lui a donn\u00e9 les sous.<\/strong><\/em><\/h2>\n<h2><\/h2>\n<h1><span style=\"color: #808000;\"><strong><u>Prix de la Mise en Sc\u00e8ne :<\/u><\/strong><\/span><\/h1>\n<h2><strong>Emmanuel MACRON,<\/strong><em><strong> Pr\u00e9sident de la R\u00e9publique,\u00a0\u00a0\u00a0 <a href=\"http:\/\/alternatifs81.fr\/wp-content\/uploads\/P\u00f4le-Emploi-recrute.jpg\" rel=\"lightbox[20190]\"><img loading=\"lazy\" decoding=\"async\" class=\"alignright wp-image-20123 size-medium\" src=\"http:\/\/alternatifs81.fr\/wp-content\/uploads\/P\u00f4le-Emploi-recrute-208x300.jpg\" alt=\"\" width=\"208\" height=\"300\" srcset=\"https:\/\/alternatifs81.fr\/wp-content\/uploads\/P\u00f4le-Emploi-recrute-208x300.jpg 208w, https:\/\/alternatifs81.fr\/wp-content\/uploads\/P\u00f4le-Emploi-recrute.jpg 664w\" sizes=\"auto, (max-width: 208px) 100vw, 208px\" \/><\/a><br \/>\n<\/strong><\/em><\/h2>\n<h2><strong>pour son dernier num\u00e9ro de cirque : <\/strong><span style=\"color: #008000;\"><em><strong>\u00ab\u00a0On va contr\u00f4ler plus les ch\u00f4meurs\u00a0\u00bb<\/strong><\/em><\/span><\/h2>\n<h2><em><strong>Le prix est une casquette de flic parce que les ch\u00f4meurs savent bien que le contr\u00f4le en fait, c&rsquo;est rien que de l&rsquo;amour&#8230;<\/strong><\/em><\/h2>\n<h2><\/h2>\n<h1><span style=\"color: #808000;\"><strong><u>Prix Sp\u00e9cial des Grossiers de l&rsquo;Ecran :<\/u><\/strong><\/span><\/h1>\n<h2><strong>Laurent WAUQUIEZ,<\/strong><em><strong> pr\u00e9sident du parti \u00ab\u00a0Les R\u00e9publicains\u00a0\u00bb,<\/strong><\/em><\/h2>\n<h2><strong>pour l&rsquo;ensemble de son action \u00e0 l&rsquo;\u00e9gard des ch\u00f4meurs<\/strong><\/h2>\n<h2><em><strong>Le prix est un cactus en r\u00e9compense de son diagnostic pr\u00e9coce du cancer de l&rsquo;assistanat<\/strong><\/em><\/h2>\n<h1><span style=\"color: #808000;\"><strong><u>Palme de Plomb des Grossiers de l&rsquo;Ecran :<\/u><\/strong><\/span><\/h1>\n<h2><strong><a href=\"http:\/\/alternatifs81.fr\/wp-content\/uploads\/50-assos-exclusion-vraie-vie-affiches-6-beaucoup-pr\u00e9f\u00e8rent-toucher-le-RSA.jpg\" rel=\"lightbox[20190]\"><img loading=\"lazy\" decoding=\"async\" class=\"alignleft wp-image-20197 size-medium\" src=\"http:\/\/alternatifs81.fr\/wp-content\/uploads\/50-assos-exclusion-vraie-vie-affiches-6-beaucoup-pr\u00e9f\u00e8rent-toucher-le-RSA-300x300.jpg\" alt=\"\" width=\"300\" height=\"300\" srcset=\"https:\/\/alternatifs81.fr\/wp-content\/uploads\/50-assos-exclusion-vraie-vie-affiches-6-beaucoup-pr\u00e9f\u00e8rent-toucher-le-RSA-300x300.jpg 300w, https:\/\/alternatifs81.fr\/wp-content\/uploads\/50-assos-exclusion-vraie-vie-affiches-6-beaucoup-pr\u00e9f\u00e8rent-toucher-le-RSA-150x150.jpg 150w, https:\/\/alternatifs81.fr\/wp-content\/uploads\/50-assos-exclusion-vraie-vie-affiches-6-beaucoup-pr\u00e9f\u00e8rent-toucher-le-RSA.jpg 695w\" sizes=\"auto, (max-width: 300px) 100vw, 300px\" \/><\/a>\u00a0\u00a0\u00a0\u00a0\u00a0\u00a0 Damien ADAM,<\/strong><em><strong> d\u00e9put\u00e9 LREM pour :<\/strong><\/em><\/h2>\n<h2><span style=\"color: #008000;\"><em><strong>\u00ab\u00a0Certaines personnes partent en vacances aux Bahamas gr\u00e2ce \u00e0 l&rsquo;Assurance-Ch\u00f4mage\u00a0\u00bb<\/strong><\/em><\/span><\/h2>\n<h2><em><strong>Le prix est une palme de plong\u00e9e en plomb pour nager avec les ch\u00f4meurs dans le grand bain de la pr\u00e9carit\u00e9&#8230;<\/strong><\/em><\/h2>\n<h2><strong>&#8230;que nous lui remettrons \u00e0 sa permanence en Seine-Maritime, car il n&rsquo;est pas venu le recevoir, trop occup\u00e9 par ses travaux \u00e0 l&rsquo;Asembl\u00e9e Nationale qui l&#8217;emp\u00eachent d&rsquo;aller aux Bahamas en passant par la Mairie du 2\u00e8me<\/strong><\/h2>\n<h2><\/h2>\n<h2><strong>De m\u00eame, toutes et tous les prim\u00e9(e)s se sont excus\u00e9(e)s de ne pouvoir assister \u00e0 leur triomphe \u00e0 cause d&rsquo;un emploi du temps trop charg\u00e9, ce que nous comprenons bien volontiers, aussi les avons-nous confi\u00e9s \u00e0 leurs sosies qui se feront un devoir de les leur remettre d\u00e8s que le hasard les mettra en pr\u00e9sence&#8230;<\/strong><\/h2>\n<h2><\/h2>\n<h2><strong>Cette c\u00e9r\u00e9monie s&rsquo;est d\u00e9roul\u00e9e sous l\u2019\u0153il et la plume de la Presse, en pr\u00e9sence des associations amies AC! APEIS et CGT- Ch\u00f4meurs, ainsi que diff\u00e9rentes associations, syndicats et partis politiques avec qui nous avons les m\u00eames valeurs et les m\u00eames buts et qui nous ont fait l&rsquo;amiti\u00e9 de partager ces instants de bonne humeur et un g\u00e2teau des Rois oh Combien R\u00e9publicain !<\/strong><\/h2>\n<h1><span style=\"color: #800000;\"><em><strong>Et Vive l&rsquo;Ann\u00e9e 2018, que nous esp\u00e9rons moins tristounette que 2017 !<\/strong><\/em><\/span><\/h1>\n<p>&nbsp;<\/p>\n<gcse:search><\/gcse:search>","protected":false},"excerpt":{"rendered":"<p>\u00a0 \u00a0 \u00a0 \u00a0\u00a0 Le 10 janvier, le MNCP (Mouvement National des Ch\u00f4meurs et Pr\u00e9caires) a pr\u00e9sent\u00e9 ses v\u0153ux \u00e0 la Presse dans les locaux de la Mairie du 2\u00e8me arrondissement de Paris que le Maire Jacques Boutault a mis aimablement \u00e0 notre disposition. Qu&rsquo;il en soit remerci\u00e9. Pour donner plus d&rsquo;\u00e9clat \u00e0 cet \u00e9v\u00e9nement, [&hellip;]<\/p>\n","protected":false},"author":1,"featured_media":0,"comment_status":"open","ping_status":"open","sticky":false,"template":"","format":"standard","meta":{"footnotes":""},"categories":[193],"tags":[194,103,50],"class_list":["post-20190","post","type-post","status-publish","format-standard","hentry","category-social","tag-chomage","tag-demarche-citoyenne","tag-discriminations"],"_links":{"self":[{"href":"https:\/\/alternatifs81.fr\/index.php?rest_route=\/wp\/v2\/posts\/20190","targetHints":{"allow":["GET"]}}],"collection":[{"href":"https:\/\/alternatifs81.fr\/index.php?rest_route=\/wp\/v2\/posts"}],"about":[{"href":"https:\/\/alternatifs81.fr\/index.php?rest_route=\/wp\/v2\/types\/post"}],"author":[{"embeddable":true,"href":"https:\/\/alternatifs81.fr\/index.php?rest_route=\/wp\/v2\/users\/1"}],"replies":[{"embeddable":true,"href":"https:\/\/alternatifs81.fr\/index.php?rest_route=%2Fwp%2Fv2%2Fcomments&post=20190"}],"version-history":[{"count":0,"href":"https:\/\/alternatifs81.fr\/index.php?rest_route=\/wp\/v2\/posts\/20190\/revisions"}],"wp:attachment":[{"href":"https:\/\/alternatifs81.fr\/index.php?rest_route=%2Fwp%2Fv2%2Fmedia&parent=20190"}],"wp:term":[{"taxonomy":"category","embeddable":true,"href":"https:\/\/alternatifs81.fr\/index.php?rest_route=%2Fwp%2Fv2%2Fcategories&post=20190"},{"taxonomy":"post_tag","embeddable":true,"href":"https:\/\/alternatifs81.fr\/index.php?rest_route=%2Fwp%2Fv2%2Ftags&post=20190"}],"curies":[{"name":"wp","href":"https:\/\/api.w.org\/{rel}","templated":true}]}}