{"id":2012,"date":"2011-07-07T00:07:04","date_gmt":"2011-07-06T22:07:04","guid":{"rendered":"http:\/\/alternatifs81.fr\/?p=2012"},"modified":"2011-09-09T22:41:48","modified_gmt":"2011-09-09T20:41:48","slug":"1er-devoir-de-vacances","status":"publish","type":"post","link":"https:\/\/alternatifs81.fr\/?p=2012","title":{"rendered":"1er \u00ab\u00a0Devoir\u00a0\u00bb de vacances . . ."},"content":{"rendered":"<p><strong><em><span style=\"color: #008000;\"><a href=\"http:\/\/alternatifs81.fr\/wp-content\/uploads\/manif-du-16-oct-1-150x1502.jpg\" rel=\"lightbox[2012]\"><img loading=\"lazy\" decoding=\"async\" class=\"alignleft size-full wp-image-2014\" title=\"manif-du-16-oct-1-150x150\" src=\"http:\/\/alternatifs81.fr\/wp-content\/uploads\/manif-du-16-oct-1-150x1502.jpg\" alt=\"\" width=\"150\" height=\"150\" \/><\/a>Un an d\u00e9j\u00e0. <\/span><\/em><\/strong><\/p>\n<p><strong><em><span style=\"color: #008000;\">La bataille contre la contre-r\u00e9fotme des retraites s\u2019organisait. <\/span><\/em><\/strong><\/p>\n<p><strong><em><span style=\"color: #008000;\">Elle allait mettre dans la rue des millions de personnes. <\/span><\/em><\/strong><\/p>\n<p><strong><em><span style=\"color: #008000;\">Un an apr\u00e8s, ce texte, celui de l\u2019intervention de notre camarade Roland MERIEUX \u00e0 l\u2019occasion du meeting unitaire du 15 septembre 2010 \u00e0 TOULOUSE prend de curieuses r\u00e9sonnances, d&rsquo;abord avec l&rsquo;annonce d&rsquo;un nouvel allongement de la dur\u00e9e de cotisations, ensuite avec les mouvements \u00ab\u00a0des Indign\u00e9s\u00a0\u00bb qui se d\u00e9veloppent partout en Europe. <\/span><\/em><\/strong><\/p>\n<p><strong><em><span style=\"color: #008000;\">Pr\u00e9monitoire\u00a0? <\/span><\/em><\/strong><\/p>\n<p><strong><em><span style=\"color: #008000;\">Il est int\u00e9ressant de le relire quelques mois apr\u00e8s, alors que se pr\u00e9parent \u2013dans la suite du mouvement de l\u2019automne 2010, d\u2019autres luttes, d\u2019autres batailles<\/span><\/em><\/strong><strong><span style=\"color: #008000;\">.<\/span> <\/strong><\/p>\n<p><strong>\u00a0<\/strong><\/p>\n<p><strong>\u00a0<\/strong><\/p>\n<p><strong>MEETING UNITAIRE :<\/strong><\/p>\n<p><strong>Pour faire entendre les exigences citoyennes sur les retraites, pour le retrait du projet de loi Sarkozy-Woerth<\/strong><em> <\/em>\u2015<\/p>\n<p><em>15 septembre 2010, Toulouse<\/em><\/p>\n<p style=\"text-align: right;\"><em>Intervention de Roland Merieux<\/em><\/p>\n<p style=\"text-align: right;\"><em>pour Les Alternatifs<strong><\/strong><\/em><\/p>\n<p style=\"text-align: right;\"><strong><em>\u00a0<\/em><\/strong><\/p>\n<p>\u00a0<\/p>\n<p><strong><em>\u00a0<\/em><\/strong><\/p>\n<p style=\"text-align: justify;\">Pour Les Alternatifs, tant qu&rsquo;on se contentera d&rsquo;am\u00e9nager \u00e0 la marge le syst\u00e8me capitaliste et financier, il n&rsquo;y aura pas <!--more-->de solution r\u00e9elle au probl\u00e8me du financement des retraites.<\/p>\n<p style=\"text-align: justify;\"><strong><em>\u00a0<\/em><\/strong><\/p>\n<p style=\"text-align: justify;\">C&rsquo;est tout l&rsquo;enjeu de l&rsquo;affrontement en cours avec la politique du gouvernement Sarkozy, Fillon, Woerth. Leur strat\u00e9gie s&rsquo;inscrit clairement dans les programmes que d\u00e9fendent les oligarchies financi\u00e8res dans tous les pays europ\u00e9ens. Cette offensive n\u00e9olib\u00e9rale g\u00e9n\u00e9ralis\u00e9e des droites europ\u00e9ennes s&rsquo;articule, en outre, avec le renforcement de politiques s\u00e9curitaires aux relents clairement x\u00e9nophobes et racistes, comme on a pu le constater cet \u00e9t\u00e9 en France.<\/p>\n<p style=\"text-align: justify;\"><strong><em>\u00a0<\/em><\/strong><\/p>\n<p style=\"text-align: justify;\">Mais l&rsquo;attaque contre le syst\u00e8me des retraites, c&rsquo;est d&rsquo;abord une man\u0153uvre brutale pour satisfaire les exigences des sp\u00e9culateurs et des agences de notation. On l&rsquo;a bien vu ces derniers mois en Gr\u00e8ce, en Espagne, au Portugal o\u00f9, malheureusement, des gouvernements qui se disent socialistes \u00a0ont d\u00e9cid\u00e9 de geler \u00a0\\ et m\u00eame de baisser \u00a0\\ les salaires et les retraites.<\/p>\n<p style=\"text-align: justify;\"><strong><em>\u00a0<\/em><\/strong><\/p>\n<p style=\"text-align: justify;\">Partout, ce sont les travailleurs et les travailleuses qui paient !<\/p>\n<p style=\"text-align: justify;\"><strong>Partout, les march\u00e9s ne cessent d&rsquo;en vouloir toujours plus !<em><\/em><\/strong><\/p>\n<p style=\"text-align: justify;\"><strong><em>\u00a0<\/em><\/strong><\/p>\n<p style=\"text-align: justify;\">En France, cette nouvelle contre-r\u00e9forme s&rsquo;inscrit dans le droit fil de celles de Balladur en 1993, puis de Raffarin et Fillon en 2003, qui ont toutes abouti \u00e0 une baisse g\u00e9n\u00e9ralis\u00e9e des retraites vers\u00e9es.<\/p>\n<p style=\"text-align: justify;\"><strong><em>\u00a0<\/em><\/strong><\/p>\n<p style=\"text-align: justify;\">[\u00a0Dans le contexte de ch\u00f4mage de masse actuel, avec 4 millions et demi d&rsquo;inscrits \u00e0 Pole Emploi, tout report de l&rsquo;\u00e2ge de d\u00e9part \u00e0 la retraite obligerait de nombreux ch\u00f4meurs \u00e0 se contenter pendant des ann\u00e9es des minima sociaux avant de pouvoir liquider leur retraite.<\/p>\n<p style=\"text-align: justify;\"><strong>\u00a0<\/strong><\/p>\n<p style=\"text-align: justify;\"><strong>Pour les femmes, contrairement \u00e0 ce qui est annonc\u00e9, les in\u00e9galit\u00e9s vont persister. Leurs retraites resteront inf\u00e9rieures de 30 \u00e0 40 % dans les prochaines ann\u00e9es.<em><\/em><\/strong><\/p>\n<p style=\"text-align: justify;\"><strong>Pour les jeunes, le moins qu&rsquo;on puisse dire est que l&rsquo;avenir s&rsquo;annonce peu enthousiasmant&#8230; et pour certains, particuli\u00e8rement sombre\u00a0: petits boulots, pr\u00e9carit\u00e9 li\u00e9s \u00e0 la d\u00e9r\u00e9gulation du march\u00e9 du travail, retraites de plus en plus hypoth\u00e9tiques&#8230;\u00a0]<em><\/em><\/strong><\/p>\n<p style=\"text-align: justify;\"><strong><em>\u00a0<\/em><\/strong><\/p>\n<p style=\"text-align: justify;\"><strong>Pourtant, Sarkozy nous avait annonc\u00e9 une r\u00e9forme <!--more-->soi-disant \u00e9quitable<\/strong><strong>\u0081<\/strong><strong> Qu&rsquo;on en juge\u00a0: 87\u00a0% des efforts seront \u00e0 la charge des salari\u00e9s, 13\u00a0% \u00e0 celle des revenus du capital.<em><\/em><\/strong><\/p>\n<p style=\"text-align: justify;\"><strong><em>\u00a0<\/em><\/strong><\/p>\n<p style=\"text-align: justify;\">Or aujourd&rsquo;hui, le d\u00e9ficit des diff\u00e9rents r\u00e9gimes de retraites n&rsquo;est que de 32 milliards d&rsquo;euros (alors que celui du budget de l&rsquo;Etat est de 240 milliards\u00a0!). Pour trouver ces 32 milliards, il suffirait de revenir sur les exon\u00e9rations de cotisations sociales, qui nous co\u00fbtent la bagatelle de 46 milliards d&rsquo;euros\u00a0!<\/p>\n<p style=\"text-align: justify;\"><strong>Alors, de qui se moque-t-on\u00a0?<em><\/em><\/strong><\/p>\n<p style=\"text-align: justify;\"><strong><em>\u00a0<\/em><\/strong><\/p>\n<p style=\"text-align: justify;\">L&rsquo;objectif est clair\u00a0: sous pr\u00e9texte de fatalit\u00e9 \u00e9conomique, faire de nous des serviteurs dociles du syst\u00e8me, des assist\u00e9s qu\u00e9mandant des miettes, des consommateurs ali\u00e9n\u00e9s, et tuer tout espoir d&rsquo;une v\u00e9ritable alternative sociale et \u00e9cologique.<\/p>\n<p style=\"text-align: justify;\"><strong>A ce projet global de r\u00e9gression, nous devons opposer une forte r\u00e9sistance citoyenne et politique. Apr\u00e8s les milliers, les millions de manifestants qui se sont retrouv\u00e9s dans les rues le 4 et le 7 septembre, apr\u00e8s les actions d&rsquo;aujourd&rsquo;hui, le 23 septembre doit servir \u00e0 renforcer, \u00e0 amplifier la mobilisation pour arriver \u00e0 un mouvement de l&rsquo;ampleur de ce que nous avons v\u00e9cu en d\u00e9cembre 95 <\/strong><strong>\u0081<\/strong><strong>\\ et m\u00eame au-del\u00e0\u00a0!<em><\/em><\/strong><\/p>\n<p style=\"text-align: justify;\"><strong><em>\u00a0<\/em><\/strong><\/p>\n<p style=\"text-align: justify;\">Mais la lutte pour pr\u00e9server les acquis ne doit pas nous masquer les d\u00e9fauts de l&rsquo;actuel syst\u00e8me de retraites. Car au fil des r\u00e9formes successives, ce syst\u00e8me est devenu injuste et in\u00e9galitaire, avec\u00a0:<\/p>\n<p style=\"text-align: justify;\"><strong><em>\u2014 <\/em><\/strong><strong>des in\u00e9galit\u00e9s entre g\u00e9n\u00e9rations,<em><\/em><\/strong><\/p>\n<p style=\"text-align: justify;\"><strong>\u2014 des in\u00e9galit\u00e9s entre public et priv\u00e9,<\/strong><\/p>\n<p style=\"text-align: justify;\"><strong><em>\u2014 <\/em><\/strong><strong>des in\u00e9galit\u00e9s entre branches et cat\u00e9gories socio-professionnelles,<em><\/em><\/strong><\/p>\n<p style=\"text-align: justify;\"><strong>\u2014 et m\u00eame des in\u00e9galit\u00e9s au sein d&rsquo;une m\u00eame branche professionnelle, voire d&rsquo;une m\u00eame d&rsquo;entreprise, tellement les statuts sont devenus morcel\u00e9s.<\/strong><\/p>\n<p style=\"text-align: justify;\"><strong><em>\u00a0<\/em><\/strong><\/p>\n<p style=\"text-align: justify;\">C&rsquo;est donc aussi, \u00e0 tr\u00e8s court terme, tout le syst\u00e8me des retraites qu&rsquo;une gauche digne de ce nom a le devoir de remettre \u00e0 plat\u00a0!<\/p>\n<p style=\"text-align: justify;\"><strong><em>\u00a0<\/em><\/strong><\/p>\n<p style=\"text-align: justify;\">Par ailleurs, on entend dire \u00e7a et l\u00e0 que la croissance, ou encore une meilleure r\u00e9partition des richesses ou de l&rsquo;argent, suffiraient \u00e0 r\u00e9gler le probl\u00e8me.<\/p>\n<p style=\"text-align: justify;\"><strong>Ce n&rsquo;est pas l&rsquo;avis des Alternatifs, qui ont toujours int\u00e9gr\u00e9, \u00e0 part enti\u00e8re, l&rsquo;\u00e9cologie et l&rsquo;altermondialisme dans leur projet social.<\/strong><\/p>\n<p style=\"text-align: justify;\"><strong><em>\u00a0<\/em><\/strong><\/p>\n<p style=\"text-align: justify;\">Or les limites de renouvellement naturel des ressources plan\u00e9taires sont d\u00e9j\u00e0 amplement d\u00e9pass\u00e9es. Et, surtout, les limites humaines de l&rsquo;exploitation des peuples ne sont pas extensibles \u00e0 l&rsquo;infini. On oublie trop souvent, ici, que notre croissance d&rsquo;Occidentaux s&rsquo;est tr\u00e8s largement faite &#8211; et continue \u00e0 se faire &#8211; \u00a0sur le dos de l&rsquo;exploitation coloniale et n\u00e9ocoloniale de continents entiers.<\/p>\n<p style=\"text-align: justify;\">Ces pratiques, socialement et environnementalement d\u00e9vastatrices, ne peuvent plus \\ et ne doivent plus durer.<\/p>\n<p style=\"text-align: justify;\"><strong><em>\u00a0<\/em><\/strong><\/p>\n<p style=\"text-align: justify;\"><strong>Quels que soient leur pugnacit\u00e9 ou leur d\u00e9vouement, les syndicats et les mouvements sociaux resteront d\u00e9sarm\u00e9s s&rsquo;ils ne peuvent pas s&rsquo;appuyer sur de v\u00e9ritables projets politiques coh\u00e9rents de changement global.<\/strong><\/p>\n<p style=\"text-align: justify;\"><strong><em>\u00a0<\/em><\/strong><\/p>\n<p style=\"text-align: justify;\"><strong>Ainsi, \u00e0 court terme, un projet alternatif pour les retraites passe par\u00a0:<\/strong><\/p>\n<p style=\"text-align: justify;\"><strong><em>\u2014 <\/em><\/strong><strong>la taxation de la finance,<em><\/em><\/strong><\/p>\n<p style=\"text-align: justify;\"><strong>\u2014 une nouvelle r\u00e9partition des ressources et des richesses, contre le cannibalisme capitaliste,<\/strong><\/p>\n<p style=\"text-align: justify;\"><strong><em>\u2014 <\/em><\/strong><strong>le droit \u00e0 un emploi reconnu et non pr\u00e9caire pour toutes et pour tous,<em><\/em><\/strong><\/p>\n<p style=\"text-align: justify;\"><strong>\u2014 l&rsquo;\u00e9largissement de l&rsquo;assiette des cotisations,<\/strong><\/p>\n<p style=\"text-align: justify;\"><strong><em>\u2014 <\/em><\/strong><strong>la fin de l&rsquo;exon\u00e9ration de cotisations sociales des heures suppl\u00e9mentaires,<em><\/em><\/strong><\/p>\n<p style=\"text-align: justify;\"><strong>\u2014 l&rsquo;instauration de cotisations sociales sur les stock-optiONs, au m\u00eame niveau que sur les salaires.<\/strong><\/p>\n<p style=\"text-align: justify;\"><strong><em>\u00a0<\/em><\/strong><\/p>\n<p style=\"text-align: justify;\">Mais pour nous, Les Alternatifs, il est aussi essentiel de mettre au c\u0153ur de la contre-offensive et du contre-projet politique\u00a0:<\/p>\n<p style=\"text-align: justify;\"><strong><em>\u2014 <\/em><\/strong><strong>une r\u00e9duction importante du temps de travail,<em><\/em><\/strong><\/p>\n<p style=\"text-align: justify;\"><strong>\u2014 la fin des in\u00e9galit\u00e9s salariales abusives, et donc le resserrement de l&rsquo;\u00e9ventail des salaires et des r\u00e9mun\u00e9rations,<\/strong><\/p>\n<p style=\"text-align: justify;\"><strong><em>\u2014 <\/em><\/strong><strong>la mise en place d&rsquo;un vrai revenu universel de citoyennet\u00e9, assorti de droits et de devoirs dont personne ne serait exon\u00e9r\u00e9.<em><\/em><\/strong><\/p>\n<p style=\"text-align: justify;\">\u00a0<\/p>\n<p style=\"text-align: justify;\">Il s&rsquo;agit notamment\u00a0:<\/p>\n<p style=\"text-align: justify;\"><strong>\u2014 d&rsquo;utiliser les gains de productivit\u00e9 pour r\u00e9cup\u00e9rer du temps pour vivre,<\/strong><\/p>\n<p style=\"text-align: justify;\"><strong><em>\u2014 <\/em><\/strong><strong>de s&rsquo;attaquer \u00e0 un productivisme destructeur, pilleur et gaspilleur,<em><\/em><\/strong><\/p>\n<p style=\"text-align: justify;\"><strong>\u2014 d&rsquo;\u00e9viter la cr\u00e9ation artificielle d&#8217;emplois inutiles ou nuisibles sous pr\u00e9texte d&rsquo;occuper tout le monde,<\/strong><\/p>\n<p style=\"text-align: justify;\"><strong><em>\u2014 <\/em><\/strong><strong>d&rsquo;abjurer la religion de la croissance du PIB,<em><\/em><\/strong><\/p>\n<p style=\"text-align: justify;\"><strong>\u2014 de mettre la justice sociale et environnementale au centre d&rsquo;un nouveau projet de soci\u00e9t\u00e9 \u00e9mancipateur.<\/strong><\/p>\n<p style=\"text-align: justify;\"><strong>Plus que jamais, nous devons reprendre nos destins en main.<em><\/em><\/strong><\/p>\n<p style=\"text-align: justify;\"><strong>En d\u00e9terminant nous-m\u00eames ce que nous souhaitons produire, fabriquer, r\u00e9parer, utiliser, consommer.<em><\/em><\/strong><\/p>\n<p style=\"text-align: justify;\"><strong><em>\u00a0<\/em><\/strong><\/p>\n<p style=\"text-align: justify;\">C&rsquo;est ainsi que nous pourrons :<\/p>\n<p style=\"text-align: justify;\"><strong><em>\u2014 <\/em><\/strong><strong>retisser des liens de solidarit\u00e9 (<em>\u00e0 la place du chacun pour soi qui fait le lit de la droite, et de l&rsquo;extr\u00eame-droite<\/em>),<em><\/em><\/strong><\/p>\n<p style=\"text-align: justify;\"><strong>\u2014 resocialiser les salaires au lieu de marchandiser nos vies,<\/strong><\/p>\n<p style=\"text-align: justify;\"><strong><em>\u2014 <\/em><\/strong><strong>retrouver une v\u00e9ritable souverainet\u00e9 populaire, et des pratiques solidaires et autogestionnaires \u00e0 la place de la dictature du fric.<em><\/em><\/strong><\/p>\n<p style=\"text-align: justify;\">\u00a0<\/p>\n<p style=\"text-align: justify;\">Jaur\u00e8s lui-m\u00eame ne disait-il pas, en 1910, lors du d\u00e9bat parlementaire sur les retraites ouvri\u00e8res, qu&rsquo;il trouvait absurde de se tuer \u00e0 la t\u00e2che jusqu&rsquo;\u00e0 un certain \u00a0\u00e2ge, puis de sombrer dans l&rsquo;inaction \u00e0 l&rsquo;heure dite\u00a0?<\/p>\n<p style=\"text-align: justify;\">C&rsquo;est ce qui l&rsquo;amenait \u00e0 \u00eatre partisan d&rsquo;une retraite progressive.<\/p>\n<p style=\"text-align: justify;\">\u00a0<\/p>\n<p style=\"text-align: justify;\">Cette position de Jaur\u00e8s pose, fondamentalement, la question de <strong>la finalit\u00e9<\/strong>, de <strong>l&rsquo;int\u00e9r\u00eat<\/strong>, et <strong>de la place du travail<\/strong> dans la soci\u00e9t\u00e9 et dans nos vies.<\/p>\n<p style=\"text-align: justify;\">\u00a0<\/p>\n<p style=\"text-align: justify;\">Comment organiser la soci\u00e9t\u00e9 que nous voulons\u00a0? Avec qui\u00a0? Au b\u00e9n\u00e9fice de qui\u00a0?<\/p>\n<p style=\"text-align: justify;\">\u00a0<\/p>\n<p style=\"text-align: justify;\">Si nous n&rsquo;avons pas le courage d&rsquo;avancer des r\u00e9ponses claires \u00e0 ces questions, si la gauche \u2015 et les \u00e9cologistes qui s&rsquo;en r\u00e9clament \u2015 n&rsquo;ouvrent pas de perspectives novatrices et cr\u00e9dibles, nous ne ferons qu&rsquo;aggraver le d\u00e9sint\u00e9r\u00eat croissant pour la politique d&rsquo;une tr\u00e8s grande partie de la population, et en particulier des couches populaires. Un d\u00e9sint\u00e9r\u00eat qui, \u00e0 chaque \u00e9ch\u00e9ance \u00e9lectorale, s&rsquo;exprime de plus en plus par l&rsquo;abstention ou par le refus de vote.<\/p>\n<p style=\"text-align: justify;\">\u00a0<\/p>\n<p style=\"text-align: justify;\">Oui, l&rsquo;unit\u00e9 de l&rsquo;ensemble de la gauche politique, sociale et \u00e9cologiste, est n\u00e9cessaire pour faire reculer les projets n\u00e9fastes de ce gouvernement et du MEDEF. Oui, il faut, dans les prochains jours, de fortes mobilisations sur les lieux de travail. Et la mise en place de nombreux collectifs unitaires et citoyens dans nos r\u00e9gions, nos villes et nos quartiers. Comme lors de la grande bataille victorieuse pour le NON au Trait\u00e9 constitutionnel.<\/p>\n<p style=\"text-align: justify;\">\u00a0<\/p>\n<p style=\"text-align: justify;\">Mais ne d\u00e9cevons pas.<\/p>\n<p style=\"text-align: justify;\">Cr\u00e9ons, d\u00e8s maintenant, les conditions pour de v\u00e9ritables changements de grande ampleur.<\/p>\n<p style=\"text-align: justify;\">\u00a0<\/p>\n<p style=\"text-align: justify;\">Surtout, n&rsquo;attendons pas 2012\u00a0!<\/p>\n<p style=\"text-align: justify;\">Refusons le risque, qui se profile d\u00e9j\u00e0, d&rsquo;un non-choix entre le candidat du FMI et celui du CAC 40&#8230; dont il n&rsquo;est pas s\u00fbr que les mobilisations populaires se rel\u00e8veraient.<\/p>\n<p style=\"text-align: justify;\">\u00a0<\/p>\n<p style=\"text-align: justify;\">Enfin, et j&rsquo;en terminerai l\u00e0, le mouvement social en France est observ\u00e9 attentivement dans toute l&rsquo;Europe. Toute victoire, m\u00eame partielle, contre le diktat de la finance aurait des r\u00e9percussions importantes pour l&rsquo;ensemble du mouvement social europ\u00e9en.<\/p>\n<p style=\"text-align: justify;\">\u00a0<\/p>\n<p style=\"text-align: justify;\">Alors, tous ensemble le 23, et dans les jours qui suivront\u00a0!<\/p>\n<p style=\"text-align: justify;\">Ne laissons aucun r\u00e9pit \u00e0 ce gouvernement !<a href=\"http:\/\/alternatifs81.fr\/wp-content\/uploads\/manif-du-16-oct-1-150x1501.jpg\" rel=\"lightbox[2012]\"><img loading=\"lazy\" decoding=\"async\" class=\"alignleft size-full wp-image-2013\" title=\"manif-du-16-oct-1-150x150\" src=\"http:\/\/alternatifs81.fr\/wp-content\/uploads\/manif-du-16-oct-1-150x1501.jpg\" alt=\"\" width=\"150\" height=\"150\" \/><\/a><\/p>\n<p>\u00a0<!--more--><\/p>\n<gcse:search><\/gcse:search>","protected":false},"excerpt":{"rendered":"<p>Un an d\u00e9j\u00e0. La bataille contre la contre-r\u00e9fotme des retraites s\u2019organisait. Elle allait mettre dans la rue des millions de personnes. Un an apr\u00e8s, ce texte, celui de l\u2019intervention de notre camarade Roland MERIEUX \u00e0 l\u2019occasion du meeting unitaire du 15 septembre 2010 \u00e0 TOULOUSE prend de curieuses r\u00e9sonnances, d&rsquo;abord avec l&rsquo;annonce d&rsquo;un nouvel allongement [&hellip;]<\/p>\n","protected":false},"author":1,"featured_media":0,"comment_status":"open","ping_status":"closed","sticky":false,"template":"","format":"standard","meta":{"footnotes":""},"categories":[126,21,6],"tags":[34,46,103,54,91],"class_list":["post-2012","post","type-post","status-publish","format-standard","hentry","category-gauche-de-combat","category-les-alters-dans-les-luttes","category-notre-projet","tag-alternatifs","tag-continuer","tag-demarche-citoyenne","tag-luttes-mobilisation-retraites-alternatifs","tag-unite"],"_links":{"self":[{"href":"https:\/\/alternatifs81.fr\/index.php?rest_route=\/wp\/v2\/posts\/2012","targetHints":{"allow":["GET"]}}],"collection":[{"href":"https:\/\/alternatifs81.fr\/index.php?rest_route=\/wp\/v2\/posts"}],"about":[{"href":"https:\/\/alternatifs81.fr\/index.php?rest_route=\/wp\/v2\/types\/post"}],"author":[{"embeddable":true,"href":"https:\/\/alternatifs81.fr\/index.php?rest_route=\/wp\/v2\/users\/1"}],"replies":[{"embeddable":true,"href":"https:\/\/alternatifs81.fr\/index.php?rest_route=%2Fwp%2Fv2%2Fcomments&post=2012"}],"version-history":[{"count":0,"href":"https:\/\/alternatifs81.fr\/index.php?rest_route=\/wp\/v2\/posts\/2012\/revisions"}],"wp:attachment":[{"href":"https:\/\/alternatifs81.fr\/index.php?rest_route=%2Fwp%2Fv2%2Fmedia&parent=2012"}],"wp:term":[{"taxonomy":"category","embeddable":true,"href":"https:\/\/alternatifs81.fr\/index.php?rest_route=%2Fwp%2Fv2%2Fcategories&post=2012"},{"taxonomy":"post_tag","embeddable":true,"href":"https:\/\/alternatifs81.fr\/index.php?rest_route=%2Fwp%2Fv2%2Ftags&post=2012"}],"curies":[{"name":"wp","href":"https:\/\/api.w.org\/{rel}","templated":true}]}}