{"id":19789,"date":"2017-09-26T23:04:06","date_gmt":"2017-09-26T22:04:06","guid":{"rendered":"http:\/\/alternatifs81.fr\/?p=19789"},"modified":"2018-11-24T23:40:47","modified_gmt":"2018-11-24T22:40:47","slug":"declaration-de-solidarite-avec-le-peuple-catalan-des-organisations-independantistes-des-nations-sans-etat-sous-domination-francaise","status":"publish","type":"post","link":"https:\/\/alternatifs81.fr\/?p=19789","title":{"rendered":"D\u00e9claration de solidarit\u00e9 avec le peuple Catalan des organisations ind\u00e9pendantistes des nations sans \u00c9tat sous domination fran\u00e7aise"},"content":{"rendered":"<header class=\"entry-header\">\n<div class=\"entry-byline\"><\/div>\n<\/header>\n<div class=\"entry-content\">\n<h3><span style=\"color: #008000;\"><em>A l&rsquo;occasion d&rsquo;une marche de solidarit\u00e9 avec le peuple catalan sur le Menez Br\u00e9 en Bretagne, dans le cadre de l&rsquo;universit\u00e9 d&rsquo;\u00e9t\u00e9 de la Gauche Ind\u00e9pendantiste Bretonne, a \u00e9t\u00e9 rendu public un document unitaire. Il s&rsquo;agit d&rsquo;un manifeste de solidarit\u00e9 avec le peuple catalan sign\u00e9 par de nombreuses organisations \u00e9voluant dans les nations sans \u00e9tat sous domination fran\u00e7aise. Il souligne les implications dans l&rsquo;\u00e9tat fran\u00e7ais du processus catalan et appelle \u00e0 renforcer le mouvement de solidarit\u00e9 avec le peuple catalan.<\/em><\/span><\/h3>\n<h1 align=\"CENTER\"><span style=\"color: #808000;\"><b>Manifeste de solidarit\u00e9 avec le peuple catalan.<\/b><\/span><\/h1>\n<h2 align=\"JUSTIFY\"><a href=\"http:\/\/alternatifs81.fr\/wp-content\/uploads\/libert\u00e9-.jpg\" rel=\"lightbox[19789]\"><img loading=\"lazy\" decoding=\"async\" class=\"alignleft wp-image-19791 size-medium\" src=\"http:\/\/alternatifs81.fr\/wp-content\/uploads\/libert\u00e9--227x300.jpg\" alt=\"\" width=\"227\" height=\"300\" srcset=\"https:\/\/alternatifs81.fr\/wp-content\/uploads\/libert\u00e9--227x300.jpg 227w, https:\/\/alternatifs81.fr\/wp-content\/uploads\/libert\u00e9--768x1013.jpg 768w, https:\/\/alternatifs81.fr\/wp-content\/uploads\/libert\u00e9--776x1024.jpg 776w, https:\/\/alternatifs81.fr\/wp-content\/uploads\/libert\u00e9-.jpg 800w\" sizes=\"auto, (max-width: 227px) 100vw, 227px\" \/><\/a>\u00a0\u00a0 Le 1er\u00a0octobre, le peuple catalan est invit\u00e9 \u00e0 se prononcer sur l&rsquo;ind\u00e9pendance de la Catalogne dans le cadre d&rsquo;un r\u00e9f\u00e9rendum auto-organis\u00e9 dont la l\u00e9galit\u00e9 est contest\u00e9e par le pouvoir Espagnol.<\/h2>\n<h2 align=\"JUSTIFY\">Les mesures d&rsquo;intimidation diverses se succ\u00e8dent\u00a0: perquisitions des entreprises susceptibles de fabriquer du mat\u00e9riel de vote, d\u00e9ploiement ostensible de l&rsquo;arm\u00e9e et de la police espagnoles, tentative d&rsquo;interdiction du site internet de promotion du r\u00e9f\u00e9rendum, convocation judiciaire de plus de 700 \u00e9lus s&rsquo;\u00e9tant engag\u00e9s \u00e0 favoriser dans leurs communes la tenue du vote, restrictions du droit de r\u00e9union&#8230;<\/h2>\n<h2 align=\"JUSTIFY\">Nos organisations implant\u00e9es dans des nations sans \u00e9tat sous domination fran\u00e7aise tiennent \u00e0 r\u00e9affirmer leur soutien\u00a0:\u00a0\u00a0\u00a0 <a href=\"http:\/\/alternatifs81.fr\/wp-content\/uploads\/130px-Flag_of_Catalonia.svg_.png\" rel=\"lightbox[19789]\"><img loading=\"lazy\" decoding=\"async\" class=\"alignright wp-image-19697\" src=\"http:\/\/alternatifs81.fr\/wp-content\/uploads\/130px-Flag_of_Catalonia.svg_.png\" alt=\"\" width=\"260\" height=\"174\" \/><\/a><\/h2>\n<ul>\n<li>\n<h2 align=\"JUSTIFY\">Au droit inali\u00e9nable et l\u00e9gitime du peuple catalan \u00e0 choisir sans contrainte et sans peur son avenir.<\/h2>\n<\/li>\n<li>\n<h2 align=\"JUSTIFY\">Son droit \u00e0 proclamer \u00e0 l&rsquo;issue de ce vote une r\u00e9publique catalane ind\u00e9pendante.<\/h2>\n<\/li>\n<\/ul>\n<h2 align=\"JUSTIFY\">Par ailleurs, elles invitent les d\u00e9mocrates, les peuples et les travailleurs du monde et en premier lieu dans l&rsquo;\u00e9tat fran\u00e7ais \u00e0 exprimer publiquement leur soutien au peuple catalan qui fait vaciller par sa d\u00e9termination \u00e0 voter un r\u00e9gime monarchique vieillissant issue de la dictature franquiste.\u00a0\u00a0\u00a0 <!--more--><\/h2>\n<h2 align=\"JUSTIFY\"><a href=\"http:\/\/alternatifs81.fr\/wp-content\/uploads\/libert\u00e9-de-parler.jpg\" rel=\"lightbox[19789]\"><img loading=\"lazy\" decoding=\"async\" class=\"alignleft wp-image-19699 size-medium\" src=\"http:\/\/alternatifs81.fr\/wp-content\/uploads\/libert\u00e9-de-parler-217x300.jpg\" alt=\"\" width=\"217\" height=\"300\" srcset=\"https:\/\/alternatifs81.fr\/wp-content\/uploads\/libert\u00e9-de-parler-217x300.jpg 217w, https:\/\/alternatifs81.fr\/wp-content\/uploads\/libert\u00e9-de-parler-768x1062.jpg 768w, https:\/\/alternatifs81.fr\/wp-content\/uploads\/libert\u00e9-de-parler-741x1024.jpg 741w, https:\/\/alternatifs81.fr\/wp-content\/uploads\/libert\u00e9-de-parler.jpg 800w\" sizes=\"auto, (max-width: 217px) 100vw, 217px\" \/><\/a>\u00a0\u00a0\u00a0 La contribution du peuple catalan \u00e0 redonner du sens \u00e0 la d\u00e9mocratie est incontestable. Le processus catalan pour l&rsquo;ind\u00e9pendance est\u00a0riche d&rsquo;enseignements car il explique de fa\u00e7on \u00e9loquente que le droit \u00e0 l&rsquo;autod\u00e9termination ne se qu\u00e9mande pas mais qu&rsquo;il s&rsquo;exerce sans attendre l&rsquo;autorisation des \u00e9tats ou de l&rsquo;Union Europ\u00e9enne. Il redonne du sens aux concepts de souverainet\u00e9, d&rsquo;auto-gouvernance, d&rsquo;auto-organisation \u00e0 un moment ou les \u00e9changes \u00e9conomiques mondiaux se construisent plus que jamais au m\u00e9pris de l&rsquo;avis des peuples et au d\u00e9triment du plus grand nombre et de l&rsquo;environnement.<\/h2>\n<h2 align=\"JUSTIFY\">Beaucoup d&rsquo;organisations de lib\u00e9ration des autres peuples sous\u00a0\u00a0\u00a0 <a href=\"http:\/\/alternatifs81.fr\/wp-content\/uploads\/Langues-r\u00e9gionales-PATRIMOINE.jpg\" rel=\"lightbox[19789]\"><img loading=\"lazy\" decoding=\"async\" class=\"alignright wp-image-19790 size-medium\" src=\"http:\/\/alternatifs81.fr\/wp-content\/uploads\/Langues-r\u00e9gionales-PATRIMOINE-240x300.jpg\" alt=\"\" width=\"240\" height=\"300\" srcset=\"https:\/\/alternatifs81.fr\/wp-content\/uploads\/Langues-r\u00e9gionales-PATRIMOINE-240x300.jpg 240w, https:\/\/alternatifs81.fr\/wp-content\/uploads\/Langues-r\u00e9gionales-PATRIMOINE.jpg 768w\" sizes=\"auto, (max-width: 240px) 100vw, 240px\" \/><\/a>domination espagnole soutiennent le processus catalan mais nous rappelons que l&rsquo;\u00e9tat fran\u00e7ais aussi occupe une partie des pays catalans et lui nie tout droit \u00e0 choisir librement son destin.<\/h2>\n<h2 align=\"JUSTIFY\">Notre solidarit\u00e9 internationaliste envers le peuple catalan ne conna\u00eet pas les fronti\u00e8res franco-espagnoles et nous affirmons \u00e9galement que les catalans comme tous les peuples sous domination fran\u00e7aise devraient pouvoir exercer eux aussi leur droit \u00e0 librement se d\u00e9terminer pour construire un autre mod\u00e8le politique, social et environnemental aux b\u00e9n\u00e9fices de la majorit\u00e9 pour se d\u00e9barrasser du capitalisme, du colonialisme et de l&rsquo;imp\u00e9rialisme.<\/h2>\n<h2 align=\"JUSTIFY\"><span style=\"color: #0000ff;\"><em><b>Organisation signataires\u00a0:<\/b><\/em><\/span><\/h2>\n<h2 align=\"JUSTIFY\"><span style=\"color: #0000ff;\"><em><span class=\"wdg-select-all-ok\">\u2022<\/span> Catalogne\u00a0: CUP Perpinya<\/em><\/span><\/h2>\n<h2 align=\"JUSTIFY\"><span style=\"color: #0000ff;\"><em><span class=\"wdg-select-all-ok\">\u2022<\/span> Corse\u00a0: A Manca<\/em><\/span><\/h2>\n<h2 align=\"JUSTIFY\"><span style=\"color: #0000ff;\"><em><span class=\"wdg-select-all-ok\">\u2022<\/span> Flandres\u00a0: V-SB<\/em><\/span><\/h2>\n<h2 align=\"JUSTIFY\"><span style=\"color: #0000ff;\"><em><span class=\"wdg-select-all-ok\">\u2022<\/span> Bretagne\u00a0: Breizh O Stourm (Gauche Ind\u00e9pendantiste)<\/em><\/span><\/h2>\n<h2 align=\"JUSTIFY\"><span style=\"color: #0000ff;\"><em><span class=\"wdg-select-all-ok\">\u2022<\/span> Pays Basque\u00a0: Euskal Herria Bai, Askapena<\/em><\/span><\/h2>\n<h2 align=\"JUSTIFY\"><span style=\"color: #0000ff;\"><em><span class=\"wdg-select-all-ok\">\u2022<\/span> Martinique\u00a0: CNCP, PKLS<\/em><\/span><\/h2>\n<h2 align=\"JUSTIFY\"><span style=\"color: #0000ff;\"><em><span class=\"wdg-select-all-ok\">\u2022<\/span> Occitanie\u00a0: Collectiu Comunista Combat Proletari<\/em><\/span><\/h2>\n<h2 align=\"JUSTIFY\"><span style=\"color: #0000ff;\"><em><span class=\"wdg-select-all-ok\">\u2022<\/span> Guyane\u00a0: MDES<\/em><\/span><\/h2>\n<h2 align=\"JUSTIFY\"><span style=\"color: #0000ff;\"><em><span class=\"wdg-select-all-ok\">\u2022<\/span> Polyn\u00e9sie\u00a0: Tavini Huiratira<\/em><\/span><\/h2>\n<\/div>\n<p>&nbsp;<\/p>\n<gcse:search><\/gcse:search>","protected":false},"excerpt":{"rendered":"<p>A l&rsquo;occasion d&rsquo;une marche de solidarit\u00e9 avec le peuple catalan sur le Menez Br\u00e9 en Bretagne, dans le cadre de l&rsquo;universit\u00e9 d&rsquo;\u00e9t\u00e9 de la Gauche Ind\u00e9pendantiste Bretonne, a \u00e9t\u00e9 rendu public un document unitaire. Il s&rsquo;agit d&rsquo;un manifeste de solidarit\u00e9 avec le peuple catalan sign\u00e9 par de nombreuses organisations \u00e9voluant dans les nations sans \u00e9tat [&hellip;]<\/p>\n","protected":false},"author":1,"featured_media":0,"comment_status":"open","ping_status":"open","sticky":false,"template":"","format":"standard","meta":{"footnotes":""},"categories":[147,208,217,1],"tags":[],"class_list":["post-19789","post","type-post","status-publish","format-standard","hentry","category-international","category-langues-regionales-et-minoritaires","category-libertes","category-non-classe"],"_links":{"self":[{"href":"https:\/\/alternatifs81.fr\/index.php?rest_route=\/wp\/v2\/posts\/19789","targetHints":{"allow":["GET"]}}],"collection":[{"href":"https:\/\/alternatifs81.fr\/index.php?rest_route=\/wp\/v2\/posts"}],"about":[{"href":"https:\/\/alternatifs81.fr\/index.php?rest_route=\/wp\/v2\/types\/post"}],"author":[{"embeddable":true,"href":"https:\/\/alternatifs81.fr\/index.php?rest_route=\/wp\/v2\/users\/1"}],"replies":[{"embeddable":true,"href":"https:\/\/alternatifs81.fr\/index.php?rest_route=%2Fwp%2Fv2%2Fcomments&post=19789"}],"version-history":[{"count":0,"href":"https:\/\/alternatifs81.fr\/index.php?rest_route=\/wp\/v2\/posts\/19789\/revisions"}],"wp:attachment":[{"href":"https:\/\/alternatifs81.fr\/index.php?rest_route=%2Fwp%2Fv2%2Fmedia&parent=19789"}],"wp:term":[{"taxonomy":"category","embeddable":true,"href":"https:\/\/alternatifs81.fr\/index.php?rest_route=%2Fwp%2Fv2%2Fcategories&post=19789"},{"taxonomy":"post_tag","embeddable":true,"href":"https:\/\/alternatifs81.fr\/index.php?rest_route=%2Fwp%2Fv2%2Ftags&post=19789"}],"curies":[{"name":"wp","href":"https:\/\/api.w.org\/{rel}","templated":true}]}}