{"id":19695,"date":"2017-09-20T21:17:28","date_gmt":"2017-09-20T20:17:28","guid":{"rendered":"http:\/\/alternatifs81.fr\/?p=19695"},"modified":"2018-11-24T23:41:23","modified_gmt":"2018-11-24T22:41:23","slug":"la-democratie-est-en-danger-en-espagne-reaction-de-jean-ortiz-aucoup-detat-en-catalogne","status":"publish","type":"post","link":"https:\/\/alternatifs81.fr\/?p=19695","title":{"rendered":"La d\u00e9mocratie est en danger en Espagne ! R\u00e9action de Jean ORTIZ au \u00ab\u00a0Coup d\u2019\u00c9tat\u00a0\u00bb en Catalogne"},"content":{"rendered":"<h1><span style=\"color: #008000;\"><strong>La d\u00e9mocratie est en danger en Espagne<\/strong><\/span><\/h1>\n<p>&nbsp;<\/p>\n<h2><a href=\"http:\/\/alternatifs81.fr\/wp-content\/uploads\/130px-Flag_of_Catalonia.svg_.png\" rel=\"lightbox[19695]\"><img loading=\"lazy\" decoding=\"async\" class=\"alignleft wp-image-19697\" src=\"http:\/\/alternatifs81.fr\/wp-content\/uploads\/130px-Flag_of_Catalonia.svg_.png\" alt=\"\" width=\"300\" height=\"201\" \/><\/a>\u00a0\u00a0\u00a0 Menac\u00e9e non par les \u00ab\u00a0ind\u00e9pendantistes\u00a0\u00bb catalans, mais par le comportement brutal, r\u00e9pressif, n\u00e9o-franquiste, du Parti populaire.<\/h2>\n<h2>Nous devons condamner avec la plus grande \u00e9nergie, et col\u00e8re, le v\u00e9ritable coup d\u2019Etat de Rajoy en Catalogne. Des si\u00e8ges officiels de la Generalitat, de partis politiques \u00ab\u00a0ind\u00e9pendantistes\u00a0\u00bb ont \u00e9t\u00e9 perquisitionn\u00e9s, des documents et du mat\u00e9riel \u00e9lectoral saisis, des responsables politiques arr\u00eat\u00e9s. Cela nous ram\u00e8ne aux heures noires du franquisme.<\/h2>\n<h2><\/h2>\n<h2>Le gouvernement du Parti populaire, \u00e9lu par la fraude et la corruption, doit laisser les Catalans d\u00e9cider librement de leur avenir. Le \u00ab\u00a0mod\u00e8le\u00a0\u00bb issu de la \u00ab\u00a0Transition\u00a0\u00bb a fait naufrage. Quelles que soient nos positions respectives sur le \u00ab\u00a0probl\u00e8me catalan\u00a0\u00bb, nous ne pouvons tol\u00e9rer ce coup de force du PP contre le droit des peuples \u00e0 disposer d\u2019eux-m\u00eames.<\/h2>\n<h2><\/h2>\n<h2>Seul un dialogue v\u00e9ritable, dans le respect des pr\u00e9rogatives et propositions des diff\u00e9rentes institutions, des \u00e9lus, des choix <a href=\"http:\/\/alternatifs81.fr\/wp-content\/uploads\/libert\u00e9-de-parler.jpg\" rel=\"lightbox[19695]\"><img loading=\"lazy\" decoding=\"async\" class=\"alignright wp-image-19699 size-medium\" src=\"http:\/\/alternatifs81.fr\/wp-content\/uploads\/libert\u00e9-de-parler-217x300.jpg\" alt=\"\" width=\"217\" height=\"300\" srcset=\"https:\/\/alternatifs81.fr\/wp-content\/uploads\/libert\u00e9-de-parler-217x300.jpg 217w, https:\/\/alternatifs81.fr\/wp-content\/uploads\/libert\u00e9-de-parler-768x1062.jpg 768w, https:\/\/alternatifs81.fr\/wp-content\/uploads\/libert\u00e9-de-parler-741x1024.jpg 741w, https:\/\/alternatifs81.fr\/wp-content\/uploads\/libert\u00e9-de-parler.jpg 800w\" sizes=\"auto, (max-width: 217px) 100vw, 217px\" \/><\/a>populaires, pourra \u00e9viter l\u2019irr\u00e9parable. La strat\u00e9gie de la tension du gouvernement Rajoy, d\u00e9lib\u00e9r\u00e9e, instrumentalis\u00e9e, peut d\u00e9boucher sur un bain de sang. Le calcul des n\u00e9o-franquistes est revanchard, politique et politicien. La d\u00e9mocratie espagnole, certes bancale, traverse sans doute sa plus grave crise depuis le \u00ab\u00a0Tejerazo\u00a0\u00bb. Les classes dominantes s\u2019accrochent \u00e0 la d\u00e9fense du \u00ab\u00a0mod\u00e8le\u00a0\u00bb pour pr\u00e9server leur statut et les profits capitalistes.<\/h2>\n<h2><\/h2>\n<h2><span style=\"color: #808000;\">Ne nous taisons pas\u00a0! La situation en Catalogne concerne tous les d\u00e9mocrates. Oui \u00e0 une Espagne de toutes les Espagne\u00a0!<\/span><\/h2>\n<h2><\/h2>\n<h2><span style=\"color: #0000ff;\">Jean Ortiz<\/span><\/h2>\n<gcse:search><\/gcse:search>","protected":false},"excerpt":{"rendered":"<p>La d\u00e9mocratie est en danger en Espagne &nbsp; \u00a0\u00a0\u00a0 Menac\u00e9e non par les \u00ab\u00a0ind\u00e9pendantistes\u00a0\u00bb catalans, mais par le comportement brutal, r\u00e9pressif, n\u00e9o-franquiste, du Parti populaire. Nous devons condamner avec la plus grande \u00e9nergie, et col\u00e8re, le v\u00e9ritable coup d\u2019Etat de Rajoy en Catalogne. Des si\u00e8ges officiels de la Generalitat, de partis politiques \u00ab\u00a0ind\u00e9pendantistes\u00a0\u00bb ont \u00e9t\u00e9 [&hellip;]<\/p>\n","protected":false},"author":1,"featured_media":0,"comment_status":"open","ping_status":"open","sticky":false,"template":"","format":"standard","meta":{"footnotes":""},"categories":[217,173],"tags":[43,127,117,101,23],"class_list":["post-19695","post","type-post","status-publish","format-standard","hentry","category-libertes","category-no-pasaran","tag-appel","tag-catalogne","tag-democratie","tag-espagne","tag-luttes"],"_links":{"self":[{"href":"https:\/\/alternatifs81.fr\/index.php?rest_route=\/wp\/v2\/posts\/19695","targetHints":{"allow":["GET"]}}],"collection":[{"href":"https:\/\/alternatifs81.fr\/index.php?rest_route=\/wp\/v2\/posts"}],"about":[{"href":"https:\/\/alternatifs81.fr\/index.php?rest_route=\/wp\/v2\/types\/post"}],"author":[{"embeddable":true,"href":"https:\/\/alternatifs81.fr\/index.php?rest_route=\/wp\/v2\/users\/1"}],"replies":[{"embeddable":true,"href":"https:\/\/alternatifs81.fr\/index.php?rest_route=%2Fwp%2Fv2%2Fcomments&post=19695"}],"version-history":[{"count":0,"href":"https:\/\/alternatifs81.fr\/index.php?rest_route=\/wp\/v2\/posts\/19695\/revisions"}],"wp:attachment":[{"href":"https:\/\/alternatifs81.fr\/index.php?rest_route=%2Fwp%2Fv2%2Fmedia&parent=19695"}],"wp:term":[{"taxonomy":"category","embeddable":true,"href":"https:\/\/alternatifs81.fr\/index.php?rest_route=%2Fwp%2Fv2%2Fcategories&post=19695"},{"taxonomy":"post_tag","embeddable":true,"href":"https:\/\/alternatifs81.fr\/index.php?rest_route=%2Fwp%2Fv2%2Ftags&post=19695"}],"curies":[{"name":"wp","href":"https:\/\/api.w.org\/{rel}","templated":true}]}}