{"id":19667,"date":"2017-09-13T23:34:11","date_gmt":"2017-09-13T22:34:11","guid":{"rendered":"http:\/\/alternatifs81.fr\/?p=19667"},"modified":"2018-11-24T23:41:55","modified_gmt":"2018-11-24T22:41:55","slug":"loi-travail-2-xxl-pour-annuler-1936-1945-1968-1981-dimanche-10-septembre-2017-par-christian-mahieux","status":"publish","type":"post","link":"https:\/\/alternatifs81.fr\/?p=19667","title":{"rendered":"Loi travail 2 (XXL) : pour annuler 1936, 1945, 1968, 1981\u2026 dimanche 10 septembre 2017, par Christian Mahieux*"},"content":{"rendered":"<div class=\"post-header\"><\/div>\n<div class=\"separator\">\n<h2><a href=\"https:\/\/3.bp.blogspot.com\/-OzWYJhYcTnE\/WbZAtZio4mI\/AAAAAAAAT6k\/bF2EBpRgE0Afexv8LNeEKFuiTVNedvlbgCLcBGAs\/s1600\/christian-mahieux-photo-philippe-juste.jpg\" rel=\"lightbox[19667]\"><img loading=\"lazy\" decoding=\"async\" class=\"alignleft\" src=\"https:\/\/3.bp.blogspot.com\/-OzWYJhYcTnE\/WbZAtZio4mI\/AAAAAAAAT6k\/bF2EBpRgE0Afexv8LNeEKFuiTVNedvlbgCLcBGAs\/s200\/christian-mahieux-photo-philippe-juste.jpg\" width=\"200\" height=\"134\" border=\"0\" data-original-height=\"457\" data-original-width=\"679\" \/><\/a><\/h2>\n<\/div>\n<h2 id=\"post-body-358156623907475698\" class=\"post-body entry-content\"><b>Les dispositions antisociales de la loi Travail 2 sont nombreuses. La CGT, l\u2019Union syndicale Solidaires, la CNT-SO, mais aussi le Syndicat des Avocats de France, le Syndicat de la Magistrature ou encore la Ligue des Droits de l\u2019Homme ont produit des analyses pertinentes et compl\u00e8tes. Nous nous attarderons ici sur le seul volet relatif au fait syndical.\u00a0<\/b><\/h2>\n<h2 class=\"post-body entry-content\"><b><\/b> <b>Il comprend deux aspects :\u00a0<\/b> <b><\/b> <b>\u00a0<\/b><\/h2>\n<h2 class=\"post-body entry-content\"><b>1\u00b0 la disparition des instances repr\u00e9sentatives du personnel CHSCT, DP et CE [1], remplac\u00e9es par un Comit\u00e9 Social et Economique aux contours encore incertain mais dont il est d\u00e9j\u00e0 act\u00e9 qu\u2019il ent\u00e9rinera la suppression de plusieurs attributions et droits des d\u00e9l\u00e9gations actuellement existantes ;\u00a0<\/b> <b><\/b> <b>\u00a0<\/b><\/h2>\n<h2 class=\"post-body entry-content\"><b>2\u00b0 l\u2019extension des moyens donn\u00e9s \u00e0 l\u2019employeur de contourner les sections syndicales d\u2019entreprise, pour imposer des mesures, m\u00eame tr\u00e8s majoritairement refus\u00e9es par celles-ci.\u00a0<\/b> <a name=\"more\"><\/a> <b><\/b> <b>D\u2019o\u00f9 viennent ces droits des travailleurs et des travailleuses dont le patronat est en passe d\u2019obtenir la suppression ? \u00a0 \u00a0\u00a0<\/b> <b><\/b><\/h2>\n<p><!--more--><\/p>\n<h2 class=\"post-body entry-content\"><b>\u2022 La g\u00e9n\u00e9ralisation des D\u00e9l\u00e9gu\u00e9s du Personnel dans les\u00a0\u00a0\u00a0\u00a0\u00a0 <a href=\"http:\/\/alternatifs81.fr\/wp-content\/uploads\/n\u00e9gociations.jpg\" rel=\"lightbox[19667]\"><img loading=\"lazy\" decoding=\"async\" class=\"alignright wp-image-19602 size-medium\" src=\"http:\/\/alternatifs81.fr\/wp-content\/uploads\/n\u00e9gociations-209x300.jpg\" alt=\"\" width=\"209\" height=\"300\" srcset=\"https:\/\/alternatifs81.fr\/wp-content\/uploads\/n\u00e9gociations-209x300.jpg 209w, https:\/\/alternatifs81.fr\/wp-content\/uploads\/n\u00e9gociations-768x1103.jpg 768w, https:\/\/alternatifs81.fr\/wp-content\/uploads\/n\u00e9gociations-713x1024.jpg 713w, https:\/\/alternatifs81.fr\/wp-content\/uploads\/n\u00e9gociations.jpg 800w\" sizes=\"auto, (max-width: 209px) 100vw, 209px\" \/><\/a>\u00e9tablissements d\u2019au moins onze salari\u00e9s date de la loi du 24 juin 1936 qui reprenait l\u00e0 une des dispositions des accords Matignon sign\u00e9s durant la gr\u00e8ve g\u00e9n\u00e9rale de mai-juin.\u00a0<\/b> <b><\/b><\/h2>\n<h2 class=\"post-body entry-content\"><b>\u2022 Les Comit\u00e9s d\u2019Entreprise ont \u00e9t\u00e9 institu\u00e9s par les Ordonnances du 22 f\u00e9vrier 1945, en application du programme du Conseil National de la R\u00e9sistance, dont le patronat \u00e9tait tr\u00e8s majoritairement \u00e9cart\u00e9 car ayant collabor\u00e9 avec les r\u00e9gimes fascistes.\u00a0<\/b><\/h2>\n<h2 class=\"post-body entry-content\"><b><\/b> <b>\u2022 La section syndicale d\u2019entreprise devint l\u00e9gale par la loi du 27 d\u00e9cembre 1968, concr\u00e9tisant un des engagements pris lors des n\u00e9gociations de Grenelle, pendant la gr\u00e8ve g\u00e9n\u00e9rale de mai-juin de cette m\u00eame ann\u00e9e.\u00a0<\/b><\/h2>\n<h2 class=\"post-body entry-content\"><b><a href=\"http:\/\/alternatifs81.fr\/wp-content\/uploads\/n\u00e9gociation.jpg\" rel=\"lightbox[19667]\"><img loading=\"lazy\" decoding=\"async\" class=\"alignleft wp-image-19601 size-medium\" src=\"http:\/\/alternatifs81.fr\/wp-content\/uploads\/n\u00e9gociation-222x300.jpg\" alt=\"\" width=\"222\" height=\"300\" srcset=\"https:\/\/alternatifs81.fr\/wp-content\/uploads\/n\u00e9gociation-222x300.jpg 222w, https:\/\/alternatifs81.fr\/wp-content\/uploads\/n\u00e9gociation-768x1036.jpg 768w, https:\/\/alternatifs81.fr\/wp-content\/uploads\/n\u00e9gociation-759x1024.jpg 759w, https:\/\/alternatifs81.fr\/wp-content\/uploads\/n\u00e9gociation.jpg 1518w\" sizes=\"auto, (max-width: 222px) 100vw, 222px\" \/><\/a><\/b>\u00a0\u00a0\u00a0\u00a0 <b>\u2022 Les CHSCT datent de la loi du 23 d\u00e9cembre 1982, derni\u00e8re des quatre lois modifiant profond\u00e9ment le Code du travail promulgu\u00e9es par le gouvernement issu de l\u2019arriv\u00e9e de la Gauche au pouvoir, le 10 mai 1981.\u00a0<\/b> <b><\/b> <b>1936, 1945, 1968, 1981 : quatre moments o\u00f9 le patronat et tout le camp r\u00e9actionnaire est en situation de faiblesse et o\u00f9 il a peur du mouvement social qui joue pleinement son r\u00f4le politique. <\/b><\/h2>\n<h2 class=\"post-body entry-content\"><b>Une peur parfois exag\u00e9r\u00e9e, une faiblesse trop souvent vite compens\u00e9e par les compromissions de celles et ceux que l\u2019autonomie des travailleurs et travailleuses effraie.\u00a0<\/b><\/h2>\n<h2 class=\"post-body entry-content\"><b><\/b> <b>Mais le fait est ind\u00e9niable : patronat et bourgeoisie se vengent de d\u00e9faites sociales pass\u00e9es et laissent libre cours \u00e0 une haine du peuple qu\u2019il leur fallait plus ou moins contenir ! La sortie de Macron sur \u00ab les fain\u00e9ants, les cyniques et les extr\u00eames \u00bb n\u2019en est que l\u2019\u00e9cume. [2]\u00a0<\/b><\/h2>\n<h2 class=\"post-body entry-content\"><b><\/b> <b>Ce ne sont pas seulement des contre-r\u00e9formes antisociales qu\u2019il\u00a0\u00a0 <a href=\"http:\/\/alternatifs81.fr\/wp-content\/uploads\/code-du-ch\u00f4mage.jpg\" rel=\"lightbox[19667]\"><img loading=\"lazy\" decoding=\"async\" class=\"alignright wp-image-19600 size-medium\" src=\"http:\/\/alternatifs81.fr\/wp-content\/uploads\/code-du-ch\u00f4mage-207x300.jpg\" alt=\"\" width=\"207\" height=\"300\" srcset=\"https:\/\/alternatifs81.fr\/wp-content\/uploads\/code-du-ch\u00f4mage-207x300.jpg 207w, https:\/\/alternatifs81.fr\/wp-content\/uploads\/code-du-ch\u00f4mage-768x1115.jpg 768w, https:\/\/alternatifs81.fr\/wp-content\/uploads\/code-du-ch\u00f4mage-706x1024.jpg 706w, https:\/\/alternatifs81.fr\/wp-content\/uploads\/code-du-ch\u00f4mage.jpg 1024w\" sizes=\"auto, (max-width: 207px) 100vw, 207px\" \/><\/a>faut combattre ; tous les droits des salari\u00e9\u00b7e\u00b7s \u00e0 commencer par celui de s\u2019organiser et de se d\u00e9fendre collectivement, sont frontalement attaqu\u00e9s.\u00a0<\/b> <b><\/b><\/h2>\n<h2 class=\"post-body entry-content\"><b>Nous voulons l\u2019abolition du salariat ? Le pouvoir en place aussi ! Pour nous, il s\u2019agit de le remplacer par une soci\u00e9t\u00e9 \u00e9galitaire, autogestionnaire, f\u00e9ministe, \u00e9cologiste, mettant un terme \u00e0 l\u2019exploitation des \u00eatres humains ; le gouvernement entend y substituer l\u2019auto-entreprenariat, l\u2019ub\u00e9risation, la pr\u00e9carit\u00e9 g\u00e9n\u00e9rale, la loi des plus forts comme seule r\u00e8gle de vie.\u00a0<\/b> <b><\/b><\/h2>\n<h2 class=\"post-body entry-content\"><b>1936, 1945, 1968, 1981\u2026\u00a0<\/b> <b><\/b><\/h2>\n<h2 class=\"post-body entry-content\"><b>Alors oui, il faut r\u00e9ussir la journ\u00e9e de gr\u00e8ve et manifestations du 12 septembre ; oui, il est indispensable de pr\u00e9parer celle du 21 septembre, notamment en prenant les moyens d\u2019y donner un caract\u00e8re unitaire plus affirm\u00e9. <\/b><\/h2>\n<h2 class=\"post-body entry-content\"><b>Mais l\u2019enjeu impose de construire d\u2019autres perspectives.\u00a0<\/b> <b><\/b><\/h2>\n<h2 class=\"post-body entry-content\"><b>En termes de dates, car il ne s\u2019agit pas d\u2019aligner des journ\u00e9es \u00ab pour l\u2019honneur \u00bb ;<\/b><\/h2>\n<h2 class=\"post-body entry-content\"><b><a href=\"http:\/\/alternatifs81.fr\/wp-content\/uploads\/nouveau-petit-livre-rouge.jpg\" rel=\"lightbox[19667]\"><img loading=\"lazy\" decoding=\"async\" class=\"alignleft wp-image-19622 size-medium\" src=\"http:\/\/alternatifs81.fr\/wp-content\/uploads\/nouveau-petit-livre-rouge-243x300.jpg\" alt=\"\" width=\"243\" height=\"300\" srcset=\"https:\/\/alternatifs81.fr\/wp-content\/uploads\/nouveau-petit-livre-rouge-243x300.jpg 243w, https:\/\/alternatifs81.fr\/wp-content\/uploads\/nouveau-petit-livre-rouge-768x948.jpg 768w, https:\/\/alternatifs81.fr\/wp-content\/uploads\/nouveau-petit-livre-rouge.jpg 800w\" sizes=\"auto, (max-width: 243px) 100vw, 243px\" \/><\/a>\u00a0\u00a0 en termes de projet \u00e9mancipateur et cr\u00e9dible, li\u00e9 \u00e0 la d\u00e9fense quotidienne de nos int\u00e9r\u00eats de classe, individuels et collectifs, car c\u2019est ainsi qu\u2019on pourra construire un mouvement fort, ancr\u00e9 parmi la masse des travailleurs et travailleuses, qu\u2019ils et elles soient en activit\u00e9, en retraite, au ch\u00f4mage ou en formation.\u00a0<\/b><\/h2>\n<h2 class=\"post-body entry-content\"><b>1936, 1945, 1968, 1981\u2026 reprenons les questions essentielles : l\u2019unit\u00e9 et de l\u2019unification du mouvement syndical, son implantation, sa capacit\u00e9 \u00e0 se transformer en v\u00e9ritable force syndicale et sociale pour jouer le r\u00f4le politique qui doit \u00eatre le sien, la r\u00e9alit\u00e9 de son internationalisme face \u00e0 celui des forces capitalistes [3]\u2026\u00a0<\/b><\/h2>\n<h2 class=\"post-body entry-content\"><b>Il y a urgence. Mais pas obligation de se pr\u00e9cipiter pour satisfaire au zapping des r\u00e9seaux (anti ?)sociaux ou aux app\u00e9tits politiciens. A partir des enseignements du pass\u00e9 et sans le mythifier, en fonction des r\u00e9alit\u00e9s contemporaines et sans les consid\u00e9rer in\u00e9luctables, construisons, cr\u00e9ons, osons\u2026\u00a0<\/b><\/h2>\n<h2 class=\"post-body entry-content\"><b>Christian Mahieux\u00a0 <\/b><\/h2>\n<h2 class=\"post-body entry-content\"><b>P.-S. \u00a0<a href=\"http:\/\/alencontre.org\/europe\/france\/france-loi-travail-2-pour-annuler-1936-1945-1968-1981.html\">http:\/\/alencontre.org\/europe\/france\/france-loi-travail-2-pour-annuler-1936-1945-1968-1981.html<\/a>\u00a0<\/b><\/h2>\n<h2 class=\"post-body entry-content\"><b>* Christian Mahieux est syndicaliste SUD-Rail\/Solidaires, membre du comit\u00e9 \u00e9ditorial des Cahiers Les utopiques.\u00a0<\/b><\/h2>\n<h2 class=\"post-body entry-content\">N<b>otes <\/b><\/h2>\n<h2 class=\"post-body entry-content\"><b>[1] Comit\u00e9s d\u2019Hygi\u00e8ne, S\u00e9curit\u00e9 et des Conditions de Travail \u2013 D\u00e9l\u00e9gu\u00e9 du Personnel \u2013 Comit\u00e9s d\u2019Etablissement et Comit\u00e9s d\u2019Entreprise.\u00a0<\/b><\/h2>\n<h2 class=\"post-body entry-content\"><b>[2] \u00ab Devant la communaut\u00e9 fran\u00e7aise de Gr\u00e8ce qui l\u2019\u00e9coutait dans les jardins de l\u2019EFA (\u00c9cole fran\u00e7aise d\u2019Ath\u00e8nes), vendredi 8 septembre 2017, le chef de l\u2019\u00c9tat a ainsi assum\u00e9 avec fermet\u00e9 la n\u00e9cessit\u00e9 de la r\u00e9forme : \u00ab Je serai d\u2019une d\u00e9termination absolue, je ne c\u00e9derai rien, ni aux fain\u00e9ants, ni aux cyniques, ni aux extr\u00eames \u00bb, a-t-il martel\u00e9 sous un dais de toile blanche. \u00ab Et je vous demande d\u2019avoir la m\u00eame d\u00e9termination, a-t-il poursuivi. Ne c\u00e9dez rien, ni aux \u00e9go\u00efstes, ni aux pessimistes, ni aux extr\u00e9mistes. Je ne veux pas que dans quinze ans, un autre pr\u00e9sident dise \u201cc\u2019est pire encore\u201d. \u00bb <\/b><\/h2>\n<h2 class=\"post-body entry-content\"><b>Interrog\u00e9 un peu plus tard sur ces \u00ab fain\u00e9ants \u00bb ainsi montr\u00e9s du doigt, l\u2019entourage du pr\u00e9sident a refus\u00e9 de les qualifier plus avant, en appelant \u00e0 la \u00ab libre expression \u00bb. Le Monde 8 septembre 2017\u00a0<\/b><\/h2>\n<h2 class=\"post-body entry-content\"><b>[3] Voir \u00e0 ce propos l\u2019article de Th\u00e9o Roumier Christian Mahieux, Cahier de r\u00e9flexions Les utopiques n\u00b04, f\u00e9vrier 2017 (www.lesutopiques.org) disponible sur ESSF (article 41452), Syndicalisme : Invoquer l\u2019unit\u00e9, oui\u2026 la faire c\u2019est mieux !<\/b><\/h2>\n<gcse:search><\/gcse:search>","protected":false},"excerpt":{"rendered":"<p>Les dispositions antisociales de la loi Travail 2 sont nombreuses. La CGT, l\u2019Union syndicale Solidaires, la CNT-SO, mais aussi le Syndicat des Avocats de France, le Syndicat de la Magistrature ou encore la Ligue des Droits de l\u2019Homme ont produit des analyses pertinentes et compl\u00e8tes. Nous nous attarderons ici sur le seul volet relatif au [&hellip;]<\/p>\n","protected":false},"author":1,"featured_media":0,"comment_status":"open","ping_status":"open","sticky":false,"template":"","format":"standard","meta":{"footnotes":""},"categories":[295],"tags":[103,23,140],"class_list":["post-19667","post","type-post","status-publish","format-standard","hentry","category-travail-2","tag-demarche-citoyenne","tag-luttes","tag-travail"],"_links":{"self":[{"href":"https:\/\/alternatifs81.fr\/index.php?rest_route=\/wp\/v2\/posts\/19667","targetHints":{"allow":["GET"]}}],"collection":[{"href":"https:\/\/alternatifs81.fr\/index.php?rest_route=\/wp\/v2\/posts"}],"about":[{"href":"https:\/\/alternatifs81.fr\/index.php?rest_route=\/wp\/v2\/types\/post"}],"author":[{"embeddable":true,"href":"https:\/\/alternatifs81.fr\/index.php?rest_route=\/wp\/v2\/users\/1"}],"replies":[{"embeddable":true,"href":"https:\/\/alternatifs81.fr\/index.php?rest_route=%2Fwp%2Fv2%2Fcomments&post=19667"}],"version-history":[{"count":0,"href":"https:\/\/alternatifs81.fr\/index.php?rest_route=\/wp\/v2\/posts\/19667\/revisions"}],"wp:attachment":[{"href":"https:\/\/alternatifs81.fr\/index.php?rest_route=%2Fwp%2Fv2%2Fmedia&parent=19667"}],"wp:term":[{"taxonomy":"category","embeddable":true,"href":"https:\/\/alternatifs81.fr\/index.php?rest_route=%2Fwp%2Fv2%2Fcategories&post=19667"},{"taxonomy":"post_tag","embeddable":true,"href":"https:\/\/alternatifs81.fr\/index.php?rest_route=%2Fwp%2Fv2%2Ftags&post=19667"}],"curies":[{"name":"wp","href":"https:\/\/api.w.org\/{rel}","templated":true}]}}