{"id":19663,"date":"2017-09-11T00:21:26","date_gmt":"2017-09-10T23:21:26","guid":{"rendered":"http:\/\/alternatifs81.fr\/?p=19663"},"modified":"2017-12-05T14:21:16","modified_gmt":"2017-12-05T13:21:16","slug":"non-a-cette-loi-bleue-marine","status":"publish","type":"post","link":"https:\/\/alternatifs81.fr\/?p=19663","title":{"rendered":"Non \u00e0 cette loi Bleue Marine !"},"content":{"rendered":"<div class=\"entry-content\">\n<h2 class=\"western\" align=\"justify\">Qu\u2019avons-nous fait pour m\u00e9riter cela\u00a0?<\/h2>\n<h2 class=\"western\" align=\"justify\"><span style=\"color: #808000;\"><strong>\u00a0<a href=\"http:\/\/alternatifs81.fr\/wp-content\/uploads\/LES-LIBERTES-NE-SE-1.jpg\" rel=\"lightbox[19663]\"><img loading=\"lazy\" decoding=\"async\" class=\"alignleft wp-image-19560 size-medium\" src=\"http:\/\/alternatifs81.fr\/wp-content\/uploads\/LES-LIBERTES-NE-SE-1-223x300.jpg\" alt=\"\" width=\"223\" height=\"300\" srcset=\"https:\/\/alternatifs81.fr\/wp-content\/uploads\/LES-LIBERTES-NE-SE-1-223x300.jpg 223w, https:\/\/alternatifs81.fr\/wp-content\/uploads\/LES-LIBERTES-NE-SE-1.jpg 712w\" sizes=\"auto, (max-width: 223px) 100vw, 223px\" \/><\/a>\u00a0\u00a0\u00a0 La loi instaurant l\u2019\u00e9tat d\u2019urgence date du 31 mars 1955<\/strong><\/span> et a \u00e9t\u00e9 vot\u00e9e pour lutter contre le soul\u00e8vement du peuple alg\u00e9rien et ceux qui le soutenaient.<\/h2>\n<h2 class=\"western\" align=\"justify\">Elle a aussi \u00e9t\u00e9 vot\u00e9e pour \u00e9viter de recourir \u00e0 l\u2019\u00e9tat de si\u00e8ge qui ne s\u2019appliquait qu\u2019en cas de guerre et le pouvoir refusait de qualifier ces \u00ab\u00a0\u00e9v\u00e8nements\u00a0\u00bb de guerre.<\/h2>\n<h2 class=\"western\" align=\"justify\"><span style=\"color: #008000;\"><strong>A l\u2019\u00e9poque, le d\u00e9put\u00e9 socialiste, &#8211; oui socialiste ! -, Francis Vals, rejette cette loi <em>\u00ab\u00a0qui remplace la dictature militaire par la dictature polici\u00e8r<\/em>e\u00a0\u00bb.<\/strong><\/span><\/h2>\n<h2 class=\"western\" align=\"justify\">Cette loi exceptionnelle pour circonstances exceptionnelles\u00a0\u00a0 <a href=\"http:\/\/alternatifs81.fr\/wp-content\/uploads\/non-2.jpg\" rel=\"lightbox[19663]\"><img loading=\"lazy\" decoding=\"async\" class=\"alignright wp-image-18962\" src=\"http:\/\/alternatifs81.fr\/wp-content\/uploads\/non-2.jpg\" alt=\"\" width=\"260\" height=\"215\" \/><\/a>restreint dangereusement les libert\u00e9s des citoyens. Elle est fond\u00e9e sur le soup\u00e7on, elle fait de nous tous des suspects.<\/h2>\n<h2 class=\"western\" align=\"justify\">Aujourd\u2019hui, le gouvernement d\u2019union de la droite et de la droite se propose de rendre permanentes les dispositions de cette loi liberticide.<\/h2>\n<h2 class=\"western\" align=\"justify\">On ne d\u00e9fend pas la d\u00e9mocratie en la r\u00e9primant.<\/h2>\n<h2 class=\"western\" align=\"justify\">On ne prot\u00e8ge pas les citoyens en les soup\u00e7onnant.<\/h2>\n<h2 class=\"western\" align=\"justify\">Nous n\u2019accepterons pas cette loi bleue marine\u00a0!<\/h2>\n<\/div>\n<gcse:search><\/gcse:search>","protected":false},"excerpt":{"rendered":"<p>Qu\u2019avons-nous fait pour m\u00e9riter cela\u00a0? \u00a0\u00a0\u00a0\u00a0 La loi instaurant l\u2019\u00e9tat d\u2019urgence date du 31 mars 1955 et a \u00e9t\u00e9 vot\u00e9e pour lutter contre le soul\u00e8vement du peuple alg\u00e9rien et ceux qui le soutenaient. Elle a aussi \u00e9t\u00e9 vot\u00e9e pour \u00e9viter de recourir \u00e0 l\u2019\u00e9tat de si\u00e8ge qui ne s\u2019appliquait qu\u2019en cas de guerre et le [&hellip;]<\/p>\n","protected":false},"author":1,"featured_media":0,"comment_status":"open","ping_status":"open","sticky":false,"template":"","format":"standard","meta":{"footnotes":""},"categories":[9,217],"tags":[43,103,117,50],"class_list":["post-19663","post","type-post","status-publish","format-standard","hentry","category-communiques","category-libertes","tag-appel","tag-demarche-citoyenne","tag-democratie","tag-discriminations"],"_links":{"self":[{"href":"https:\/\/alternatifs81.fr\/index.php?rest_route=\/wp\/v2\/posts\/19663","targetHints":{"allow":["GET"]}}],"collection":[{"href":"https:\/\/alternatifs81.fr\/index.php?rest_route=\/wp\/v2\/posts"}],"about":[{"href":"https:\/\/alternatifs81.fr\/index.php?rest_route=\/wp\/v2\/types\/post"}],"author":[{"embeddable":true,"href":"https:\/\/alternatifs81.fr\/index.php?rest_route=\/wp\/v2\/users\/1"}],"replies":[{"embeddable":true,"href":"https:\/\/alternatifs81.fr\/index.php?rest_route=%2Fwp%2Fv2%2Fcomments&post=19663"}],"version-history":[{"count":0,"href":"https:\/\/alternatifs81.fr\/index.php?rest_route=\/wp\/v2\/posts\/19663\/revisions"}],"wp:attachment":[{"href":"https:\/\/alternatifs81.fr\/index.php?rest_route=%2Fwp%2Fv2%2Fmedia&parent=19663"}],"wp:term":[{"taxonomy":"category","embeddable":true,"href":"https:\/\/alternatifs81.fr\/index.php?rest_route=%2Fwp%2Fv2%2Fcategories&post=19663"},{"taxonomy":"post_tag","embeddable":true,"href":"https:\/\/alternatifs81.fr\/index.php?rest_route=%2Fwp%2Fv2%2Ftags&post=19663"}],"curies":[{"name":"wp","href":"https:\/\/api.w.org\/{rel}","templated":true}]}}