{"id":19644,"date":"2017-09-06T16:18:58","date_gmt":"2017-09-06T15:18:58","guid":{"rendered":"http:\/\/alternatifs81.fr\/?p=19644"},"modified":"2017-09-15T15:48:27","modified_gmt":"2017-09-15T14:48:27","slug":"cercle-de-silence-mazamet-samedi-9-sept-2017-a-10h30-rue-de-verdun-au-milieu-du-marche-de-mazamet","status":"publish","type":"post","link":"https:\/\/alternatifs81.fr\/?p=19644","title":{"rendered":"Cercle de Silence, Mazamet samedi 9 sept 2017 \u00e0 10h30, rue de Verdun au milieu du march\u00e9 de Mazamet"},"content":{"rendered":"<h1><span style=\"color: #800000;\"><a href=\"http:\/\/alternatifs81.fr\/wp-content\/uploads\/Cercle-Silence-300x2922.png\" rel=\"lightbox[19644]\"><img loading=\"lazy\" decoding=\"async\" class=\"alignleft wp-image-7447 size-full\" src=\"http:\/\/alternatifs81.fr\/wp-content\/uploads\/Cercle-Silence-300x2922.png\" alt=\"\" width=\"300\" height=\"292\" \/><\/a>\u00a0\u00a0\u00a0\u00a0\u00a0 Cercle de Silence, Mazamet samedi 9 sept 2017 \u00e0 10h30, rue de Verdun au milieu du march\u00e9 de Mazamet<\/span><\/h1>\n<h2><span style=\"color: #808000;\">Citoyen et R\u00e9sistant d\u2019hier et d\u2019aujourd\u2019hui, Walter Bassan vient de mourir.<\/span><\/h2>\n<h2><span style=\"color: #808000;\">Ses convictions m\u00e9ritent de continuer \u00e0 vivre\u00a0!<\/span><\/h2>\n<h2><span style=\"color: #0000ff;\">Voil\u00e0 pourquoi nous continuons \u00e0 nous d\u00e9clarer <em>d\u00e9linquants\u00a0\u00a0\u00a0 <a href=\"http:\/\/alternatifs81.fr\/wp-content\/uploads\/DELOINQUANTS-SOLIDAIRES.jpg\" rel=\"lightbox[19644]\"><img loading=\"lazy\" decoding=\"async\" class=\"alignright wp-image-19092 size-medium\" src=\"http:\/\/alternatifs81.fr\/wp-content\/uploads\/DELOINQUANTS-SOLIDAIRES-201x300.jpg\" alt=\"\" width=\"201\" height=\"300\" srcset=\"https:\/\/alternatifs81.fr\/wp-content\/uploads\/DELOINQUANTS-SOLIDAIRES-201x300.jpg 201w, https:\/\/alternatifs81.fr\/wp-content\/uploads\/DELOINQUANTS-SOLIDAIRES.jpg 643w\" sizes=\"auto, (max-width: 201px) 100vw, 201px\" \/><\/a>solidaires,<\/em> accueillants et solidaires de tous ceux qui accueillent des \u00e9trangers, conform\u00e9ment \u00e0 la D\u00e9claration des Droits de l\u2019Homme et du Citoyen.<\/span><\/h2>\n<h2><span style=\"color: #0000ff;\">Rappelons que le Tribunal Administratif vient de condamner le 31 ao\u00fbt, le Pr\u00e9fet des Alpes maritimes qui avaient refus\u00e9 de recevoir des demandeurs d\u2019Asile, dont des mineurs, et les avaient expuls\u00e9s vers l\u2019Italie, cf la Vid\u00e9o camera cach\u00e9es de l&rsquo;entrave: <a href=\"https:\/\/www.youtube.com\/watch?v=bV_2v6A4Z1A\"><strong>https:\/\/www.youtube.com\/watch?<\/strong><\/a><\/span><\/h2>\n<p>&nbsp;<\/p>\n<p>&nbsp;<\/p>\n<h2>Mes convictions de citoyen, par Walter Bassan<\/h2>\n<h2>Paroles de R\u00e9sistance 2017<\/h2>\n<h2><em>(Extrait de l\u2019ouvrage \u00ab\u00a0Walter\u00a0: une vie de r\u00e9sistances\u00a0\u00bb par Claire Rosler)<\/em><\/h2>\n<h2><a href=\"http:\/\/alternatifs81.fr\/wp-content\/uploads\/CRYxdDGPUCJQNYf-800x450-noPad-1.jpg\" rel=\"lightbox[19644]\"><img loading=\"lazy\" decoding=\"async\" class=\"alignleft wp-image-19031 size-medium\" src=\"http:\/\/alternatifs81.fr\/wp-content\/uploads\/CRYxdDGPUCJQNYf-800x450-noPad-1-300x225.jpg\" alt=\"\" width=\"300\" height=\"225\" srcset=\"https:\/\/alternatifs81.fr\/wp-content\/uploads\/CRYxdDGPUCJQNYf-800x450-noPad-1-300x225.jpg 300w, https:\/\/alternatifs81.fr\/wp-content\/uploads\/CRYxdDGPUCJQNYf-800x450-noPad-1.jpg 400w\" sizes=\"auto, (max-width: 300px) 100vw, 300px\" \/><\/a>\u00a0\u00a0\u00a0\u00a0\u00a0 Je voudrais dire avant tout que la vie vaut la peine d\u2019\u00eatre v\u00e9cue. Je suis un militant de base, un homme de terrain, dont le parcours sem\u00e9 de terribles \u00e9preuves a fait un citoyen conscient de ses responsabilit\u00e9s. J\u2019apporte ma pierre \u00e0 ce combat pour la d\u00e9fense inconditionnelle de l\u2019\u00eatre humain et des valeurs d\u00e9mocratiques. Ma conviction profonde est que, quels que soient le lieu de naissance et la couleur de peau, il y a une seule race, la race humaine qui m\u00e9rite d\u2019\u00eatre respect\u00e9e et d\u00e9fendue.<\/h2>\n<p><!--more--><\/p>\n<h2>A toutes les \u00e9poques il y a eu des hommes et des femmes qui se sont battus pour une soci\u00e9t\u00e9 meilleure, qu\u2019il s\u2019agisse des esclaves dans l\u2019antiquit\u00e9 ou des r\u00e9volutionnaires de 1789, sans oublier les R\u00e9sistants de 1940-1944, les opprim\u00e9s ont toujours fini par gagner. Il faut donc poursuivre le combat contre les in\u00e9galit\u00e9s, sans tomber dans la lassitude, le pessimisme ou le d\u00e9sarroi ambiant, car les victoires r\u00e9sultent d\u2019un engagement constant. On n\u2019est pas citoyen par intermittence, ni en surface\u00a0: la conscience citoyenne s\u2019ancre profond\u00e9ment dans l\u2019\u00eatre et l\u2019accompagne sa vie durant.<\/h2>\n<h2>La soci\u00e9t\u00e9 de consommation actuelle a tendance \u00e0 enfermer les\u00a0\u00a0\u00a0\u00a0 <a href=\"http:\/\/alternatifs81.fr\/wp-content\/uploads\/4c6bf28b3c996dd337b296738633386b-migrants_ved7241thumb150x150-1.jpg\" rel=\"lightbox[19644]\"><img loading=\"lazy\" decoding=\"async\" class=\"alignright wp-image-19034\" src=\"http:\/\/alternatifs81.fr\/wp-content\/uploads\/4c6bf28b3c996dd337b296738633386b-migrants_ved7241thumb150x150-1-150x109.jpg\" alt=\"\" width=\"225\" height=\"164\" \/><\/a>gens dans des attitudes individualistes o\u00f9 chacun s\u2019isole, vit pour lui-m\u00eame et sa sph\u00e8re priv\u00e9e. Pour en sortir, il faudrait r\u00e9-instaurer les liens entre les personnes et reconstruire une soci\u00e9t\u00e9 plus solidaire, qui permette un partage plus \u00e9galitaire des richesses et offre une promotion \u00e0 chaque \u00eatre humain. Notre soci\u00e9t\u00e9 trop souvent m\u00e9canique, froide et impersonnelle, souffre d\u2019une d\u00e9shumanisation, de logiques strictement comptables et de perspectives \u00e0 courte dur\u00e9e. Une citoyennet\u00e9 bien comprise devrait instaurer davantage de partage, de fraternit\u00e9 et de libert\u00e9 pour conduire des actions cr\u00e9atrices d\u2019avenir.<\/h2>\n<h2>Choisir de r\u00e9sister, c\u2019est faire un choix de vie, pour pr\u00e9server la vie, et ce choix engage pour toute une vie. Aucun retour en arri\u00e8re n\u2019est possible. On ne peut pas effacer les le\u00e7ons de l\u2019histoire apprises au contact d\u2019\u00e9v\u00e9nements si douloureux. R\u00e9sister au nazisme hier, c\u2019\u00e9tait une d\u00e9cision qui s\u2019imposait \u00e0 moi. Lutter constamment contre les d\u00e9rives, qu\u2019elles soient fascistes, nazies, n\u00e9o-nazies, x\u00e9nophobes, liberticides, in\u00e9galitaires ou individualistes, est un moteur permanent dans mes orientations de vie, aujourd\u2019hui comme hier.<\/h2>\n<h2>J\u2019esp\u00e8re que nous serons nombreux \u00e0 faire du mot \u00ab\u00a0R\u00e9sistance\u00a0\u00bb un moyen contemporain pour inventer une soci\u00e9t\u00e9 meilleure.<\/h2>\n<h2>Nous devons r\u00e9sister, encore et encore.<\/h2>\n<h2><strong>Walter Bassan 2017<\/strong><\/h2>\n<p>&nbsp;<\/p>\n<h3><span style=\"color: #0000ff;\">Une famille d&rsquo;accueil pour les migrants<\/span><\/h3>\n<h3><\/h3>\n<p>&nbsp;<\/p>\n<h3><span style=\"color: #339966;\">Une manifestation en silence \u00e0 Mazamet pour le respect des droits de l&rsquo;homme.\/ Photo DDM<\/span><\/h3>\n<h3><span style=\"color: #339966;\">\u00a0<a href=\"http:\/\/alternatifs81.fr\/wp-content\/uploads\/accueillons-les-r\u00e9fugi\u00e9s-2-1.jpg\" rel=\"lightbox[19644]\"><img loading=\"lazy\" decoding=\"async\" class=\"alignleft wp-image-19562 size-medium\" src=\"http:\/\/alternatifs81.fr\/wp-content\/uploads\/accueillons-les-r\u00e9fugi\u00e9s-2-1-188x300.jpg\" alt=\"\" width=\"188\" height=\"300\" srcset=\"https:\/\/alternatifs81.fr\/wp-content\/uploads\/accueillons-les-r\u00e9fugi\u00e9s-2-1-188x300.jpg 188w, https:\/\/alternatifs81.fr\/wp-content\/uploads\/accueillons-les-r\u00e9fugi\u00e9s-2-1-768x1228.jpg 768w, https:\/\/alternatifs81.fr\/wp-content\/uploads\/accueillons-les-r\u00e9fugi\u00e9s-2-1-641x1024.jpg 641w, https:\/\/alternatifs81.fr\/wp-content\/uploads\/accueillons-les-r\u00e9fugi\u00e9s-2-1.jpg 800w\" sizes=\"auto, (max-width: 188px) 100vw, 188px\" \/><\/a>\u00a0\u00a0\u00a0\u00a0 Face \u00e0 des centres d&rsquo;h\u00e9bergements pleins, des campements pr\u00e9caires et des migrants qui dorment dans la rue, des familles proposent par solidarit\u00e9 d&rsquo;accueillir des r\u00e9fugi\u00e9s.<\/span><\/h3>\n<h3><span style=\"color: #339966;\">Roger et Simone Leli\u00e8vre ont accueilli deux familles tch\u00e9tch\u00e8nes en situation irr\u00e9guli\u00e8re. C&rsquo;\u00e9tait il y a 7 ans. Ils \u00e9taient en relation avec un collectif d&rsquo;appui aux familles tch\u00e9tch\u00e8nes \u00e0 Albi qui recherchent des h\u00e9bergeurs. La premi\u00e8re famille, un jeune couple sans papier avec un enfant est h\u00e9berg\u00e9 au Fourchat, commune d&rsquo;Aiguefonde. \u00abIls ont pass\u00e9 l&rsquo;hiver dans un logement inoccup\u00e9, dit Simone, et nous avons assur\u00e9 l&rsquo;accompagnement\u00bb.<\/span><\/h3>\n<h3><span style=\"color: #339966;\">Ils entament des d\u00e9marches pour demander l&rsquo;asile. Quand un migrant fait une demande d&rsquo;asile, il est log\u00e9 en centre d&rsquo;accueil de demandeurs d&rsquo;asile (CADA) mais la proc\u00e9dure peut prendre des mois et parfois il n&rsquo;obtient pas de logement. Le s\u00e9jour dure 3 mois et demi. La famille obtient un titre de s\u00e9jour et elle vit aujourd&rsquo;hui \u00e0 Tarbes. Le p\u00e8re travaille comme carrossier.<\/span><\/h3>\n<h3><span style=\"color: #339966;\">Tout \u00e9tranger pers\u00e9cut\u00e9 dans son pays pour des raisons politiques, religieuses ou autres, peut demander une protection de la France. Il est demandeur d&rsquo;asile tant que la proc\u00e9dure est en cours. S&rsquo;il l&rsquo;obtient, il passe sous le statut de r\u00e9fugi\u00e9.<\/span><\/h3>\n<h3><span style=\"color: #008000;\">D\u00e9bout\u00e9s et expulsables<\/span><\/h3>\n<h3><span style=\"color: #339966;\">La seconde famille tch\u00e9tch\u00e8ne arrive l&rsquo;hiver suivant au Fourchat. \u00abUn couple avec un enfant. La m\u00e8re est enceinte. Elle accouche \u00e0 Albi o\u00f9 elle a de la famille\u00bb.<\/span><\/h3>\n<h3><span style=\"color: #339966;\">Un dossier de demande d&rsquo;asile est d\u00e9pos\u00e9 mais ils sont d\u00e9bout\u00e9s et peuvent \u00eatre expuls\u00e9s. Retour au Fourchat o\u00f9 la famille reste un an et demi, jusqu&rsquo;en septembre 2014.<\/span><\/h3>\n<h3><span style=\"color: #339966;\">\u00abLa m\u00e8re est \u00e0 nouveau enceinte et elle veut accoucher \u00e0 l&rsquo;h\u00f4pital. Mais elle n&rsquo;a plus aucun droit\u00bb.<\/span><\/h3>\n<h3><span style=\"color: #339966;\">Un r\u00e9seau de solidarit\u00e9 se met en place. Une sage-femme de Castres suit la grossesse de la m\u00e8re et un gyn\u00e9cologue fait des \u00e9chographies.<\/span><\/h3>\n<h3><span style=\"color: #008000;\">\u00abEux, c&rsquo;est nous\u00bb<\/span><\/h3>\n<h3><span style=\"color: #339966;\">Une assistante sociale de Castres constitue un dossier afin que la m\u00e8re b\u00e9n\u00e9ficie\u00a0\u00a0\u00a0 <a href=\"http:\/\/alternatifs81.fr\/wp-content\/uploads\/solidarit\u00e9-avec-les-r\u00e9fugi\u00e9s-1.jpg\" rel=\"lightbox[19644]\"><img loading=\"lazy\" decoding=\"async\" class=\"alignright wp-image-19013 size-medium\" src=\"http:\/\/alternatifs81.fr\/wp-content\/uploads\/solidarit\u00e9-avec-les-r\u00e9fugi\u00e9s-1-244x300.jpg\" alt=\"\" width=\"244\" height=\"300\" srcset=\"https:\/\/alternatifs81.fr\/wp-content\/uploads\/solidarit\u00e9-avec-les-r\u00e9fugi\u00e9s-1-244x300.jpg 244w, https:\/\/alternatifs81.fr\/wp-content\/uploads\/solidarit\u00e9-avec-les-r\u00e9fugi\u00e9s-1-768x946.jpg 768w, https:\/\/alternatifs81.fr\/wp-content\/uploads\/solidarit\u00e9-avec-les-r\u00e9fugi\u00e9s-1.jpg 800w\" sizes=\"auto, (max-width: 244px) 100vw, 244px\" \/><\/a>d&rsquo;une couverture m\u00e9dicale et un acc\u00e8s \u00e0 la scolarit\u00e9. \u00abL&rsquo;\u00c9tat doit prendre en charge des \u00e9trangers en situation irr\u00e9guli\u00e8re pour des raisons sanitaires\u00bb. La m\u00e8re accouche \u00e0 l&rsquo;h\u00f4pital. \u00abLes parents suivent des cours de fran\u00e7ais \u00e0 Labrugui\u00e8re par une professeur agr\u00e9g\u00e9e de philosophie et les enfants sont scolaris\u00e9s \u00e0 l&rsquo;\u00e9cole d&rsquo;Aiguefonde. Le maire Vincent Garel a m\u00eame pay\u00e9 la cantine aux enfants\u00bb. Aujourd&rsquo;hui, la famille vit du c\u00f4t\u00e9 de Toulouse et le p\u00e8re travaille dans les travaux publics.<\/span><\/h3>\n<h3><span style=\"color: #339966;\">Simone et Roger Leli\u00e8vre se consid\u00e8rent comme des humanistes, c&rsquo;est-\u00e0-dire accorder \u00e0 l&rsquo;homme une dignit\u00e9. \u00abNous sommes nous aussi des migrants. On est arriv\u00e9 ici en 1963, originaires du Calvados et des Vosges\u2026 Eux, c&rsquo;est nous\u00bb.<\/span><\/h3>\n<h3><span style=\"color: #339966;\">La D\u00e9p\u00eache du Midi<\/span><\/h3>\n<h3><\/h3>\n<p>&nbsp;<\/p>\n<p>&nbsp;<\/p>\n<gcse:search><\/gcse:search>","protected":false},"excerpt":{"rendered":"<p>\u00a0\u00a0\u00a0\u00a0\u00a0 Cercle de Silence, Mazamet samedi 9 sept 2017 \u00e0 10h30, rue de Verdun au milieu du march\u00e9 de Mazamet Citoyen et R\u00e9sistant d\u2019hier et d\u2019aujourd\u2019hui, Walter Bassan vient de mourir. Ses convictions m\u00e9ritent de continuer \u00e0 vivre\u00a0! Voil\u00e0 pourquoi nous continuons \u00e0 nous d\u00e9clarer d\u00e9linquants\u00a0\u00a0\u00a0 solidaires, accueillants et solidaires de tous ceux qui accueillent [&hellip;]<\/p>\n","protected":false},"author":1,"featured_media":0,"comment_status":"open","ping_status":"open","sticky":false,"template":"","format":"standard","meta":{"footnotes":""},"categories":[217,454],"tags":[119,103,50,23],"class_list":["post-19644","post","type-post","status-publish","format-standard","hentry","category-libertes","category-solidarite","tag-cercle-du-silence","tag-demarche-citoyenne","tag-discriminations","tag-luttes"],"_links":{"self":[{"href":"https:\/\/alternatifs81.fr\/index.php?rest_route=\/wp\/v2\/posts\/19644","targetHints":{"allow":["GET"]}}],"collection":[{"href":"https:\/\/alternatifs81.fr\/index.php?rest_route=\/wp\/v2\/posts"}],"about":[{"href":"https:\/\/alternatifs81.fr\/index.php?rest_route=\/wp\/v2\/types\/post"}],"author":[{"embeddable":true,"href":"https:\/\/alternatifs81.fr\/index.php?rest_route=\/wp\/v2\/users\/1"}],"replies":[{"embeddable":true,"href":"https:\/\/alternatifs81.fr\/index.php?rest_route=%2Fwp%2Fv2%2Fcomments&post=19644"}],"version-history":[{"count":0,"href":"https:\/\/alternatifs81.fr\/index.php?rest_route=\/wp\/v2\/posts\/19644\/revisions"}],"wp:attachment":[{"href":"https:\/\/alternatifs81.fr\/index.php?rest_route=%2Fwp%2Fv2%2Fmedia&parent=19644"}],"wp:term":[{"taxonomy":"category","embeddable":true,"href":"https:\/\/alternatifs81.fr\/index.php?rest_route=%2Fwp%2Fv2%2Fcategories&post=19644"},{"taxonomy":"post_tag","embeddable":true,"href":"https:\/\/alternatifs81.fr\/index.php?rest_route=%2Fwp%2Fv2%2Ftags&post=19644"}],"curies":[{"name":"wp","href":"https:\/\/api.w.org\/{rel}","templated":true}]}}