{"id":19528,"date":"2017-07-25T17:15:19","date_gmt":"2017-07-25T16:15:19","guid":{"rendered":"http:\/\/alternatifs81.fr\/?p=19528"},"modified":"2017-08-17T15:22:55","modified_gmt":"2017-08-17T14:22:55","slug":"semeac-cest-reac-communique-de-presse","status":"publish","type":"post","link":"https:\/\/alternatifs81.fr\/?p=19528","title":{"rendered":"S\u00e9m\u00e9ac, c\u2019est r\u00e9ac ? Communiqu\u00e9 de presse"},"content":{"rendered":"<h2><a href=\"http:\/\/alternatifs81.fr\/wp-content\/uploads\/Logo-Alternatives-et-Autogestion.jpg\" rel=\"lightbox[19528]\"><img loading=\"lazy\" decoding=\"async\" class=\"alignleft wp-image-17401 size-full\" src=\"http:\/\/alternatifs81.fr\/wp-content\/uploads\/Logo-Alternatives-et-Autogestion.jpg\" alt=\"\" width=\"215\" height=\"122\" \/><\/a>A S\u00e9m\u00e9ac (65), un mur construit par certains de ses habitants emp\u00eache l\u2019h\u00e9bergement de r\u00e9fugi\u00e9s dans un local achet\u00e9 par l\u2019Etat.<\/h2>\n<h2><\/h2>\n<h2>Dans cette petite ville de S\u00e9m\u00e9ac, il se trouve encore assez de gens pour employer leur \u00e9nergie \u00e0 lutter de toutes leurs forces contre la fraternit\u00e9, l\u2019entraide, le soutien que tous les \u00eatres humains se doivent.<\/h2>\n<h2>Il en existe encore assez pour croire que leur bout de territoire leur appartient de toute \u00e9ternit\u00e9 et que c\u2019est eux qui doivent choisir qui peut rester ou qui doit partir ou ne pas venir.<\/h2>\n<h2>Et il existe encore une autorit\u00e9 municipale pour cautionner par l\u00e2chet\u00e9 ou stupidit\u00e9 ces comportements d\u00e9viants qui rel\u00e8vent plus de la psychiatrie que de la politique.<\/h2>\n<h2><\/h2>\n<h2>Il est certain que bien des habitants de cette petite localit\u00e9, aujourd\u2019hui tristement c\u00e9l\u00e8bre, n\u2019approuvent ni cette \u00e9quipe municipale ni ces sinistres ma\u00e7ons. Qu\u2019ils re\u00e7oivent notre soutien et nos encouragements dans la lutte qu\u2019ils ne manqueront pas de mener pour \u00e9viter que leur ville devienne, pour toujours, S\u00e9r\u00e9ac\u00a0!<\/h2>\n<p><!--more--><\/p>\n<h3>http:\/\/www.francetvinfo.fr\/monde\/europe\/migrants\/mur-anti-migrants-dans-les-hautes-pyrenees-les-residents-ont-peur-de-la-devaluation-de-leurs-biens-immobiliers_2298161.html#xtor=EPR-2-[newsletterquotidienne]-20170725-[lestitres-coldroite\/titre7]<\/h3>\n<p>&nbsp;<\/p>\n<p>&nbsp;<\/p>\n<gcse:search><\/gcse:search>","protected":false},"excerpt":{"rendered":"<p>A S\u00e9m\u00e9ac (65), un mur construit par certains de ses habitants emp\u00eache l\u2019h\u00e9bergement de r\u00e9fugi\u00e9s dans un local achet\u00e9 par l\u2019Etat. Dans cette petite ville de S\u00e9m\u00e9ac, il se trouve encore assez de gens pour employer leur \u00e9nergie \u00e0 lutter de toutes leurs forces contre la fraternit\u00e9, l\u2019entraide, le soutien que tous les \u00eatres humains [&hellip;]<\/p>\n","protected":false},"author":1,"featured_media":0,"comment_status":"open","ping_status":"open","sticky":false,"template":"","format":"standard","meta":{"footnotes":""},"categories":[9],"tags":[449,26,103,117,50],"class_list":["post-19528","post","type-post","status-publish","format-standard","hentry","category-communiques","tag-accueil-des-refugies","tag-communique-de-presse","tag-demarche-citoyenne","tag-democratie","tag-discriminations"],"_links":{"self":[{"href":"https:\/\/alternatifs81.fr\/index.php?rest_route=\/wp\/v2\/posts\/19528","targetHints":{"allow":["GET"]}}],"collection":[{"href":"https:\/\/alternatifs81.fr\/index.php?rest_route=\/wp\/v2\/posts"}],"about":[{"href":"https:\/\/alternatifs81.fr\/index.php?rest_route=\/wp\/v2\/types\/post"}],"author":[{"embeddable":true,"href":"https:\/\/alternatifs81.fr\/index.php?rest_route=\/wp\/v2\/users\/1"}],"replies":[{"embeddable":true,"href":"https:\/\/alternatifs81.fr\/index.php?rest_route=%2Fwp%2Fv2%2Fcomments&post=19528"}],"version-history":[{"count":0,"href":"https:\/\/alternatifs81.fr\/index.php?rest_route=\/wp\/v2\/posts\/19528\/revisions"}],"wp:attachment":[{"href":"https:\/\/alternatifs81.fr\/index.php?rest_route=%2Fwp%2Fv2%2Fmedia&parent=19528"}],"wp:term":[{"taxonomy":"category","embeddable":true,"href":"https:\/\/alternatifs81.fr\/index.php?rest_route=%2Fwp%2Fv2%2Fcategories&post=19528"},{"taxonomy":"post_tag","embeddable":true,"href":"https:\/\/alternatifs81.fr\/index.php?rest_route=%2Fwp%2Fv2%2Ftags&post=19528"}],"curies":[{"name":"wp","href":"https:\/\/api.w.org\/{rel}","templated":true}]}}