{"id":19344,"date":"2017-05-14T15:46:38","date_gmt":"2017-05-14T14:46:38","guid":{"rendered":"http:\/\/alternatifs81.fr\/?p=19344"},"modified":"2017-05-26T23:01:43","modified_gmt":"2017-05-26T22:01:43","slug":"lire-et-sabonner-a-nrvv","status":"publish","type":"post","link":"https:\/\/alternatifs81.fr\/?p=19344","title":{"rendered":"Lire et s&rsquo;abonner \u00e0 NRVV !"},"content":{"rendered":"<h2><a href=\"http:\/\/alternatifs81.fr\/wp-content\/uploads\/16251695_1296353370455049_4104356727871543690_o.jpg\" rel=\"lightbox[19344]\"><img loading=\"lazy\" decoding=\"async\" class=\"alignleft wp-image-19066\" src=\"http:\/\/alternatifs81.fr\/wp-content\/uploads\/16251695_1296353370455049_4104356727871543690_o-180x300.jpg\" alt=\"\" width=\"250\" height=\"417\" srcset=\"https:\/\/alternatifs81.fr\/wp-content\/uploads\/16251695_1296353370455049_4104356727871543690_o-180x300.jpg 180w, https:\/\/alternatifs81.fr\/wp-content\/uploads\/16251695_1296353370455049_4104356727871543690_o.jpg 480w\" sizes=\"auto, (max-width: 250px) 100vw, 250px\" \/><\/a><span style=\"color: #800000;\"><em>Pour nos luttes,<\/em><\/span><\/h2>\n<h2><span style=\"color: #800000;\"><em>\u00a0\u00a0\u00a0\u00a0\u00a0 Pour parler des Alternatives que nous exp\u00e9rimentons. . .<\/em><\/span><\/h2>\n<h2><span style=\"color: #800000;\"><em>\u00a0\u00a0\u00a0\u00a0\u00a0\u00a0\u00a0\u00a0\u00a0 Pour pr\u00e9parer les conditions d&rsquo;une soci\u00e9t\u00e9 autogestionnaire. . .<\/em><\/span><\/h2>\n<h2>Nous vous proposons de vous abonner \u00e0 NRVV, journal pour l\u2019autogestion (le Noir), la <span style=\"color: #ff0000;\">solidarit\u00e9<\/span> (le Rouge), <span style=\"color: #008000;\">l\u2019\u00e9cologie<\/span> (le Vert), le <span style=\"color: #333399;\">f\u00e9minisme<\/span> (le Violet) ?<\/h2>\n<h2><span style=\"color: #ff0000;\"><strong>NRVV, n\u2019est<\/strong> <\/span>certes <span style=\"color: #ff0000;\"><strong>pas un journal de fond,<\/strong><\/span> qui fait des analyses sur l\u2019\u00e9tat du monde, la paup\u00e9risation des classes moyennes, les media, les loisirs, les chances de tel ou telle candidat-e \u2026.<\/h2>\n<h2><span style=\"color: #808000;\"><strong>C\u2019est encore moins un ouvrage th\u00e9orique<\/strong> <\/span>apte \u00e0 renforcer votre \u00e9ducation et votre capacit\u00e9 \u00e0 d\u00e9battre s\u00e9rieux contre les ennemis de classe et leurs collabos. Toutes choses importantes, n\u00e9cessaires m\u00eame, mais qu\u2019on peut trouver ailleurs.<\/h2>\n<h2><span style=\"color: #008000;\"><strong>La politique, c\u2019est aussi<\/strong> <\/span>des coups de c\u0153ur, des enthousiasmes, des petites victoires contre l\u2019oppression, le fatalisme, le d\u00e9faitisme.<\/h2>\n<h2><span style=\"color: #808000;\"><strong>Dans NRVV, on trouve du<\/strong><\/span> v\u00e9cu, du ressenti de camarades, dans leurs vies militantes ou leur vie tout court. <strong>Des nouvelles de<\/strong>s luttes, des exp\u00e9riences en cours, des r\u00e9gions, \u00e0 travers des r\u00e9cits concrets, des \u00e9motions avec une petite touche de savoir et de culture en plus, pas p\u00e9dante pour un sou.<\/h2>\n<h2><span style=\"color: #0000ff;\"><strong>On le lit<\/strong><\/span> aussi<span style=\"color: #0000ff;\"> <strong>avec plaisir<\/strong><\/span> parce qu\u2019il n\u2019est pas besoin d\u2019avoir blanchi sous le harnais militant pour comprendre ce qu\u2019il relate.<\/h2>\n<p><!--more--><\/p>\n<h2><span style=\"color: #008000;\"><strong>Les articles sont courts<\/strong><\/span> ; on a le temps de le lire entre deux, en prenant son <a href=\"http:\/\/alternatifs81.fr\/wp-content\/uploads\/nrvv1-sorti1-1.png\" rel=\"lightbox[19344]\"><img loading=\"lazy\" decoding=\"async\" class=\"alignright wp-image-19343 size-medium\" src=\"http:\/\/alternatifs81.fr\/wp-content\/uploads\/nrvv1-sorti1-1-293x300.png\" alt=\"\" width=\"293\" height=\"300\" srcset=\"https:\/\/alternatifs81.fr\/wp-content\/uploads\/nrvv1-sorti1-1-293x300.png 293w, https:\/\/alternatifs81.fr\/wp-content\/uploads\/nrvv1-sorti1-1.png 350w\" sizes=\"auto, (max-width: 293px) 100vw, 293px\" \/><\/a>p\u2019tit d\u00e9j\u2019 par exemple, ou dans les transports, au feu rouge, sur le guidon de son v\u00e9lo ou encore dans une pi\u00e8ce un peu intime et cela sans m\u00eame avoir besoin d\u2019un \u00ab smart phone \u00bb<\/h2>\n<h2>C\u2019est bien simple\u00a0: moi, je le d\u00e9vore d\u00e8s son arriv\u00e9e.<\/h2>\n<h2>Alors, pour ne pas manquer le n\u00b0 12 qui va bient\u00f4t sortir, <span style=\"color: #0000ff;\"><strong>d\u00e9p\u00eachez vous d\u2019envoyer un ch\u00e8que de 15\u20ac<\/strong> <\/span><span style=\"color: #ff0000;\"><em>(ou plus si vous y tenez)<\/em><\/span> \u00e0 NRVV \u00a0 Lagrasse\u00a0 81470 LAUTREC\u00a0 (voir coupon en PJ).<\/h2>\n<h2>A moins que vous ne veniez de le faire\u00a0?<\/h2>\n<h2><\/h2>\n<h2><strong>Claude Rossignol et Jacques Pigaillem<\/strong><\/h2>\n<h2><strong>En compl\u00e9ment :<\/strong><\/h2>\n<h2><strong><a href=\"http:\/\/alternatifs81.fr\/?p=19063\">http:\/\/alternatifs81.fr\/?p=19063<\/a><\/strong><\/h2>\n<h2><strong><a href=\"http:\/\/nantes.alternatives-et-autogestion.org\/index.php?categorie2\/nrvv\">http:\/\/nantes.alternatives-et-autogestion.org\/index.php?categorie2\/nrvv<\/a><\/strong><\/h2>\n<h2><strong><a href=\"http:\/\/alternatives-et-autogestion.org\/blog\/abonnement\/\">http:\/\/alternatives-et-autogestion.org\/blog\/abonnement\/<\/a><\/strong><\/h2>\n<gcse:search><\/gcse:search>","protected":false},"excerpt":{"rendered":"<p>Pour nos luttes, \u00a0\u00a0\u00a0\u00a0\u00a0 Pour parler des Alternatives que nous exp\u00e9rimentons. . . \u00a0\u00a0\u00a0\u00a0\u00a0\u00a0\u00a0\u00a0\u00a0 Pour pr\u00e9parer les conditions d&rsquo;une soci\u00e9t\u00e9 autogestionnaire. . . Nous vous proposons de vous abonner \u00e0 NRVV, journal pour l\u2019autogestion (le Noir), la solidarit\u00e9 (le Rouge), l\u2019\u00e9cologie (le Vert), le f\u00e9minisme (le Violet) ? NRVV, n\u2019est certes pas un journal de [&hellip;]<\/p>\n","protected":false},"author":1,"featured_media":0,"comment_status":"open","ping_status":"open","sticky":true,"template":"","format":"standard","meta":{"footnotes":""},"categories":[391],"tags":[401,43,398,169,65,400,23,388,140],"class_list":["post-19344","post","type-post","status-publish","format-standard","hentry","category-alternatives-et-autogestion","tag-agriculture","tag-appel","tag-autogestion","tag-ecologie-2","tag-education","tag-feminisme","tag-luttes","tag-nrvv","tag-travail"],"_links":{"self":[{"href":"https:\/\/alternatifs81.fr\/index.php?rest_route=\/wp\/v2\/posts\/19344","targetHints":{"allow":["GET"]}}],"collection":[{"href":"https:\/\/alternatifs81.fr\/index.php?rest_route=\/wp\/v2\/posts"}],"about":[{"href":"https:\/\/alternatifs81.fr\/index.php?rest_route=\/wp\/v2\/types\/post"}],"author":[{"embeddable":true,"href":"https:\/\/alternatifs81.fr\/index.php?rest_route=\/wp\/v2\/users\/1"}],"replies":[{"embeddable":true,"href":"https:\/\/alternatifs81.fr\/index.php?rest_route=%2Fwp%2Fv2%2Fcomments&post=19344"}],"version-history":[{"count":0,"href":"https:\/\/alternatifs81.fr\/index.php?rest_route=\/wp\/v2\/posts\/19344\/revisions"}],"wp:attachment":[{"href":"https:\/\/alternatifs81.fr\/index.php?rest_route=%2Fwp%2Fv2%2Fmedia&parent=19344"}],"wp:term":[{"taxonomy":"category","embeddable":true,"href":"https:\/\/alternatifs81.fr\/index.php?rest_route=%2Fwp%2Fv2%2Fcategories&post=19344"},{"taxonomy":"post_tag","embeddable":true,"href":"https:\/\/alternatifs81.fr\/index.php?rest_route=%2Fwp%2Fv2%2Ftags&post=19344"}],"curies":[{"name":"wp","href":"https:\/\/api.w.org\/{rel}","templated":true}]}}