{"id":19339,"date":"2017-05-14T00:45:33","date_gmt":"2017-05-13T23:45:33","guid":{"rendered":"http:\/\/alternatifs81.fr\/?p=19339"},"modified":"2017-06-07T12:37:23","modified_gmt":"2017-06-07T11:37:23","slug":"le-populisme-de-gauche-ne-constitue-pas-une-alternative-credible-au-populisme-de-droite-par-thomas-coutrot","status":"publish","type":"post","link":"https:\/\/alternatifs81.fr\/?p=19339","title":{"rendered":"Le populisme de gauche ne constitue pas une alternative cr\u00e9dible au populisme de droite, par Thomas Coutrot"},"content":{"rendered":"<h2>\u00a0 <a href=\"http:\/\/alternatifs81.fr\/wp-content\/uploads\/coutrot.jpg\" rel=\"lightbox[19339]\"><img loading=\"lazy\" decoding=\"async\" class=\"alignleft wp-image-19330 size-medium\" src=\"http:\/\/alternatifs81.fr\/wp-content\/uploads\/coutrot-300x150.jpg\" alt=\"\" width=\"300\" height=\"150\" srcset=\"https:\/\/alternatifs81.fr\/wp-content\/uploads\/coutrot-300x150.jpg 300w, https:\/\/alternatifs81.fr\/wp-content\/uploads\/coutrot.jpg 318w\" sizes=\"auto, (max-width: 300px) 100vw, 300px\" \/><\/a>Performante lors de la campagne pr\u00e9sidentielle, qui met en sc\u00e8ne l\u2019\u00e9lection d\u2019un monarque, la strat\u00e9gie \u00ab populiste de gauche \u00bb de Jean-Luc M\u00e9lenchon risque de montrer ses limites aux l\u00e9gislatives, faute de pouvoir accepter la diversit\u00e9 d\u2019un \u00ab peuple \u00bb construit autour du leader. A la place du populisme, f\u00fbt-il de gauche, il faudrait inventer une strat\u00e9gie altermondialiste-libertaire de l\u2019\u00ab arc-en-ciel \u00bb pour \u00e9viter de paver la voie \u00e0 de nouvelles oligarchies.<\/h2>\n<h2>En Europe comme aux \u00c9tats-Unis, l\u2019extr\u00eame-droite populiste prosp\u00e8re sur les frustrations des classes moyennes et populaires blanches, en leur promettant un retour \u00e0 un pass\u00e9 id\u00e9alis\u00e9 d\u2019ordre et de prosp\u00e9rit\u00e9. Un pass\u00e9 o\u00f9 les classes populaires b\u00e9n\u00e9ficiaient d\u2019une relative s\u00e9curit\u00e9 de vie \u00e0 l\u2019abri de fronti\u00e8res nationales. Un pass\u00e9 aussi o\u00f9 les Noirs, les Arabes, les Chinois (et les femmes\u2026) \u00ab\u00a0se tenaient \u00e0 leur place\u00a0\u00bb\u2026<\/h2>\n<p><!--more--><\/p>\n<h2><\/h2>\n<h2>Le populiste de droite temp\u00eate contre \u00ab\u00a0les \u00e9lites mondialistes et apatrides\u00a0\u00bb &#8211; <a href=\"http:\/\/alternatifs81.fr\/wp-content\/uploads\/arton363-5a2b4-1.jpg\" rel=\"lightbox[19339]\"><img loading=\"lazy\" decoding=\"async\" class=\"alignright wp-image-18834\" src=\"http:\/\/alternatifs81.fr\/wp-content\/uploads\/arton363-5a2b4-1-142x150.jpg\" alt=\"\" width=\"300\" height=\"423\" \/><\/a>tout en s\u2019abstenant de critiquer les transnationales de son pays. Il construit un r\u00e9cit h\u00e9ro\u00efque o\u00f9 le peuple, uni autour du chef, va retrouver son unit\u00e9 perdue en excluant les tra\u00eetres et les \u00e9trangers. Il joue sur du velours, car le naufrage de la \u00ab\u00a0gauche\u00a0\u00bb (social-)d\u00e9mocrate &#8211; son m\u00e9pris des cat\u00e9gories populaires, son identification avec les privil\u00e9gi\u00e9s de la mondialisation &#8211; a discr\u00e9dit\u00e9 les id\u00e9es m\u00eame de gauche et de solidarit\u00e9 internationale.<\/h2>\n<h2><\/h2>\n<h2>Une chose est s\u00fbre\u00a0: la d\u00e9nonciation morale du fascisme ou du populisme est inutile. Le r\u00e9cit des Trump et des Le Pen ne pourra \u00eatre mis en \u00e9chec que par un autre r\u00e9cit populaire, \u00e9cologique, d\u00e9mocratique, plus puissant et authentique.<\/h2>\n<h2><\/h2>\n<h2>Mais pour construire ce r\u00e9cit, deux strat\u00e9gies s\u2019opposent. La premi\u00e8re, port\u00e9e par exemple par M\u00e9lenchon ou Podemos, est celle du \u00ab\u00a0populisme de gauche\u00a0\u00bb.<\/h2>\n<h2><a href=\"http:\/\/alternatifs81.fr\/wp-content\/uploads\/DSCN0161-Medium-1-1.jpg\" rel=\"lightbox[19339]\"><img loading=\"lazy\" decoding=\"async\" class=\"alignleft wp-image-18178\" src=\"http:\/\/alternatifs81.fr\/wp-content\/uploads\/DSCN0161-Medium-1-1-150x150.jpg\" alt=\"\" width=\"300\" height=\"479\" srcset=\"https:\/\/alternatifs81.fr\/wp-content\/uploads\/DSCN0161-Medium-1-1-188x300.jpg 188w, https:\/\/alternatifs81.fr\/wp-content\/uploads\/DSCN0161-Medium-1-1.jpg 376w\" sizes=\"auto, (max-width: 300px) 100vw, 300px\" \/><\/a>Il s\u2019agit de reconstruire un \u00ab\u00a0peuple\u00a0\u00bb uni contre l\u2019oligarchie autour de valeurs progressistes. A la x\u00e9nophobie on oppose la solidarit\u00e9 internationale, au sexisme le f\u00e9minisme, \u00e0 l\u2019irresponsabilit\u00e9 \u00e9cologique la conscience de l\u2019urgence climatique. C\u2019est autour de la figure du leader que doit se cristalliser une \u00ab\u00a0cha\u00eene d\u2019\u00e9quivalences\u00a0\u00bb (selon l\u2019expression de Laclau et Mouffe) qui fait converger les diverses luttes contre l\u2019oppression (capitaliste, sexiste, raciste, productiviste\u2026) en une cause unique\u00a0: \u00ab\u00a0eux\u00a0\u00bb contre \u00ab\u00a0nous\u00a0\u00bb, la caste contre le peuple, l\u2019oligarchie contre les 99\u00a0%. Le sentiment national, dont le pouvoir d\u2019agr\u00e9gation est sans \u00e9gal sur une vaste \u00e9chelle, est fortement mobilis\u00e9 &#8211; contre l\u2019h\u00e9g\u00e9monie allemande, l\u2019imp\u00e9rialisme am\u00e9ricain, le dumping chinois, etc. L\u2019objectif est d\u2019acc\u00e9der au pouvoir d\u2019\u00c9tat central afin de relancer une croissance plus locale et plus juste.<\/h2>\n<h2><\/h2>\n<h2>La deuxi\u00e8me strat\u00e9gie, altermondialiste \/ libertaire, proc\u00e8de d\u2019une d\u00e9marche qu\u2019on pourrait qualifier de \u00ab\u00a0l\u2019arc-en-ciel\u00a0\u00bb. La convergence recherch\u00e9e est intersectionnelle\u00a0: au sein de chaque mouvement elle mobilise les composantes qui ont conscience que leur combat \u2013 f\u00e9ministe, syndical, antiraciste, \u00e9cologiste\u2026 \u2013 ne pourra r\u00e9ellement progresser que par une coop\u00e9ration conflictuelle et constamment n\u00e9goci\u00e9e entre mouvements. Par exemple les \u00e9cologistes pour la justice climatique, les syndicalistes ouverts \u00e0 l\u2019\u00e9cologie ou les f\u00e9ministes anti-islamophobes\u2026 L\u2019ennemi \u2013 car une figure de l\u2019ennemi est indispensable \u2013 est le duo pervers form\u00e9 par l\u2019oligarchie politico-financi\u00e8re et les d\u00e9magogues racistes.<\/h2>\n<h2><\/h2>\n<h2>L\u2019accent est mis autant sur la lutte contre le capital financier que contre le\u00a0\u00a0 <a href=\"http:\/\/alternatifs81.fr\/wp-content\/uploads\/autocol-maj-degagent-reduit.jpg\" rel=\"lightbox[19339]\"><img loading=\"lazy\" decoding=\"async\" class=\"alignright wp-image-17703\" src=\"http:\/\/alternatifs81.fr\/wp-content\/uploads\/autocol-maj-degagent-reduit-150x150.jpg\" alt=\"\" width=\"300\" height=\"429\" srcset=\"https:\/\/alternatifs81.fr\/wp-content\/uploads\/autocol-maj-degagent-reduit-210x300.jpg 210w, https:\/\/alternatifs81.fr\/wp-content\/uploads\/autocol-maj-degagent-reduit.jpg 600w\" sizes=\"auto, (max-width: 300px) 100vw, 300px\" \/><\/a>productivisme et la concentration des pouvoirs. La transformation sociale est avant tout con\u00e7ue comme l\u2019essor de la puissance d\u2019agir des groupes sociaux, des communaut\u00e9s et de la soci\u00e9t\u00e9 civile au d\u00e9triment des appareils \u00e9conomiques et politiques dominants. La priorit\u00e9 est au d\u00e9mant\u00e8lement des m\u00e9ga-structures, \u00e0 l\u2019essor des initiatives de contr\u00f4le et de transition citoyenne et \u00e0 l\u2019institutionnalisation de contre-pouvoirs (comme des assembl\u00e9es de citoyen.ne.s tir\u00e9.es au sort) au c\u0153ur m\u00eame des institutions politiques.<\/h2>\n<h2><\/h2>\n<h2>La strat\u00e9gie d\u2019opposition entre \u00ab\u00a0le peuple\u00a0\u00bb et \u00ab\u00a0l\u2019oligarchie\u00a0\u00bb est dangereusement ambig\u00fce. Si l\u2019on construit le \u00ab\u00a0peuple\u00a0\u00bb autour d\u2019un leader charismatique, on rel\u00e8gue n\u00e9cessairement au dernier plan l\u2019auto-organisation et l\u2019auto-\u00e9ducation des citoyens. On subordonne la cr\u00e9ativit\u00e9 populaire et l\u2019innovation sociale \u00e0 la coh\u00e9rence suppos\u00e9e d\u2019une direction unique. De ce fait on ne pourra emprunter que des chemins d\u00e9j\u00e0 connus \u2013 ceux d\u2019un keyn\u00e9sianisme social et national \u2013, vou\u00e9s \u00e0 l\u2019\u00e9chec du fait notamment de l\u2019emprise de la finance et de la crise \u00e9cologique. On pave aussi la voie \u00e0 l\u2019\u00e9mergence de nouvelles oligarchies. Les exemples souvent revendiqu\u00e9s de Chavez, Correa ou Morales, illustrent par leurs d\u00e9rives autocratiques et productivistes cette dynamique du populisme de gauche. A la diff\u00e9rence pr\u00e8s qu\u2019il n\u2019y a pas en Europe les marges de man\u0153uvre redistributives fond\u00e9es sur l\u2019extractivisme que les leaders latino-am\u00e9ricains ont su exploiter durant leurs \u00ab\u00a0Dix Glorieuses\u00a0\u00bb (2000-2010)\u2026<\/h2>\n<h2><\/h2>\n<h2><a href=\"http:\/\/alternatifs81.fr\/wp-content\/uploads\/ob_fdc0ea_la-manipulation-par-la-peur.jpg\" rel=\"lightbox[19339]\"><img loading=\"lazy\" decoding=\"async\" class=\"alignleft wp-image-16991 size-medium\" src=\"http:\/\/alternatifs81.fr\/wp-content\/uploads\/ob_fdc0ea_la-manipulation-par-la-peur-300x188.jpg\" alt=\"\" width=\"300\" height=\"188\" srcset=\"https:\/\/alternatifs81.fr\/wp-content\/uploads\/ob_fdc0ea_la-manipulation-par-la-peur-300x188.jpg 300w, https:\/\/alternatifs81.fr\/wp-content\/uploads\/ob_fdc0ea_la-manipulation-par-la-peur.jpg 600w\" sizes=\"auto, (max-width: 300px) 100vw, 300px\" \/><\/a>\u00a0\u00a0\u00a0 C\u2019est pourquoi le populisme de gauche ne constitue pas une alternative cr\u00e9dible au populisme de droite. D\u00e9nu\u00e9 de pouvoir r\u00e9ellement \u00e9mancipateur, incapable de d\u00e9passer l\u2019imaginaire autoritaire et productiviste et de contester radicalement les dominations (des hommes et de la nature), le populisme de gauche m\u00e8ne \u00ab\u00a0le peuple\u00a0\u00bb qu\u2019il pr\u00e9tend construire dans une impasse autoritaire qui affaiblira les mouvements sociaux et citoyens et profitera au bout du compte au duo pervers du n\u00e9olib\u00e9ralisme et du despotisme.<\/h2>\n<h2><\/h2>\n<h2>Construire contre l\u2019oligarchie un \u00ab\u00a0peuple\u00a0\u00bb \u00e9mancipateur suppose de rejeter fermement les logiques autoritaires de d\u00e9l\u00e9gation et de privil\u00e9gier l\u2019auto-organisation des citoyen.ne.s en lutte pour l\u2019invention de nouveaux rapports sociaux et avec la nature. Cela passe aussi par l\u2019invention d\u2019une nouvelle forme politique, un \u00ab\u00a0parti-mouvement\u00a0\u00bb articulant ses diff\u00e9rentes composantes de fa\u00e7on souple et non hi\u00e9rarchique, et exer\u00e7ant un contr\u00f4le institutionnellement organis\u00e9 sur ses dirigeants et ses \u00e9lus. Il n\u2019y aura pas de sauveur supr\u00eame, nous sommes condamn\u00e9s \u00e0 l\u2019imagination pour inventer les outils qui feront vivre la d\u00e9mocratie r\u00e9elle.<\/h2>\n<h2><strong>Thomas Coutrot,<\/strong> \u00e9conomiste, militant altermondialiste, co-auteur du Manifeste des \u00e9conomistes atterr\u00e9s<\/h2>\n<h2><\/h2>\n<h2>https:\/\/blogs.mediapart.fr\/thomas-coutrot\/blog\/110517\/le-populisme-de-gauche-ne-constitue-pas-une-alternative-credible-au-populisme-de-droite<\/h2>\n<p>&nbsp;<\/p>\n<p>&nbsp;<\/p>\n<p>&nbsp;<\/p>\n<gcse:search><\/gcse:search>","protected":false},"excerpt":{"rendered":"<p>\u00a0 Performante lors de la campagne pr\u00e9sidentielle, qui met en sc\u00e8ne l\u2019\u00e9lection d\u2019un monarque, la strat\u00e9gie \u00ab populiste de gauche \u00bb de Jean-Luc M\u00e9lenchon risque de montrer ses limites aux l\u00e9gislatives, faute de pouvoir accepter la diversit\u00e9 d\u2019un \u00ab peuple \u00bb construit autour du leader. A la place du populisme, f\u00fbt-il de gauche, il faudrait [&hellip;]<\/p>\n","protected":false},"author":1,"featured_media":0,"comment_status":"open","ping_status":"open","sticky":false,"template":"","format":"standard","meta":{"footnotes":""},"categories":[126],"tags":[398],"class_list":["post-19339","post","type-post","status-publish","format-standard","hentry","category-gauche-de-combat","tag-autogestion"],"_links":{"self":[{"href":"https:\/\/alternatifs81.fr\/index.php?rest_route=\/wp\/v2\/posts\/19339","targetHints":{"allow":["GET"]}}],"collection":[{"href":"https:\/\/alternatifs81.fr\/index.php?rest_route=\/wp\/v2\/posts"}],"about":[{"href":"https:\/\/alternatifs81.fr\/index.php?rest_route=\/wp\/v2\/types\/post"}],"author":[{"embeddable":true,"href":"https:\/\/alternatifs81.fr\/index.php?rest_route=\/wp\/v2\/users\/1"}],"replies":[{"embeddable":true,"href":"https:\/\/alternatifs81.fr\/index.php?rest_route=%2Fwp%2Fv2%2Fcomments&post=19339"}],"version-history":[{"count":0,"href":"https:\/\/alternatifs81.fr\/index.php?rest_route=\/wp\/v2\/posts\/19339\/revisions"}],"wp:attachment":[{"href":"https:\/\/alternatifs81.fr\/index.php?rest_route=%2Fwp%2Fv2%2Fmedia&parent=19339"}],"wp:term":[{"taxonomy":"category","embeddable":true,"href":"https:\/\/alternatifs81.fr\/index.php?rest_route=%2Fwp%2Fv2%2Fcategories&post=19339"},{"taxonomy":"post_tag","embeddable":true,"href":"https:\/\/alternatifs81.fr\/index.php?rest_route=%2Fwp%2Fv2%2Ftags&post=19339"}],"curies":[{"name":"wp","href":"https:\/\/api.w.org\/{rel}","templated":true}]}}