{"id":19310,"date":"2017-04-26T15:48:37","date_gmt":"2017-04-26T14:48:37","guid":{"rendered":"http:\/\/alternatifs81.fr\/?p=19310"},"modified":"2017-05-09T15:51:45","modified_gmt":"2017-05-09T14:51:45","slug":"quils-se-demerdent-entre-les-deux-nous-navons-pas-a-choisir","status":"publish","type":"post","link":"https:\/\/alternatifs81.fr\/?p=19310","title":{"rendered":"Entre les deux, nous n\u2019avons pas \u00e0 choisir.. . . Qu&rsquo;ils se d\u00e9merdent !"},"content":{"rendered":"<p style=\"margin: 0cm; margin-bottom: .0001pt; text-align: justify;\"><span style=\"font-size: 16.0pt; color: black;\"><a href=\"http:\/\/alternatifs81.fr\/wp-content\/uploads\/Logo-Alternatives-et-Autogestion.jpg\" rel=\"lightbox[19310]\"><img loading=\"lazy\" decoding=\"async\" class=\"alignleft wp-image-17401 size-full\" src=\"http:\/\/alternatifs81.fr\/wp-content\/uploads\/Logo-Alternatives-et-Autogestion.jpg\" alt=\"\" width=\"215\" height=\"122\" \/><\/a>\u00a0 Au vu des r\u00e9sultats du 1<sup>er<\/sup>\u00a0tour des \u00e9lections pr\u00e9sidentielles, les \u00e9lectrices et \u00e9lecteurs auront \u00e0 choisir entre la candidate n\u00e9o-fasciste,\u00a0 x\u00e9nophobe et le candidat des banques et du patronat. . . <\/span><\/p>\n<p style=\"margin: 0cm; margin-bottom: .0001pt; text-align: justify;\"><span style=\"font-size: 16.0pt; color: black;\">Entre les deux, nous n\u2019avons pas \u00e0 choisir. <\/span><\/p>\n<p style=\"margin: 0cm; margin-bottom: .0001pt; text-align: justify;\"><span style=\"font-size: 16.0pt; color: black;\">Pour nous, \u00e0 Alternatives et Autogestion, \u00ab\u00a0<i>La fonction pr\u00e9sidentielle est \u00e0 l&rsquo;oppos\u00e9 de notre conception de la soci\u00e9t\u00e9. \u00c9lire un souverain tout puissant n&rsquo;est pas du tout un processus autogestionnaire\u00a0\u00bb. <\/i><\/span><\/p>\n<p style=\"margin: 0cm; margin-bottom: .0001pt; text-align: justify;\"><span style=\"font-size: 16.0pt; color: black;\">Po<\/span><span style=\"font-size: 16.0pt;\">ur le 2<sup>\u00e8me<\/sup> tour, chacun.e agira en fonction de son analyse. Nous proposons d\u2019utiliser nos bulletins \u00a0 A&amp;A pour voter blanc ou nul.\u00a0<\/span><\/p>\n<p style=\"margin: 0cm; margin-bottom: .0001pt; text-align: justify;\"><span style=\"font-size: 16.0pt; color: black;\">Plus que jamais,<\/span><span style=\"font-size: 16.0pt;\"> pas de r\u00e9signation : nous devons continuer d\u2019\u0153uvrer au rassemblement des initiatives\u00a0! Il s\u2019agit bien plus de faire vivre et de coordonner sur le terrain les exp\u00e9riences et alternatives sociales et \u00e9cologiques nouvelles mises en \u0153uvre chaque jour.<\/span><\/p>\n<p style=\"margin: 0cm; margin-bottom: .0001pt; text-align: justify;\"><span style=\"font-size: 16.0pt;\">Il ne s\u2019agit pas d\u2019\u00e9lire un ou des chefs pour exercer un hypoth\u00e9tique pouvoir politique mais, au\u00a0<a href=\"http:\/\/alternatifs81.fr\/wp-content\/uploads\/BV-1.jpg\" rel=\"lightbox[19310]\"><img loading=\"lazy\" decoding=\"async\" class=\"alignright wp-image-19267 size-medium\" src=\"http:\/\/alternatifs81.fr\/wp-content\/uploads\/BV-1-300x186.jpg\" alt=\"\" width=\"300\" height=\"186\" srcset=\"https:\/\/alternatifs81.fr\/wp-content\/uploads\/BV-1-300x186.jpg 300w, https:\/\/alternatifs81.fr\/wp-content\/uploads\/BV-1.jpg 749w\" sizes=\"auto, (max-width: 300px) 100vw, 300px\" \/><\/a> contraire, d\u2019encourager \u00a0les citoyen-ne.s<b><i> <\/i><\/b>\u00e0 r\u00e9fl\u00e9chir, d\u00e9cider, agir, pour plus d&rsquo;\u00e9cologie, de solidarit\u00e9 humaine, de justice sociale &#8211; de la campagne \u00e0 la ville.<\/span><\/p>\n<p style=\"margin: 0cm; margin-bottom: .0001pt; text-align: justify;\"><span style=\"font-size: 16.0pt;\">Loin de la th\u00e9orie pure et des promesses insens\u00e9es, il s\u2019agit d\u2019agir concr\u00e8tement sur le terrain des luttes en participant \u00e0 la construction d\u2019une soci\u00e9t\u00e9 autogestionnaire, \u00e9cologiste, f\u00e9ministe et solidaire, avec les associations, les syndicats et les forces sociales qui ont d\u00e9j\u00e0 \u00ab\u00a0les mains dans le cambouis\u00a0\u00bb.<\/span><\/p>\n<p style=\"margin: 0cm; margin-bottom: .0001pt; text-align: justify;\"><span style=\"font-size: 16.0pt;\">Ce sont ces luttes et les conditions de leurs d\u00e9veloppements qui repousseront la propagation de l\u2019id\u00e9ologie d\u2019extr\u00eame-droite et qui r\u00e9cuseront les pr\u00e9tendus bienfaits du lib\u00e9ralisme.<br \/>\n<\/span><!--more--><\/p>\n<p style=\"margin: 0cm; margin-bottom: .0001pt; text-align: justify;\"><a href=\"http:\/\/alternatifs81.fr\/wp-content\/uploads\/BV-2-2.jpg\" rel=\"lightbox[19310]\"><img loading=\"lazy\" decoding=\"async\" class=\"alignleft wp-image-19266 size-medium\" src=\"http:\/\/alternatifs81.fr\/wp-content\/uploads\/BV-2-2-300x161.jpg\" alt=\"\" width=\"300\" height=\"161\" srcset=\"https:\/\/alternatifs81.fr\/wp-content\/uploads\/BV-2-2-300x161.jpg 300w, https:\/\/alternatifs81.fr\/wp-content\/uploads\/BV-2-2.jpg 745w\" sizes=\"auto, (max-width: 300px) 100vw, 300px\" \/><\/a><\/p>\n<p style=\"margin: 0cm; margin-bottom: .0001pt; text-align: justify;\"><a href=\"http:\/\/alternatifs81.fr\/wp-content\/uploads\/BV-3.jpg\" rel=\"lightbox[19310]\"><img loading=\"lazy\" decoding=\"async\" class=\"alignnone wp-image-19265 size-medium\" src=\"http:\/\/alternatifs81.fr\/wp-content\/uploads\/BV-3-300x189.jpg\" alt=\"\" width=\"300\" height=\"189\" srcset=\"https:\/\/alternatifs81.fr\/wp-content\/uploads\/BV-3-300x189.jpg 300w, https:\/\/alternatifs81.fr\/wp-content\/uploads\/BV-3.jpg 703w\" sizes=\"auto, (max-width: 300px) 100vw, 300px\" \/><\/a><a href=\"http:\/\/alternatifs81.fr\/wp-content\/uploads\/BV-5.jpg\" rel=\"lightbox[19310]\"><img loading=\"lazy\" decoding=\"async\" class=\"alignnone wp-image-19263 size-medium\" src=\"http:\/\/alternatifs81.fr\/wp-content\/uploads\/BV-5-300x190.jpg\" alt=\"\" width=\"300\" height=\"190\" srcset=\"https:\/\/alternatifs81.fr\/wp-content\/uploads\/BV-5-300x190.jpg 300w, https:\/\/alternatifs81.fr\/wp-content\/uploads\/BV-5.jpg 741w\" sizes=\"auto, (max-width: 300px) 100vw, 300px\" \/><\/a><\/p>\n<gcse:search><\/gcse:search>","protected":false},"excerpt":{"rendered":"<p>\u00a0 Au vu des r\u00e9sultats du 1er\u00a0tour des \u00e9lections pr\u00e9sidentielles, les \u00e9lectrices et \u00e9lecteurs auront \u00e0 choisir entre la candidate n\u00e9o-fasciste,\u00a0 x\u00e9nophobe et le candidat des banques et du patronat. . . Entre les deux, nous n\u2019avons pas \u00e0 choisir. Pour nous, \u00e0 Alternatives et Autogestion, \u00ab\u00a0La fonction pr\u00e9sidentielle est \u00e0 l&rsquo;oppos\u00e9 de notre conception [&hellip;]<\/p>\n","protected":false},"author":1,"featured_media":0,"comment_status":"open","ping_status":"open","sticky":false,"template":"","format":"standard","meta":{"footnotes":""},"categories":[275,62],"tags":[103,117,23],"class_list":["post-19310","post","type-post","status-publish","format-standard","hentry","category-a-gauche-toute","category-elections","tag-demarche-citoyenne","tag-democratie","tag-luttes"],"_links":{"self":[{"href":"https:\/\/alternatifs81.fr\/index.php?rest_route=\/wp\/v2\/posts\/19310","targetHints":{"allow":["GET"]}}],"collection":[{"href":"https:\/\/alternatifs81.fr\/index.php?rest_route=\/wp\/v2\/posts"}],"about":[{"href":"https:\/\/alternatifs81.fr\/index.php?rest_route=\/wp\/v2\/types\/post"}],"author":[{"embeddable":true,"href":"https:\/\/alternatifs81.fr\/index.php?rest_route=\/wp\/v2\/users\/1"}],"replies":[{"embeddable":true,"href":"https:\/\/alternatifs81.fr\/index.php?rest_route=%2Fwp%2Fv2%2Fcomments&post=19310"}],"version-history":[{"count":0,"href":"https:\/\/alternatifs81.fr\/index.php?rest_route=\/wp\/v2\/posts\/19310\/revisions"}],"wp:attachment":[{"href":"https:\/\/alternatifs81.fr\/index.php?rest_route=%2Fwp%2Fv2%2Fmedia&parent=19310"}],"wp:term":[{"taxonomy":"category","embeddable":true,"href":"https:\/\/alternatifs81.fr\/index.php?rest_route=%2Fwp%2Fv2%2Fcategories&post=19310"},{"taxonomy":"post_tag","embeddable":true,"href":"https:\/\/alternatifs81.fr\/index.php?rest_route=%2Fwp%2Fv2%2Ftags&post=19310"}],"curies":[{"name":"wp","href":"https:\/\/api.w.org\/{rel}","templated":true}]}}