{"id":19194,"date":"2017-03-04T17:11:38","date_gmt":"2017-03-04T16:11:38","guid":{"rendered":"http:\/\/alternatifs81.fr\/?p=19194"},"modified":"2017-03-31T14:26:49","modified_gmt":"2017-03-31T13:26:49","slug":"notre-dame-des-landes-declaration-du-collectif-paysan-copain-44","status":"publish","type":"post","link":"https:\/\/alternatifs81.fr\/?p=19194","title":{"rendered":"Notre-Dame-des-Landes : d\u00e9claration du collectif paysan COPAIN 44"},"content":{"rendered":"<h2><strong><a href=\"http:\/\/alternatifs81.fr\/wp-content\/uploads\/8046b8226297596508105ef047809ba1_view.jpg\" rel=\"lightbox[19194]\"><img loading=\"lazy\" decoding=\"async\" class=\"alignleft wp-image-19197 size-medium\" src=\"http:\/\/alternatifs81.fr\/wp-content\/uploads\/8046b8226297596508105ef047809ba1_view-300x225.jpg\" width=\"300\" height=\"225\" srcset=\"https:\/\/alternatifs81.fr\/wp-content\/uploads\/8046b8226297596508105ef047809ba1_view-300x225.jpg 300w, https:\/\/alternatifs81.fr\/wp-content\/uploads\/8046b8226297596508105ef047809ba1_view.jpg 400w\" sizes=\"auto, (max-width: 300px) 100vw, 300px\" \/><\/a>\u00a0\u00a0 Le collectif Copain, r\u00e9uni en assembl\u00e9e g\u00e9n\u00e9rale, a fait le point sur la situation actuelle et aboutit au consensus suivant, qu\u2019il souhaite diffuser largement.\u00a0<\/strong><\/h2>\n<h2><strong>Depuis juin 2016, les discussions sur l&rsquo;usage des terres ont repris, et c&rsquo;est laborieux et compliqu\u00e9. Cependant, nous gardons l\u2019envie de faire quelque chose tous ensemble dans cette zone en mettant en pratique le contenu du texte dit \u00ab <em>des 6 points<\/em> \u00bb : attention et respect des uns envers les autres, d\u00e9veloppement de la diversit\u00e9, entre autre au niveau agricole, maintien et entretien des communs, recherche d\u2019une d\u00e9marche pour qui veut prendre place sereinement dans la zad.\u00a0<\/strong><\/h2>\n<h2><strong>L\u2019\u00e9laboration des <em>\u00ab6 points\u00bb<\/em> a apport\u00e9 de la s\u00e9r\u00e9nit\u00e9 sur la ZAD et pour l\u2019ensemble du mouvement. Ce texte n\u2019est pas remis en cause collectivement, c\u2019est essentiel. De m\u00eame, qu\u2019il est essentiel de tout faire pour que les nouveaux l\u2019int\u00e8grent comme un \u00e9l\u00e9ment structurant de la culture locale, ce qui est en cours.\u00a0<\/strong><\/h2>\n<p><!--more--><\/p>\n<h2><strong>\u00a0<\/strong><\/h2>\n<h2><strong>Pour nous, Copain, la diversit\u00e9 des activit\u00e9s agricoles se concr\u00e9tise par 3\u00a0\u00a0\u00a0\u00a0\u00a0 <a href=\"http:\/\/alternatifs81.fr\/wp-content\/uploads\/7aaf0942decfce0c53e6b4bec104b19b_view-1.jpg\" rel=\"lightbox[19194]\"><img loading=\"lazy\" decoding=\"async\" class=\"alignright wp-image-19196 size-medium\" src=\"http:\/\/alternatifs81.fr\/wp-content\/uploads\/7aaf0942decfce0c53e6b4bec104b19b_view-1-300x225.jpg\" width=\"300\" height=\"225\" srcset=\"https:\/\/alternatifs81.fr\/wp-content\/uploads\/7aaf0942decfce0c53e6b4bec104b19b_view-1-300x225.jpg 300w, https:\/\/alternatifs81.fr\/wp-content\/uploads\/7aaf0942decfce0c53e6b4bec104b19b_view-1.jpg 400w\" sizes=\"auto, (max-width: 300px) 100vw, 300px\" \/><\/a>profils : les paysans historiques, de nouvelles installations officielles issues ou non du mouvement d\u2019occupation, individuelles ou collectives et enfin la poursuite et le d\u00e9veloppement des activit\u00e9s agricoles libres de tout statut.\u00a0<\/strong><\/h2>\n<h2><strong>La force de notre mouvement est sa d\u00e9termination, son intelligence collective, mais surtout sa diversit\u00e9. La pr\u00e9sence de paysans historiques, m\u00eame ill\u00e9gaux, a \u00e9videmment, avec d\u2019autres facteurs bien s\u00fbr, fait h\u00e9siter le gouvernement \u00e0 intervenir cet automne. La pr\u00e9sence d\u2019activit\u00e9 l\u00e9gale, classique, mon\u00e9taris\u00e9e, men\u00e9e tranquillement \u00e0 c\u00f4t\u00e9 d\u2019activit\u00e9s sans statut, non mon\u00e9taris\u00e9es banalise le tout et r\u00e9duit le c\u00f4t\u00e9 inqui\u00e9tant des derni\u00e8res.\u00a0<\/strong><\/h2>\n<h2><strong>Merci aux paysans historiques d\u2019\u00eatre toujours l\u00e0. Nous souhaitons qu\u2019ils puissent travailler dans une ambiance de voisinage bienveillant.\u00a0<\/strong><\/h2>\n<h2><strong><a href=\"http:\/\/alternatifs81.fr\/wp-content\/uploads\/affiche-NDDL-AA-petit-212x300-2.jpg\" rel=\"lightbox[19194]\"><img loading=\"lazy\" decoding=\"async\" class=\"alignleft wp-image-19175 size-medium\" src=\"http:\/\/alternatifs81.fr\/wp-content\/uploads\/affiche-NDDL-AA-petit-212x300-2-212x300.jpg\" width=\"212\" height=\"300\" \/><\/a>\u00a0\u00a0\u00a0\u00a0 Les projets officiels vont concerner une ou des personnes ayant un statut juridique agricole comme les historiques. De m\u00eame, au niveau du foncier, ces personnes doivent avoir la m\u00eame s\u00e9curit\u00e9 d&rsquo;usage des terres qu&rsquo;\u00e0 l&rsquo;ext\u00e9rieur de la zad.\u00a0<\/strong><\/h2>\n<h2><strong>Concr\u00e8tement des parcelles leur seront attribu\u00e9es et ils m\u00e8neront l\u2019activit\u00e9 de leur choix durant tout le temps de leur activit\u00e9. Logiquement, ces projets se mettent en place en connaissant le contexte et doivent donc d\u00e9velopper des interactions positives avec la zad.\u00a0<\/strong><\/h2>\n<h2><strong>Le r\u00f4le de Copain est de soutenir ce type d\u2019installation. Pourquoi ? Parce que cela nous ressemble. Parce que c\u2019est per\u00e7u comme motivant par les militants antis a\u00e9roport. Parce que les fermes historiques ne doivent pas \u00eatre les seules officielles pour qu\u2019il y ait vraiment de la diversit\u00e9 et que nous en aurons besoin le jour de la victoire Et enfin, parce que c\u2019est infiniment plus compliqu\u00e9 qu\u2019en non officiel.\u00a0<\/strong><\/h2>\n<h2><strong>Nous souhaitons aussi que se maintienne une activit\u00e9 agricole hors statut importante. Parce qu\u2019elle est, elle aussi , essentielle pour la diversit\u00e9. Parce que l\u2019activit\u00e9 a commenc\u00e9 comme cela. Parce qu\u2019elle est solidaire, riche d\u2019innovation sociale, voire technique.\u00a0<\/strong><\/h2>\n<h2><strong>Depuis le d\u00e9but, les nombreux paysans-nes de Copain soutiennent concr\u00e8tement tant en partage de savoir, qu\u2019en apport de mat\u00e9riel, qu\u2019en pr\u00eat d\u2019animaux et qu\u2019en coup de main, tous les types de projets. <\/strong><\/h2>\n<gcse:search><\/gcse:search>","protected":false},"excerpt":{"rendered":"<p>\u00a0\u00a0 Le collectif Copain, r\u00e9uni en assembl\u00e9e g\u00e9n\u00e9rale, a fait le point sur la situation actuelle et aboutit au consensus suivant, qu\u2019il souhaite diffuser largement.\u00a0 Depuis juin 2016, les discussions sur l&rsquo;usage des terres ont repris, et c&rsquo;est laborieux et compliqu\u00e9. Cependant, nous gardons l\u2019envie de faire quelque chose tous ensemble dans cette zone en [&hellip;]<\/p>\n","protected":false},"author":1,"featured_media":0,"comment_status":"open","ping_status":"open","sticky":false,"template":"","format":"standard","meta":{"footnotes":""},"categories":[154,434],"tags":[23,204],"class_list":["post-19194","post","type-post","status-publish","format-standard","hentry","category-agriculture","category-projets-nuisibles-et-inutiles","tag-luttes","tag-notre-dame-des-landes"],"_links":{"self":[{"href":"https:\/\/alternatifs81.fr\/index.php?rest_route=\/wp\/v2\/posts\/19194","targetHints":{"allow":["GET"]}}],"collection":[{"href":"https:\/\/alternatifs81.fr\/index.php?rest_route=\/wp\/v2\/posts"}],"about":[{"href":"https:\/\/alternatifs81.fr\/index.php?rest_route=\/wp\/v2\/types\/post"}],"author":[{"embeddable":true,"href":"https:\/\/alternatifs81.fr\/index.php?rest_route=\/wp\/v2\/users\/1"}],"replies":[{"embeddable":true,"href":"https:\/\/alternatifs81.fr\/index.php?rest_route=%2Fwp%2Fv2%2Fcomments&post=19194"}],"version-history":[{"count":0,"href":"https:\/\/alternatifs81.fr\/index.php?rest_route=\/wp\/v2\/posts\/19194\/revisions"}],"wp:attachment":[{"href":"https:\/\/alternatifs81.fr\/index.php?rest_route=%2Fwp%2Fv2%2Fmedia&parent=19194"}],"wp:term":[{"taxonomy":"category","embeddable":true,"href":"https:\/\/alternatifs81.fr\/index.php?rest_route=%2Fwp%2Fv2%2Fcategories&post=19194"},{"taxonomy":"post_tag","embeddable":true,"href":"https:\/\/alternatifs81.fr\/index.php?rest_route=%2Fwp%2Fv2%2Ftags&post=19194"}],"curies":[{"name":"wp","href":"https:\/\/api.w.org\/{rel}","templated":true}]}}