{"id":19143,"date":"2017-02-21T11:19:48","date_gmt":"2017-02-21T10:19:48","guid":{"rendered":"http:\/\/alternatifs81.fr\/?p=19143"},"modified":"2017-03-17T00:57:40","modified_gmt":"2017-03-16T23:57:40","slug":"8-mars-journee-de-lutte-pour-legalite-appel-national","status":"publish","type":"post","link":"https:\/\/alternatifs81.fr\/?p=19143","title":{"rendered":"8 mars : journ\u00e9e de lutte pour l&rsquo;\u00e9galit\u00e9. Appel national"},"content":{"rendered":"<ol>\n<li>\n<div class=\"separator\" style=\"clear: both; text-align: center;\"><a style=\"clear: left; float: left; margin-bottom: 1em; margin-right: 1em;\" href=\"https:\/\/3.bp.blogspot.com\/-N-rXakmAFkM\/WKwHNSKEDEI\/AAAAAAAATNw\/gRIFpTmAViIxwJ8r9nY0fIy6B8JEUniwQCLcB\/s1600\/logo_feminisme.gif\" rel=\"lightbox[19143]\"><img loading=\"lazy\" decoding=\"async\" src=\"https:\/\/3.bp.blogspot.com\/-N-rXakmAFkM\/WKwHNSKEDEI\/AAAAAAAATNw\/gRIFpTmAViIxwJ8r9nY0fIy6B8JEUniwQCLcB\/s200\/logo_feminisme.gif\" width=\"168\" height=\"200\" border=\"0\" \/><\/a><\/div>\n<h2>Elles \u00e9taient plus de 300 000 \u00e0 manifester en Pologne pour le droit \u00e0 l&rsquo;avortement.<\/h2>\n<h2>Elles \u00e9taient en gr\u00e8ve en Islande pour obtenir l&rsquo;\u00e9galit\u00e9 des salaires Elles \u00e9taient en gr\u00e8ve en Argentine contre les violences<\/h2>\n<h2>Elles se sont mobilis\u00e9es contre Donald Trump aux Etats-Unis<\/h2>\n<h2>En France, elles \u00e9taient des dizaines de milliers \u00e0 manifester contre la loi El Khomri, puis dans l&rsquo;action le 7 novembre dernier \u00e0 16h34 pour l&rsquo;\u00e9galit\u00e9 salariale et partout, elles continuent \u00e0 se battre pour leurs conditions de travail.<\/h2>\n<h2><span style=\"color: #808000;\"> Nous appelons \u00e0 l&rsquo;action et \u00e0 la gr\u00e8ve pour les droits des femmes le 8 mars<\/span><\/h2>\n<h2>La journ\u00e9e du 8 mars ne se \u00ab\u00a0f\u00eate\u00a0\u00bb pas par un cadeau ou une distribution de fleurs sur le lieu de travail. <span style=\"color: #808000;\">Journ\u00e9e internationale pour les droits des femmes, elle est une journ\u00e9e de lutte pour l&rsquo;\u00e9galit\u00e9.\u00a0\u00a0<\/span><\/h2>\n<p><!--more--><\/p>\n<h2>En 2017, le contexte politique, social et \u00e9conomique international comme <a href=\"http:\/\/alternatifs81.fr\/wp-content\/uploads\/1586696250_23874a8e27-4.jpg\" rel=\"lightbox[19143]\"><img loading=\"lazy\" decoding=\"async\" class=\"alignright wp-image-19135 size-medium\" src=\"http:\/\/alternatifs81.fr\/wp-content\/uploads\/1586696250_23874a8e27-4-300x300.jpg\" width=\"300\" height=\"300\" srcset=\"https:\/\/alternatifs81.fr\/wp-content\/uploads\/1586696250_23874a8e27-4-300x300.jpg 300w, https:\/\/alternatifs81.fr\/wp-content\/uploads\/1586696250_23874a8e27-4-150x150.jpg 150w, https:\/\/alternatifs81.fr\/wp-content\/uploads\/1586696250_23874a8e27-4.jpg 500w\" sizes=\"auto, (max-width: 300px) 100vw, 300px\" \/><\/a>national n&rsquo;offre pas de r\u00e9pit pour tout-es celles et ceux qui \u0153uvrent \u00e0 plus d&rsquo;\u00e9galit\u00e9 et de justice sociale.<\/h2>\n<h2>La banalisation des id\u00e9es d&rsquo;extr\u00eames droites, la mont\u00e9e des conservateurs dans les \u00e9lections (aux Etats-Unis, dans diff\u00e9rents pays Europ\u00e9ens notamment) sont des signes inqui\u00e9tants pour les droits des femmes, pour les droits des populations qui fuient les guerres, la tyrannie, l&rsquo;homophobie ou tout simplement la mis\u00e8re.<\/h2>\n<h2>En France, le contexte social et politique avec les derni\u00e8res lois (Travail, Macron, Rebsamen&#8230;), la r\u00e9pression du mouvement social, comme la banalisation des id\u00e9es de l&rsquo;extr\u00eame droite obligent nos organisations syndicales et f\u00e9ministes \u00e0 s&rsquo;allier pour contrer pied \u00e0 pied leur propagande mensong\u00e8re et les reculs sociaux pour les salari\u00e9-es, chomeurs\/ses, pr\u00e9caires, \u00e9tudiant-es et retrait\u00e9-es.<\/h2>\n<h2><a href=\"http:\/\/alternatifs81.fr\/wp-content\/uploads\/\u00e9galit\u00e9-1-2.jpg\" rel=\"lightbox[19143]\"><img loading=\"lazy\" decoding=\"async\" class=\"alignleft wp-image-18802 size-medium\" src=\"http:\/\/alternatifs81.fr\/wp-content\/uploads\/\u00e9galit\u00e9-1-2-288x300.jpg\" width=\"288\" height=\"300\" srcset=\"https:\/\/alternatifs81.fr\/wp-content\/uploads\/\u00e9galit\u00e9-1-2-288x300.jpg 288w, https:\/\/alternatifs81.fr\/wp-content\/uploads\/\u00e9galit\u00e9-1-2-768x799.jpg 768w, https:\/\/alternatifs81.fr\/wp-content\/uploads\/\u00e9galit\u00e9-1-2.jpg 800w\" sizes=\"auto, (max-width: 288px) 100vw, 288px\" \/><\/a>\u00a0\u00a0 L&rsquo;\u00e9galit\u00e9 entre les femmes et les hommes est pour nous incontournable parce qu&rsquo;elle participe du progr\u00e8s social. Laisser perdurer les in\u00e9galit\u00e9s entre les femmes et les hommes et s&rsquo;exercer les violences contre les femmes, c&rsquo;est porter une responsabilit\u00e9 sur le fait que les id\u00e9es r\u00e9trogrades et les partis qui les portent progressent. Des mesures ambitieuses avec des moyens d\u00e9di\u00e9s doivent \u00eatre mis en \u0153uvre de fa\u00e7on urgente. Des mobilisations d&rsquo;ampleur, combatives et solidaires nous permettront de les imposer.<\/h2>\n<h2>En 2017, nous voulons que cessent enfin les in\u00e9galit\u00e9s au travail, en termes de salaires, d&rsquo;acc\u00e8s \u00e0 l&#8217;emploi, de carri\u00e8re, de temps de travail. Nous voulons l&rsquo;\u00e9galit\u00e9 salariale et la revalorisation des salaires dans les m\u00e9tiers \u00e0 pr\u00e9dominance f\u00e9minine.<\/h2>\n<h2>En 2017, nous voulons que soit garanti le droit d&rsquo;acc\u00e8s \u00e0 l&rsquo;avortement, \u00e0 <a href=\"http:\/\/alternatifs81.fr\/wp-content\/uploads\/avortement-contraception.jpg\" rel=\"lightbox[19143]\"><img loading=\"lazy\" decoding=\"async\" class=\"alignright wp-image-18259 size-full\" src=\"http:\/\/alternatifs81.fr\/wp-content\/uploads\/avortement-contraception.jpg\" width=\"196\" height=\"257\" \/><\/a>la\u00a0\u00a0 contraception dont la l\u00e9gitimit\u00e9 est sans cesse remise en cause. Nous voulons un \u00e9gal acc\u00e8s \u00e0 la sant\u00e9 et aux services publics garants d&rsquo;une \u00e9galit\u00e9 de traitement pour toutes et tous.<\/h2>\n<h2>En 2017, nous voulons que cessent les violences sexuelles et sexistes \u00e0 l&rsquo;encontre des femmes : au travail, dans l&rsquo;espace public comme \u00e0 la maison.<\/h2>\n<h2>En 2017 nous voulons des politiques volontaristes contre les st\u00e9r\u00e9otypes de genre : \u00e0 l&rsquo;\u00e9cole, dans les m\u00e9dias, dans la vie publique et priv\u00e9e.<\/h2>\n<h2>En 2017 nous voulons le partage des t\u00e2ches domestiques et des services publics de prise en charge de la petite enfance et des personnes \u00e2g\u00e9es d\u00e9pendantes Les femmes sont toujours pay\u00e9es en moyenne un quart en moins que les hommes. Ceci signifie donc que chaque jour, elles travaillent gratuitement \u00e0 partir de 15h40.<\/h2>\n<h2>Aussi, nous appelons \u00e0 faire du 8 mars 2017 une journ\u00e9e d&rsquo;actions et de gr\u00e8ves pour les droits des femmes.<\/h2>\n<h2><a href=\"http:\/\/alternatifs81.fr\/wp-content\/uploads\/57125220_p.jpg\" rel=\"lightbox[19143]\"><img loading=\"lazy\" decoding=\"async\" class=\"alignleft wp-image-18198 size-medium\" src=\"http:\/\/alternatifs81.fr\/wp-content\/uploads\/57125220_p-300x200.jpg\" width=\"300\" height=\"200\" \/><\/a>\u00a0\u00a0\u00a0 Pour refuser le travail gratuit et exiger l\u2019\u00e9galit\u00e9 professionnelle, nous appelons \u00e0 des arr\u00eats de travail \u00e0 15h40 dans toute la France et sur tous les lieux de travail.<\/h2>\n<h2>Montrons que nos luttes sont des conditions n\u00e9cessaires et indispensables pour l\u2019\u00e9mancipation des femmes et des peuples. Et montrons que nous devons toutes et tous rester solidaires, vigilantes et combatives pour renforcer nos acquis et obtenir de nouveaux droits.<\/h2>\n<h2><span style=\"color: #808000;\"> Le 8 mars \u00e0 15h40 : toutes et tous dans l&rsquo;action, toutes et tous dans la gr\u00e8ve\u00a0<\/span><\/h2>\n<h2>Premiers signataires : <em><span style=\"color: #0000ff;\">Alliance des Femmes pour la D\u00e9mocratie, Association Nationale des \u00c9tudes F\u00e9ministes, ATTAC France, CGT, Collectif Libertaire Anti-Sexiste, Collectif 52, Collectif Georgette Sand, Collectif National pour les Droits des Femmes, Collectif Tenon, Femen, FIT une femme un toit, Femmes Solidaires, F\u00e9ministes plurielles, Femmes \u00c9galit\u00e9, Femmes Migrantes Debout, FSU, La Brigade antisexiste, Les effront\u00e9-e-s, Les Glorieuses, Ligue des Femmes Internationale pour la d\u00e9mocratie, Marche Mondiale des Femmes, MNCP, Nuit f\u00e9ministe,Osez Le F\u00e9minisme !, Paye ta Shnek, Planning Familial, R\u00e9seau F\u00e9ministe Rupture, SKB, Union syndicale Solidaires, UNEF, UNL\u00a0<\/span><\/em><\/h2>\n<h2>En soutien :<span style=\"color: #0000ff;\"><em> Alternative libertaire, Ensemble ! , France insoumise, Mouvement de la Jeunesse Communiste de France, Parti Communiste Fran\u00e7ais, Parti communiste des ouvriers de France.\u00a0<\/em><\/span><\/h2>\n<h2><em> Envoyez vos signatures \u00e0<\/em> collectifdroitsdesfemmes@gmail.com<\/h2>\n<\/li>\n<\/ol>\n<p>&nbsp;<\/p>\n<p>&nbsp;<\/p>\n<gcse:search><\/gcse:search>","protected":false},"excerpt":{"rendered":"<p>Elles \u00e9taient plus de 300 000 \u00e0 manifester en Pologne pour le droit \u00e0 l&rsquo;avortement. Elles \u00e9taient en gr\u00e8ve en Islande pour obtenir l&rsquo;\u00e9galit\u00e9 des salaires Elles \u00e9taient en gr\u00e8ve en Argentine contre les violences Elles se sont mobilis\u00e9es contre Donald Trump aux Etats-Unis En France, elles \u00e9taient des dizaines de milliers \u00e0 manifester contre [&hellip;]<\/p>\n","protected":false},"author":1,"featured_media":0,"comment_status":"open","ping_status":"open","sticky":false,"template":"","format":"standard","meta":{"footnotes":""},"categories":[149],"tags":[43,103,117,50,400,23],"class_list":["post-19143","post","type-post","status-publish","format-standard","hentry","category-feminisme","tag-appel","tag-demarche-citoyenne","tag-democratie","tag-discriminations","tag-feminisme","tag-luttes"],"_links":{"self":[{"href":"https:\/\/alternatifs81.fr\/index.php?rest_route=\/wp\/v2\/posts\/19143","targetHints":{"allow":["GET"]}}],"collection":[{"href":"https:\/\/alternatifs81.fr\/index.php?rest_route=\/wp\/v2\/posts"}],"about":[{"href":"https:\/\/alternatifs81.fr\/index.php?rest_route=\/wp\/v2\/types\/post"}],"author":[{"embeddable":true,"href":"https:\/\/alternatifs81.fr\/index.php?rest_route=\/wp\/v2\/users\/1"}],"replies":[{"embeddable":true,"href":"https:\/\/alternatifs81.fr\/index.php?rest_route=%2Fwp%2Fv2%2Fcomments&post=19143"}],"version-history":[{"count":0,"href":"https:\/\/alternatifs81.fr\/index.php?rest_route=\/wp\/v2\/posts\/19143\/revisions"}],"wp:attachment":[{"href":"https:\/\/alternatifs81.fr\/index.php?rest_route=%2Fwp%2Fv2%2Fmedia&parent=19143"}],"wp:term":[{"taxonomy":"category","embeddable":true,"href":"https:\/\/alternatifs81.fr\/index.php?rest_route=%2Fwp%2Fv2%2Fcategories&post=19143"},{"taxonomy":"post_tag","embeddable":true,"href":"https:\/\/alternatifs81.fr\/index.php?rest_route=%2Fwp%2Fv2%2Ftags&post=19143"}],"curies":[{"name":"wp","href":"https:\/\/api.w.org\/{rel}","templated":true}]}}