{"id":19010,"date":"2017-01-20T00:50:28","date_gmt":"2017-01-19T23:50:28","guid":{"rendered":"http:\/\/alternatifs81.fr\/?p=19010"},"modified":"2017-04-08T10:31:32","modified_gmt":"2017-04-08T09:31:32","slug":"du-squat-et-du-caat-collectif-accueil-avec-toit-a-albi","status":"publish","type":"post","link":"https:\/\/alternatifs81.fr\/?p=19010","title":{"rendered":"Du Squat et du CAAT (Collectif Accueil Avec Toit \u00e0 Albi)"},"content":{"rendered":"<h2 style=\"text-align: justify;\"><strong><a href=\"http:\/\/alternatifs81.fr\/wp-content\/uploads\/CAAT.jpg\" rel=\"lightbox[19010]\"><img loading=\"lazy\" decoding=\"async\" class=\"alignleft wp-image-19014 size-medium\" src=\"http:\/\/alternatifs81.fr\/wp-content\/uploads\/CAAT-300x225.jpg\" alt=\"CAAT\" width=\"300\" height=\"225\" \/><\/a>\u00a0 \u00a0 \u00a0\u00a0 <\/strong>\u00ab\u00a0Le 115, plus qu\u2019une bou\u00e9e, un cocon\u00a0\u00bb, c\u2019est ainsi que <em>La D\u00e9p\u00eache du Midi (Tarn)<\/em> intitulait l\u2019article qu\u2019elle consacrait \u00e0 l\u2019h\u00e9bergement d\u2019urgence dans le Tarn dans le journal du lundi 16\/01<a href=\"#_ftn1\" name=\"_ftnref1\">[1]<\/a>. \u00ab\u00a0Le 115, un cocon\u00a0\u00bb, soit, mais un cocon qui prend l\u2019eau\u2026<\/h2>\n<h2 style=\"text-align: justify;\">L\u2019article reconna\u00eet, en effet, que le 115 ne suffit pas aux besoins en h\u00e9bergement d\u2019urgence dans le d\u00e9partement \u00a0: \u00ab\u00a020\u00a0% [des personnes en situation difficile] ont pu b\u00e9n\u00e9ficier d\u2019un h\u00e9bergement d\u2019urgence\u00a0\u00bb. 20\u00a0% <em>seulement<\/em>, pourrait-on ajouter. Mais l\u2019article, confiant dans les structures et les moyens mis en place par les pouvoirs publics, ajoute\u00a0: \u00ab\u00a0les autres n\u2019ont pas pour autant termin\u00e9 \u00e0 la rue\u00a0\u00bb. Quelles \u00ab\u00a0solutions\u00a0\u00bb sont donc trouv\u00e9es\u00a0? On apprendra dans l\u2019article qu\u2019elles ne viennent pas des pouvoirs publics\u2026<\/h2>\n<h2 style=\"text-align: justify;\">\u00a0Pour d\u00e9tailler les dispositifs d\u2019aide, parole est donn\u00e9e, entre autres, \u00e0 Bernard Cr\u00e9mon, chef du service inclusion sociale de la DDCSPP (Direction D\u00e9partementale de la Coh\u00e9sion Sociale et de la Protection des Populations, un service de la pr\u00e9fecture), lequel reconna\u00eet que si \u00ab\u00a0les personnes \u00e0 la rue sont tr\u00e8s rares\u00a0\u00bb, c\u2019est \u00ab\u00a0gr\u00e2ce \u00e0 des ph\u00e9nom\u00e8nes de solidarit\u00e9, soit dans des logements indignes soit dans des squats\u00a0\u00bb.<\/h2>\n<p><!--more--><\/p>\n<h2 style=\"text-align: justify;\">Le lecteur apprend au passage que la solidarit\u00e9 n\u2019est trait\u00e9e comme un d\u00e9lit \u00a0\u00a0<a href=\"http:\/\/alternatifs81.fr\/wp-content\/uploads\/accueillons-les-r\u00e9fugi\u00e9s-6.jpg\" rel=\"lightbox[19010]\"><img loading=\"lazy\" decoding=\"async\" class=\"alignright wp-image-19011 size-medium\" src=\"http:\/\/alternatifs81.fr\/wp-content\/uploads\/accueillons-les-r\u00e9fugi\u00e9s-6-253x300.jpg\" alt=\"accueillons les r\u00e9fugi\u00e9s\" width=\"253\" height=\"300\" srcset=\"https:\/\/alternatifs81.fr\/wp-content\/uploads\/accueillons-les-r\u00e9fugi\u00e9s-6-253x300.jpg 253w, https:\/\/alternatifs81.fr\/wp-content\/uploads\/accueillons-les-r\u00e9fugi\u00e9s-6-768x912.jpg 768w, https:\/\/alternatifs81.fr\/wp-content\/uploads\/accueillons-les-r\u00e9fugi\u00e9s-6.jpg 800w\" sizes=\"auto, (max-width: 253px) 100vw, 253px\" \/><\/a> que quand cela arrange les pouvoirs publics, mais qu\u2019elle peut par ailleurs leur \u00eatre une aide essentielle face \u00e0 l\u2019insuffisance des moyens qu\u2019ils mettent en \u0153uvre. Dans ces quelques lignes, le lecteur entend encore M. Cr\u00e9mon accr\u00e9diter le r\u00f4le indispensable jou\u00e9 par les squats\u00a0; et \u00e0 Albi, et plus largement dans le Tarn, ce r\u00f4le est rempli par le CAAT, un collectif qui, depuis le 20 septembre, occupe des b\u00e2timents au 18 rue Lavazi\u00e8re, des b\u00e2timents qui \u00e9taient vacants depuis plus de quatre ans et qui ont \u00e9t\u00e9 ouverts pour mettre \u00e0 l\u2019abri des personnes sans logement d\u00e9laiss\u00e9es par les pouvoirs publics, malgr\u00e9 les appels au 115 et les sollicitations faites aupr\u00e8s de la pr\u00e9fecture.<\/h2>\n<h2 style=\"text-align: justify;\">Le CAAT trouve l\u00e9gitime cette reconnaissance du r\u00f4le qu\u2019il joue mais regrette que M. Cr\u00e9mon, en associant \u00ab\u00a0squats\u00a0\u00bb et \u00ab\u00a0logements indignes\u00a0\u00bb, omette tout le travail et le d\u00e9ploiement d\u2019\u00e9nergie fournis b\u00e9n\u00e9volement par celles et ceux qui s\u2019investissent au CAAT. Si l\u2019h\u00e9bergement que propose le CAAT devient indigne, ce sera parce qu\u2019on l\u2019aura priv\u00e9 des moyens dont il a besoin pour offrir \u00e0 celles et ceux qu\u2019il h\u00e9berge des conditions de vie d\u00e9cente. Puisque les services de la pr\u00e9fecture reconnaissent l\u2019existence de CAAT et la fonction qu\u2019il assure pour l\u2019h\u00e9bergement d\u2019urgence sur Albi et plus largement dans le Tarn, le CAAT demande \u00e0 la pr\u00e9fecture de se montrer cons\u00e9quente et de l\u2019appuyer face aux d\u00e9marches intent\u00e9es en justice par les soci\u00e9t\u00e9s propri\u00e9taires<a href=\"#_ftn2\" name=\"_ftnref2\">[2]<\/a> en vue d\u2019une expulsion des b\u00e2timents occup\u00e9s<a href=\"#_ftn3\" name=\"_ftnref3\">[3]<\/a>.<\/h2>\n<h2 style=\"text-align: justify;\"><a href=\"http:\/\/alternatifs81.fr\/wp-content\/uploads\/solidarit\u00e9-avec-les-r\u00e9fugi\u00e9s-1.jpg\" rel=\"lightbox[19010]\"><img loading=\"lazy\" decoding=\"async\" class=\"alignleft wp-image-19013 size-medium\" src=\"http:\/\/alternatifs81.fr\/wp-content\/uploads\/solidarit\u00e9-avec-les-r\u00e9fugi\u00e9s-1-244x300.jpg\" alt=\"solidarit\u00e9 avec les r\u00e9fugi\u00e9s\" width=\"244\" height=\"300\" srcset=\"https:\/\/alternatifs81.fr\/wp-content\/uploads\/solidarit\u00e9-avec-les-r\u00e9fugi\u00e9s-1-244x300.jpg 244w, https:\/\/alternatifs81.fr\/wp-content\/uploads\/solidarit\u00e9-avec-les-r\u00e9fugi\u00e9s-1-768x946.jpg 768w, https:\/\/alternatifs81.fr\/wp-content\/uploads\/solidarit\u00e9-avec-les-r\u00e9fugi\u00e9s-1.jpg 800w\" sizes=\"auto, (max-width: 244px) 100vw, 244px\" \/><\/a>\u00a0\u00a0\u00a0 Si \u00ab\u00a0L\u2019\u00c9tat, comme on peut le lire dans <em>La D\u00e9p\u00eache, <\/em>met des millions d\u2019euros sur la table, dans le Tarn, pour que ses partenaires fassent appliquer \u2018le droit constitutionnel d\u2019avoir un toit\u2019\u00a0\u00bb, il faut gager que ces millions sont, soit insuffisants, soit mal utilis\u00e9s. Les priorit\u00e9s budg\u00e9taires de l\u2019\u00c9tat sont orient\u00e9es vers la relance du logement locatif priv\u00e9 et l\u2019accession \u00e0 la propri\u00e9t\u00e9, l\u2019une et l\u2019autre soumises aux seules lois du march\u00e9, loin des n\u00e9cessit\u00e9s premi\u00e8res des personnes en difficult\u00e9. Face \u00e0 cela, les solutions qui devraient s\u2019imposer et que la loi pr\u00e9voit restent inappliqu\u00e9es\u00a0: la pr\u00e9fecture du Tarn refuse d\u2019appliquer la loi de r\u00e9quisition des b\u00e2timents vacants, sinon pour cr\u00e9er des C.A.O<a href=\"#_ftn4\" name=\"_ftnref4\">[4]<\/a> qui ne sont que des \u00ab\u00a0centres de tri\u00a0\u00bb ouverts de mani\u00e8re temporaire, le temps de proc\u00e9der \u00e0 quelques expulsions. Pour le reste, la pr\u00e9fecture pr\u00e9f\u00e8re laisser les b\u00e2timents vides inoccup\u00e9s et les personnes sans logement \u00e0 la rue. Le squat est la solution que les pouvoirs publics refusent de trouver. Dans l\u2019article de <em>La D\u00e9p\u00eache<\/em> sus-cit\u00e9, Jean-Michel Fedon, \u00e0 la t\u00eate de la DDCSPP, reconna\u00eet qu\u2019\u00a0\u00ab\u00a0il y a plusieurs centaines de logements sociaux vacants sur le Tarn\u00a0\u00bb parce que le probl\u00e8me reste le loyer \u00e0 payer (\u00ab\u00a0Mais il faut payer le loyer\u00a0\u00bb). Le squat dispense de loyer ceux et celles qui ne peuvent s\u2019en acquitter. Il \u00e9tablit une jouissance de nos droits fondamentaux non soumise \u00e0 des imp\u00e9ratifs et \u00e0 des logiques marchands.<\/h2>\n<h2 style=\"text-align: justify;\">Le CAAT demande \u00e0 la pr\u00e9fecture, et plus largement \u00e0 l\u2019\u00c9tat dont elle est la repr\u00e9sentante dans le Tarn, de cesser leur double jeu\u00a0: on ne peut d\u2019une\u00a0\u00a0\u00a0\u00a0\u00a0\u00a0 <a href=\"http:\/\/alternatifs81.fr\/wp-content\/uploads\/logement-d\u00e9cent-1.jpg\" rel=\"lightbox[19010]\"><img loading=\"lazy\" decoding=\"async\" class=\"alignright wp-image-19012 size-medium\" src=\"http:\/\/alternatifs81.fr\/wp-content\/uploads\/logement-d\u00e9cent-1-213x300.jpg\" alt=\"logement d\u00e9cent\" width=\"213\" height=\"300\" srcset=\"https:\/\/alternatifs81.fr\/wp-content\/uploads\/logement-d\u00e9cent-1-213x300.jpg 213w, https:\/\/alternatifs81.fr\/wp-content\/uploads\/logement-d\u00e9cent-1-768x1081.jpg 768w, https:\/\/alternatifs81.fr\/wp-content\/uploads\/logement-d\u00e9cent-1-728x1024.jpg 728w, https:\/\/alternatifs81.fr\/wp-content\/uploads\/logement-d\u00e9cent-1.jpg 800w\" sizes=\"auto, (max-width: 213px) 100vw, 213px\" \/><\/a>main condamner les squats et de l\u2019autre reconna\u00eetre le r\u00f4le essentiel qu\u2019ils jouent. Si ce qui est indispensable \u00e0 la soci\u00e9t\u00e9 et \u00e0 l\u2019exercice de droits fondamentaux est condamn\u00e9 par la loi, il faut en conclure que la loi est mal faite, et plus profond\u00e9ment que le syst\u00e8me dans lequel nous \u00e9voluons repose sur de mauvaises bases\u2026 qu\u2019il faut donc les renverser pour en construire de nouvelles, plus justes, plus solidaires, plus humaines.<\/h2>\n<h2 style=\"text-align: justify;\"><\/h2>\n<h2 style=\"text-align: justify;\"><span style=\"color: #0000ff;\"><em>B\u00e9reng\u00e8re<\/em><\/span><\/h2>\n<h2><span style=\"color: #0000ff;\"><em>\u00a020 janvier 2017<\/em><\/span><\/h2>\n<h2 style=\"text-align: justify;\"><em><a href=\"#_ftnref1\" name=\"_ftn1\">[1]<\/a>http:\/\/www.ladepeche.fr\/article\/2017\/01\/16\/2497442-le-115-plus-qu-une-bouee-un-cocon.html<br \/>\n<\/em><\/h2>\n<h2 style=\"text-align: justify;\"><em><a href=\"#_ftnref2\" name=\"_ftn2\">[2]<\/a>Les soci\u00e9t\u00e9s Sofilo et Enedis.<\/em><\/h2>\n<h2 style=\"text-align: justify;\"><em><a href=\"#_ftnref3\" name=\"_ftn3\">[3]<\/a>Le 24 octobre dernier, le CAAT obtenait la tr\u00eave hivernale, mais est aujourd\u2019hui (le 20\/01) assign\u00e9 au tribunal par les soci\u00e9t\u00e9s propri\u00e9taires et menac\u00e9 de se voir couper l\u2019\u00e9lectricit\u00e9, ce qui \u00e9quivaudrait \u00e0 une expulsion.<\/em><\/h2>\n<h2 style=\"text-align: justify;\"><em><a href=\"#_ftnref4\" name=\"_ftn4\">[4]<\/a>Centre d\u2019Accueil et d\u2019Orientation, cr\u00e9\u00e9s au moment du d\u00e9mant\u00e8lement de Calais.<\/em><\/h2>\n<gcse:search><\/gcse:search>","protected":false},"excerpt":{"rendered":"<p>\u00a0 \u00a0 \u00a0\u00a0 \u00ab\u00a0Le 115, plus qu\u2019une bou\u00e9e, un cocon\u00a0\u00bb, c\u2019est ainsi que La D\u00e9p\u00eache du Midi (Tarn) intitulait l\u2019article qu\u2019elle consacrait \u00e0 l\u2019h\u00e9bergement d\u2019urgence dans le Tarn dans le journal du lundi 16\/01[1]. \u00ab\u00a0Le 115, un cocon\u00a0\u00bb, soit, mais un cocon qui prend l\u2019eau\u2026 L\u2019article reconna\u00eet, en effet, que le 115 ne suffit pas [&hellip;]<\/p>\n","protected":false},"author":1,"featured_media":0,"comment_status":"open","ping_status":"open","sticky":false,"template":"","format":"standard","meta":{"footnotes":""},"categories":[348,193],"tags":[447,43,103,50],"class_list":["post-19010","post","type-post","status-publish","format-standard","hentry","category-construire-des-alternatives","category-social","tag-accueil","tag-appel","tag-demarche-citoyenne","tag-discriminations"],"_links":{"self":[{"href":"https:\/\/alternatifs81.fr\/index.php?rest_route=\/wp\/v2\/posts\/19010","targetHints":{"allow":["GET"]}}],"collection":[{"href":"https:\/\/alternatifs81.fr\/index.php?rest_route=\/wp\/v2\/posts"}],"about":[{"href":"https:\/\/alternatifs81.fr\/index.php?rest_route=\/wp\/v2\/types\/post"}],"author":[{"embeddable":true,"href":"https:\/\/alternatifs81.fr\/index.php?rest_route=\/wp\/v2\/users\/1"}],"replies":[{"embeddable":true,"href":"https:\/\/alternatifs81.fr\/index.php?rest_route=%2Fwp%2Fv2%2Fcomments&post=19010"}],"version-history":[{"count":0,"href":"https:\/\/alternatifs81.fr\/index.php?rest_route=\/wp\/v2\/posts\/19010\/revisions"}],"wp:attachment":[{"href":"https:\/\/alternatifs81.fr\/index.php?rest_route=%2Fwp%2Fv2%2Fmedia&parent=19010"}],"wp:term":[{"taxonomy":"category","embeddable":true,"href":"https:\/\/alternatifs81.fr\/index.php?rest_route=%2Fwp%2Fv2%2Fcategories&post=19010"},{"taxonomy":"post_tag","embeddable":true,"href":"https:\/\/alternatifs81.fr\/index.php?rest_route=%2Fwp%2Fv2%2Ftags&post=19010"}],"curies":[{"name":"wp","href":"https:\/\/api.w.org\/{rel}","templated":true}]}}