{"id":18941,"date":"2017-01-10T21:38:24","date_gmt":"2017-01-10T20:38:24","guid":{"rendered":"http:\/\/alternatifs81.fr\/?p=18941"},"modified":"2017-01-21T18:03:58","modified_gmt":"2017-01-21T17:03:58","slug":"samedi-7-janvier-nouvelle-journee-de-forte-mobilisation-du-collectif-pact-pas-dautoroute-castres-toulouse","status":"publish","type":"post","link":"https:\/\/alternatifs81.fr\/?p=18941","title":{"rendered":"Samedi 7 janvier, nouvelle journ\u00e9e de forte mobilisation du Collectif PACT (Pas d&rsquo;Autoroute Castres Toulouse)"},"content":{"rendered":"<h2 style=\"text-align: justify;\"><a href=\"http:\/\/alternatifs81.fr\/wp-content\/uploads\/Soual-7-janvier-file.jpg\" rel=\"lightbox[18941]\"><img loading=\"lazy\" decoding=\"async\" class=\"alignleft wp-image-18944 size-medium\" src=\"http:\/\/alternatifs81.fr\/wp-content\/uploads\/Soual-7-janvier-file-300x169.jpg\" alt=\"soual-7-janvier-file\" width=\"300\" height=\"169\" srcset=\"https:\/\/alternatifs81.fr\/wp-content\/uploads\/Soual-7-janvier-file-300x169.jpg 300w, https:\/\/alternatifs81.fr\/wp-content\/uploads\/Soual-7-janvier-file-768x432.jpg 768w, https:\/\/alternatifs81.fr\/wp-content\/uploads\/Soual-7-janvier-file-1024x576.jpg 1024w, https:\/\/alternatifs81.fr\/wp-content\/uploads\/Soual-7-janvier-file.jpg 1828w\" sizes=\"auto, (max-width: 300px) 100vw, 300px\" \/><\/a>\u00a0\u00a0\u00a0 Plus d\u00e9cid\u00e9s que jamais, plusieurs dizaines de volontaires ont brav\u00e9 le froid vif pour se retrouver au rond-point de Soual. De dix heures \u00e0 midi, sous l\u2019\u0153il d\u00e9bonnaire des gendarmes pr\u00e9sents pour s&rsquo;assurer du bon d\u00e9roulement de l&rsquo;op\u00e9ration, c&rsquo;est \u00e0 plus de 2.000 automobilistes que des tracts informatifs ont \u00e9t\u00e9 distribu\u00e9s.<\/h2>\n<h2 style=\"text-align: justify;\">Les messages \u00e9taient calibr\u00e9s au plus juste pour ne pas trop ralentir le trafic, dense un samedi matin \u00e0 l&rsquo;entr\u00e9e de la zone commerciale. Pour les militants, l&rsquo;important c&rsquo;est que les citoyens participent \u00e0 l&rsquo;enqu\u00eate publique et qu&rsquo;ils le fassent en ayant conscience des cons\u00e9quences n\u00e9gatives du projet sur la collectivit\u00e9.<\/h2>\n<h2 style=\"text-align: justify;\">L&rsquo;accueil, souvent favorable et toujours bienveillant, \u00e0 quelques rares\u00a0\u00a0\u00a0 <a href=\"http:\/\/alternatifs81.fr\/wp-content\/uploads\/soual-debrif-7-01-2017.jpg\" rel=\"lightbox[18941]\"><img loading=\"lazy\" decoding=\"async\" class=\"alignright wp-image-18945 size-medium\" src=\"http:\/\/alternatifs81.fr\/wp-content\/uploads\/soual-debrif-7-01-2017-300x169.jpg\" alt=\"soual-debrif-7-01-2017\" width=\"300\" height=\"169\" srcset=\"https:\/\/alternatifs81.fr\/wp-content\/uploads\/soual-debrif-7-01-2017-300x169.jpg 300w, https:\/\/alternatifs81.fr\/wp-content\/uploads\/soual-debrif-7-01-2017-768x432.jpg 768w, https:\/\/alternatifs81.fr\/wp-content\/uploads\/soual-debrif-7-01-2017.jpg 800w\" sizes=\"auto, (max-width: 300px) 100vw, 300px\" \/><\/a>exceptions, a montr\u00e9 que les automobilistes \u00e9taient demandeurs d&rsquo;informations plus que de slogans. Payer demain pour utiliser des itin\u00e9raires aujourd\u2019hui gratuits en a scandalis\u00e9 plus d&rsquo;un. C&rsquo;est dans la bonne humeur g\u00e9n\u00e9rale que les volontaires se sont s\u00e9par\u00e9s \u00e0 midi apr\u00e8s avoir fait un premier bilan de l\u00a0\u00bbop\u00e9ration.<\/h2>\n<p><!--more--><\/p>\n<h2 style=\"text-align: justify;\">L&rsquo;apr\u00e8s midi, trois d\u00e9l\u00e9gu\u00e9s du PACT, Patricia Leplatois, Jacques Carcasses et Bernard Cottaz-Cordier, ont \u00e9t\u00e9 re\u00e7us par la Commission d&rsquo;enqu\u00eate au complet.<\/h2>\n<h2 style=\"text-align: justify;\"><a href=\"http:\/\/alternatifs81.fr\/wp-content\/uploads\/15252573_1067595490013528_7791380199357698804_o-1.jpg\" rel=\"lightbox[18941]\"><img loading=\"lazy\" decoding=\"async\" class=\"alignleft wp-image-18943 size-medium\" src=\"http:\/\/alternatifs81.fr\/wp-content\/uploads\/15252573_1067595490013528_7791380199357698804_o-1-212x300.jpg\" alt=\"15252573_1067595490013528_7791380199357698804_o\" width=\"212\" height=\"300\" srcset=\"https:\/\/alternatifs81.fr\/wp-content\/uploads\/15252573_1067595490013528_7791380199357698804_o-1-212x300.jpg 212w, https:\/\/alternatifs81.fr\/wp-content\/uploads\/15252573_1067595490013528_7791380199357698804_o-1.jpg 679w\" sizes=\"auto, (max-width: 212px) 100vw, 212px\" \/><\/a>\u00a0\u00a0\u00a0\u00a0 Ils ont pu exposer les raisons pour lesquelles ils jugent ce projet d\u00e9sastreux et irresponsable tant sur les plans \u00e9conomique qu&rsquo;\u00e9cologique. \u00c9cologiquement d\u00e9sastreux \u00e0 cause de l\u2019emprise fonci\u00e8re sur les terres agricoles et les espaces naturels.\u00c9cologiquement irresponsable \u00e0 l&rsquo;heure des engagements internationaux de la France pour lutter contre le r\u00e9chauffement climatique et donc pour remettre en cause le tout routier particuli\u00e8rement en ce qui concerne le trafic des poids lourds. \u00c9conomiquement d\u00e9sastreux car le co\u00fbt de ce projet support\u00e9 \u00e0 la fois par les usagers (avec un p\u00e9age exorbitant de 15 \u20ac) et les contribuables va ass\u00e9cher des finances locales d\u00e9j\u00e0 exsangues au d\u00e9triment d&rsquo;autres projets autrement porteurs d&rsquo;avenir. \u00c9conomiquement irresponsable car aucune \u00e9tude s\u00e9rieuse n&rsquo;a jamais valid\u00e9 un quelconque impact positif de ce projet sur l&rsquo;activit\u00e9 du territoire particuli\u00e8rement en terme d\u2019emplois.<\/h2>\n<h2 style=\"text-align: justify;\">A leur sortie, les repr\u00e9sentants du PACT avaient le sentiment d&rsquo;avoir \u00e9t\u00e9\u00a0\u00a0\u00a0 <a href=\"http:\/\/alternatifs81.fr\/wp-content\/uploads\/projet-du-pass\u00e9-projet-d\u00e9pass\u00e9-2.jpg\" rel=\"lightbox[18941]\"><img loading=\"lazy\" decoding=\"async\" class=\"alignright wp-image-18607 size-medium\" src=\"http:\/\/alternatifs81.fr\/wp-content\/uploads\/projet-du-pass\u00e9-projet-d\u00e9pass\u00e9-2-205x300.jpg\" alt=\"projet-du-passe-projet-depasse-2\" width=\"205\" height=\"300\" srcset=\"https:\/\/alternatifs81.fr\/wp-content\/uploads\/projet-du-pass\u00e9-projet-d\u00e9pass\u00e9-2-205x300.jpg 205w, https:\/\/alternatifs81.fr\/wp-content\/uploads\/projet-du-pass\u00e9-projet-d\u00e9pass\u00e9-2-768x1123.jpg 768w, https:\/\/alternatifs81.fr\/wp-content\/uploads\/projet-du-pass\u00e9-projet-d\u00e9pass\u00e9-2-700x1024.jpg 700w, https:\/\/alternatifs81.fr\/wp-content\/uploads\/projet-du-pass\u00e9-projet-d\u00e9pass\u00e9-2.jpg 800w\" sizes=\"auto, (max-width: 205px) 100vw, 205px\" \/><\/a>entendus m\u00eame si, \u00e9videmment, les membres de la commission n\u2019\u00e9taient jamais sortis de leur devoir de neutralit\u00e9. Pour eux, la mobilisation continue jusqu&rsquo;au 23 janvier, date de cl\u00f4ture de l&rsquo;enqu\u00eate publique.<\/h2>\n<p>&nbsp;<\/p>\n<h3><span style=\"color: #0000ff;\"><em>le 7 janvier 2017<\/em><\/span><\/h3>\n<h3><span style=\"color: #0000ff;\"><em>Pas d&rsquo;Autoroute Castres Toulouse<\/em><\/span><\/h3>\n<gcse:search><\/gcse:search>","protected":false},"excerpt":{"rendered":"<p>\u00a0\u00a0\u00a0 Plus d\u00e9cid\u00e9s que jamais, plusieurs dizaines de volontaires ont brav\u00e9 le froid vif pour se retrouver au rond-point de Soual. De dix heures \u00e0 midi, sous l\u2019\u0153il d\u00e9bonnaire des gendarmes pr\u00e9sents pour s&rsquo;assurer du bon d\u00e9roulement de l&rsquo;op\u00e9ration, c&rsquo;est \u00e0 plus de 2.000 automobilistes que des tracts informatifs ont \u00e9t\u00e9 distribu\u00e9s. Les messages \u00e9taient [&hellip;]<\/p>\n","protected":false},"author":1,"featured_media":0,"comment_status":"open","ping_status":"open","sticky":false,"template":"","format":"standard","meta":{"footnotes":""},"categories":[434,14],"tags":[17,103,23,397],"class_list":["post-18941","post","type-post","status-publish","format-standard","hentry","category-projets-nuisibles-et-inutiles","category-rn126","tag-autoroute-castres-toulouse","tag-demarche-citoyenne","tag-luttes","tag-rn126"],"_links":{"self":[{"href":"https:\/\/alternatifs81.fr\/index.php?rest_route=\/wp\/v2\/posts\/18941","targetHints":{"allow":["GET"]}}],"collection":[{"href":"https:\/\/alternatifs81.fr\/index.php?rest_route=\/wp\/v2\/posts"}],"about":[{"href":"https:\/\/alternatifs81.fr\/index.php?rest_route=\/wp\/v2\/types\/post"}],"author":[{"embeddable":true,"href":"https:\/\/alternatifs81.fr\/index.php?rest_route=\/wp\/v2\/users\/1"}],"replies":[{"embeddable":true,"href":"https:\/\/alternatifs81.fr\/index.php?rest_route=%2Fwp%2Fv2%2Fcomments&post=18941"}],"version-history":[{"count":0,"href":"https:\/\/alternatifs81.fr\/index.php?rest_route=\/wp\/v2\/posts\/18941\/revisions"}],"wp:attachment":[{"href":"https:\/\/alternatifs81.fr\/index.php?rest_route=%2Fwp%2Fv2%2Fmedia&parent=18941"}],"wp:term":[{"taxonomy":"category","embeddable":true,"href":"https:\/\/alternatifs81.fr\/index.php?rest_route=%2Fwp%2Fv2%2Fcategories&post=18941"},{"taxonomy":"post_tag","embeddable":true,"href":"https:\/\/alternatifs81.fr\/index.php?rest_route=%2Fwp%2Fv2%2Ftags&post=18941"}],"curies":[{"name":"wp","href":"https:\/\/api.w.org\/{rel}","templated":true}]}}