{"id":18845,"date":"2016-11-29T17:21:16","date_gmt":"2016-11-29T16:21:16","guid":{"rendered":"http:\/\/alternatifs81.fr\/?p=18845"},"modified":"2016-12-09T00:11:12","modified_gmt":"2016-12-08T23:11:12","slug":"fidel-castro-la-dette-ne-doit-pas-etre-payee-eric-toussaint-cadtm","status":"publish","type":"post","link":"https:\/\/alternatifs81.fr\/?p=18845","title":{"rendered":"Fidel Castro: La dette ne doit pas \u00eatre pay\u00e9e.  Eric TOUSSAINT (CADTM)"},"content":{"rendered":"<h2 style=\"text-align: justify;\"><a href=\"http:\/\/alternatifs81.fr\/wp-content\/uploads\/colloghan-LBSJS.jpg\" rel=\"lightbox[18845]\"><img loading=\"lazy\" decoding=\"async\" class=\"alignleft wp-image-6578 size-medium\" src=\"http:\/\/alternatifs81.fr\/wp-content\/uploads\/colloghan-LBSJS-258x300.jpg\" alt=\"colloghan-LBSJS\" width=\"258\" height=\"300\" srcset=\"https:\/\/alternatifs81.fr\/wp-content\/uploads\/colloghan-LBSJS-258x300.jpg 258w, https:\/\/alternatifs81.fr\/wp-content\/uploads\/colloghan-LBSJS.jpg 344w\" sizes=\"auto, (max-width: 258px) 100vw, 258px\" \/><\/a><span style=\"color: #808000;\">\u00a0<em>\u00a0 En 1985, Fidel CASTRO a lanc\u00e9 une<\/em> <em>campagne internationale pour la constitution d\u2019un front des pays endett\u00e9s confront\u00e9s \u00e0 des dettes insoutenables. Fidel d\u00e9clare dans ce discours prononc\u00e9 en ao\u00fbt 1985 \u00e0 l\u2019issue d\u2019une rencontre internationale consacr\u00e9e \u00e0 la dette : \u00ab nous nous sommes rendu compte qu\u2019(&#8230;) en d\u00e9finitive le mot d\u2019ordre d\u2019annulation de la dette \u00e9tait valable pour tous les pays du Tiers-monde. \u00bb.<\/em><\/span><\/h2>\n<h2 style=\"text-align: justify;\"><span style=\"color: #808000;\"><em>Ses efforts pour favoriser une unit\u00e9 des peuples pour l\u2019annulation de la dette du Tiers-monde ont connu un grand \u00e9cho en Am\u00e9rique latine parmi les mouvements sociaux et les intellectuels de la gauche radicale. En Afrique, Thomas Sankara, pr\u00e9sident du Burkina Faso, a repris ce mot-d\u2019ordre et a tent\u00e9 de lancer un vaste mouvement africain pour le non paiement de la dette. En Europe, le CADTM est n\u00e9 dans la foul\u00e9e de cette campagne internationale partie de l\u2019Am\u00e9rique latine.<\/em><\/span><\/h2>\n<h2 style=\"text-align: justify;\">Nous publions ce discours prononc\u00e9 il y a plus de 30 ans, alors qu\u2019une nouvelle crise de la dette des pays dits en d\u00e9veloppement se pr\u00e9pare suite \u00e0 la baisse des recettes qu\u2019ils tirent de l\u2019exportation de leurs mati\u00e8res premi\u00e8res, alors que la croissance \u00e9conomique des pays les plus industrialis\u00e9s est an\u00e9mique et que de nouvelles bulles sp\u00e9culatives finiront par \u00e9clater, notamment au niveau boursier.<\/h2>\n<p><!--more--><\/p>\n<h2 style=\"text-align: justify;\">Ce discours de Fidel a \u00e9t\u00e9 prononc\u00e9 \u00e0 la fin de la rencontre sur la \u00a0<a href=\"http:\/\/alternatifs81.fr\/wp-content\/uploads\/dettesnon.jpg\" rel=\"lightbox[18845]\"><img loading=\"lazy\" decoding=\"async\" class=\"alignright wp-image-3156 size-medium\" src=\"http:\/\/alternatifs81.fr\/wp-content\/uploads\/dettesnon-300x241.jpg\" alt=\"dettesnon\" width=\"300\" height=\"241\" srcset=\"https:\/\/alternatifs81.fr\/wp-content\/uploads\/dettesnon-300x241.jpg 300w, https:\/\/alternatifs81.fr\/wp-content\/uploads\/dettesnon.jpg 320w\" sizes=\"auto, (max-width: 300px) 100vw, 300px\" \/><\/a>\u00a0 Dette Ext\u00e9rieure de l\u2019Am\u00e9rique Latine et des Cara\u00efbes, \u00e0 La Havane, le 3 ao\u00fbt 1985.<br \/>\nFidel Castro ne manque pas d\u2019humour quand il affirme : \u00ab On m\u2019accuse de dire que la dette est impossible \u00e0 payer. Bon, mais c\u2019est la faute \u00e0 Pythagore, \u00e0 Euclide, \u00e0 Archim\u00e8de, \u00e0 Pascal, \u00e0 Lobatchevski, aux math\u00e9maticiens de l\u2019Antiquit\u00e9, des temps modernes ou d\u2019aujourd\u2019hui ; c\u2019est sur eux, sur celui que vous voudrez qu\u2019il faut en rejeter la faute. Ce sont les math\u00e9matiques, les th\u00e9ories des math\u00e9maticiens, qui d\u00e9montrent que la dette est impossible \u00e0 payer. \u00bb<\/h2>\n<h2 style=\"text-align: justify;\">Fidel consid\u00e9rait que l\u2019abolition de la dette du Tiers-monde devait \u00eatre octroy\u00e9e tant par les pays capitalistes industrialis\u00e9s que par les pays dits socialistes.<br \/>\n\u00ab\u00a0Lorsque nous parlons d\u2019abolir la dette, nous parlons de toutes les dettes qu\u2019a contract\u00e9es le Tiers-monde aupr\u00e8s du monde industrialis\u00e9, ce qui n\u2019exclut pas les pays socialistes (applaudissements). Lorsque je parle du nouvel ordre \u00e9conomique international et de prix justes, je n\u2019exclus pas, loin de l\u00e0, les pays socialistes. Je suis s\u00fbr que \u00e7a repr\u00e9senterait pour eux des sacrifices, mais ils comprendraient et appuieraient\u00a0\u00bb.<\/h2>\n<h2 style=\"text-align: justify;\"><span style=\"color: #808000;\">Il remettait en cause les politiques impos\u00e9es par le FMI.<\/span><\/h2>\n<h2 style=\"text-align: justify;\"><a href=\"http:\/\/alternatifs81.fr\/wp-content\/uploads\/1606poingt1.gif\" rel=\"lightbox[18845]\"><img loading=\"lazy\" decoding=\"async\" class=\"alignleft wp-image-3005\" src=\"http:\/\/alternatifs81.fr\/wp-content\/uploads\/1606poingt1-143x150.gif\" alt=\"1606poingt\" width=\"225\" height=\"340\" \/><\/a>\u00a0\u00a0 Fidel affirme que la n\u00e9cessaire abolition des dettes constitue une condition sine qua non mais que c\u2019est insuffisant. D\u2019autres changements radicaux doivent \u00eatre entrepris : \u00ab\u00a0Voil\u00e0 pour les principes de base. II ne s\u2019agit pas d\u2019une seule id\u00e9e, l\u2019id\u00e9e d\u2019abolir la dette. Cette id\u00e9e est \u00e0 associer \u00e0 celle du nouvel ordre. En Am\u00e9rique latine elle est aussi associ\u00e9e \u00e0 celle de l\u2019int\u00e9gration parce que m\u00eame si on arrive \u00e0 abolir la dette et \u00e0 instaurer le nouvel ordre \u00e9conomique, sans int\u00e9gration nous resterons des pays d\u00e9pendants\u00a0\u00bb.<\/h2>\n<h2 style=\"text-align: justify;\">Fidel affirme que le paiement de la dette est insoutenable pour des raisons \u00e9conomiques et qu\u2019il faut abolir la dette \u00e9galement pour des raisons morales : \u00ab\u00a0Le recouvrement de la dette et le syst\u00e8me injuste de relations \u00e9conomiques actuellement en vigueur constituent la plus flagrante, la plus brutale des violations des droits de l\u2019homme, de toutes celles qu\u2019on peut imaginer. \u00bb (&#8230;) \u00ab une petite portion de l\u2019ensemble de la dette a \u00e9t\u00e9 investie dans des projets utiles. Mais nous savons tous qu\u2019une grande partie a \u00e9t\u00e9 investie dans les armes, a \u00e9t\u00e9 dilapid\u00e9e, gaspill\u00e9e, d\u00e9tourn\u00e9e et nous savons en outre qu\u2019une grande partie n\u2019est m\u00eame pas arriv\u00e9e en Am\u00e9rique latine\u00a0\u00bb.<\/h2>\n<h2 style=\"text-align: justify;\">Fidel appelle \u00e0 l\u2019unit\u00e9 des pays endett\u00e9s face aux gouvernement\u00a0\u00a0\u00a0 <a href=\"http:\/\/alternatifs81.fr\/wp-content\/uploads\/Image1.jpg\" rel=\"lightbox[18845]\"><img loading=\"lazy\" decoding=\"async\" class=\"wp-image-3597 size-medium alignright\" src=\"http:\/\/alternatifs81.fr\/wp-content\/uploads\/Image1-300x250.jpg\" alt=\"Image1\" width=\"300\" height=\"250\" srcset=\"https:\/\/alternatifs81.fr\/wp-content\/uploads\/Image1-300x250.jpg 300w, https:\/\/alternatifs81.fr\/wp-content\/uploads\/Image1.jpg 638w\" sizes=\"auto, (max-width: 300px) 100vw, 300px\" \/><\/a>des pays les plus industrialis\u00e9s. Il affirme que l\u2019id\u00e9al serait d\u2019arriver \u00e0 un consensus entre gouvernements des pays d\u00e9biteurs d\u2019Am\u00e9rique latine, mais qu\u2019il n\u2019y croit pas : \u00ab\u00a0L\u2019id\u00e9al est un consensus pr\u00e9alable. Mais parviendra-t-on \u00e0 un consensus des pays d\u00e9biteurs d\u2019Am\u00e9rique latine avant que la crise se d\u00e9clenche ? L\u2019id\u00e9al est un consensus pr\u00e9alable et une discussion avec les cr\u00e9anciers, mais cela arrivera-t-il ? Le plus probable, c\u2019est que des crises s\u00e9rieuses \u00e9clatent et qu\u2019\u00e0 la suite de ces crises ils veuillent n\u00e9gocier ; c\u2019est le plus probable. Personne ne peut pr\u00e9voir exactement ce qui va se passer, mais pour ma part je n\u2019ai jamais vraiment cru \u00e0 un consensus avant la crise bien que je ne pense pas que cela soit impossible. II se peut que, la situation s\u2019aggravant, ce consensus pr\u00e9alable entre les d\u00e9biteurs se produise ; ce n\u2019est pas impossible, mais c\u2019est \u00e0 mon avis peu probable.<\/h2>\n<h2 style=\"text-align: justify;\">Mais si cette lutte continue, si les masses prennent conscience de la situation, si chaque citoyen de nos pays comprend le probl\u00e8me, les possibilit\u00e9s d\u2019exercer une influence et de cr\u00e9er des conditions favorables augmentent ; un gouvernement ne peut livrer cette bataille tout seul, alors on pourrait faire en sorte qu\u2019ils adh\u00e8rent \u00e0 l\u2019id\u00e9e d\u2019une r\u00e9union pour adopter une politique, pour prendre une d\u00e9cision ferme et correcte.\u00a0\u00bb<\/h2>\n<h2 style=\"text-align: justify;\">\u00a0<a href=\"http:\/\/alternatifs81.fr\/wp-content\/uploads\/proposition-affiche2.jpg\" rel=\"lightbox[18845]\"><img loading=\"lazy\" decoding=\"async\" class=\"alignleft wp-image-5891 size-medium\" src=\"http:\/\/alternatifs81.fr\/wp-content\/uploads\/proposition-affiche2-300x100.jpg\" alt=\"proposition affiche\" width=\"300\" height=\"100\" srcset=\"https:\/\/alternatifs81.fr\/wp-content\/uploads\/proposition-affiche2-300x100.jpg 300w, https:\/\/alternatifs81.fr\/wp-content\/uploads\/proposition-affiche2.jpg 843w\" sizes=\"auto, (max-width: 300px) 100vw, 300px\" \/><\/a>\u00a0\u00a0 Fidel appelait \u00e0 mettre toute son \u00e9nergie \u00e0 organiser par en bas un large mouvement pour l\u2019annulation de la dette du Tiers-monde, ce combat est toujours d\u2019actualit\u00e9.<\/h2>\n<gcse:search><\/gcse:search>","protected":false},"excerpt":{"rendered":"<p>\u00a0\u00a0 En 1985, Fidel CASTRO a lanc\u00e9 une campagne internationale pour la constitution d\u2019un front des pays endett\u00e9s confront\u00e9s \u00e0 des dettes insoutenables. Fidel d\u00e9clare dans ce discours prononc\u00e9 en ao\u00fbt 1985 \u00e0 l\u2019issue d\u2019une rencontre internationale consacr\u00e9e \u00e0 la dette : \u00ab nous nous sommes rendu compte qu\u2019(&#8230;) en d\u00e9finitive le mot d\u2019ordre d\u2019annulation [&hellip;]<\/p>\n","protected":false},"author":1,"featured_media":0,"comment_status":"open","ping_status":"open","sticky":false,"template":"","format":"standard","meta":{"footnotes":""},"categories":[232],"tags":[103,117,16,23],"class_list":["post-18845","post","type-post","status-publish","format-standard","hentry","category-notre-economie-et-la-leur","tag-demarche-citoyenne","tag-democratie","tag-economie","tag-luttes"],"_links":{"self":[{"href":"https:\/\/alternatifs81.fr\/index.php?rest_route=\/wp\/v2\/posts\/18845","targetHints":{"allow":["GET"]}}],"collection":[{"href":"https:\/\/alternatifs81.fr\/index.php?rest_route=\/wp\/v2\/posts"}],"about":[{"href":"https:\/\/alternatifs81.fr\/index.php?rest_route=\/wp\/v2\/types\/post"}],"author":[{"embeddable":true,"href":"https:\/\/alternatifs81.fr\/index.php?rest_route=\/wp\/v2\/users\/1"}],"replies":[{"embeddable":true,"href":"https:\/\/alternatifs81.fr\/index.php?rest_route=%2Fwp%2Fv2%2Fcomments&post=18845"}],"version-history":[{"count":0,"href":"https:\/\/alternatifs81.fr\/index.php?rest_route=\/wp\/v2\/posts\/18845\/revisions"}],"wp:attachment":[{"href":"https:\/\/alternatifs81.fr\/index.php?rest_route=%2Fwp%2Fv2%2Fmedia&parent=18845"}],"wp:term":[{"taxonomy":"category","embeddable":true,"href":"https:\/\/alternatifs81.fr\/index.php?rest_route=%2Fwp%2Fv2%2Fcategories&post=18845"},{"taxonomy":"post_tag","embeddable":true,"href":"https:\/\/alternatifs81.fr\/index.php?rest_route=%2Fwp%2Fv2%2Ftags&post=18845"}],"curies":[{"name":"wp","href":"https:\/\/api.w.org\/{rel}","templated":true}]}}