{"id":18840,"date":"2016-11-29T22:32:24","date_gmt":"2016-11-29T21:32:24","guid":{"rendered":"http:\/\/alternatifs81.fr\/?p=18840"},"modified":"2016-12-01T18:04:47","modified_gmt":"2016-12-01T17:04:47","slug":"peut-on-critiquer-israel-aujourdhui-en-france-intervention-de-pierre-stambul-26-novembre-2016","status":"publish","type":"post","link":"https:\/\/alternatifs81.fr\/?p=18840","title":{"rendered":"\u00ab\u00a0Peut-on critiquer Isra\u00ebl aujourd\u2019hui en France ?\u00a0\u00bb  Intervention de Pierre Stambul (26 novembre 2016)"},"content":{"rendered":"<div class=\"chapo\">\n<h1><span style=\"color: #808000;\"><a href=\"http:\/\/alternatifs81.fr\/wp-content\/uploads\/Ujfp-union-juive_pour-la-paix-logo2.gif\" rel=\"lightbox[18840]\"><img loading=\"lazy\" decoding=\"async\" class=\"alignleft wp-image-15858\" src=\"http:\/\/alternatifs81.fr\/wp-content\/uploads\/Ujfp-union-juive_pour-la-paix-logo2.gif\" alt=\"Ujfp-union-juive_pour-la-paix-logo\" width=\"250\" height=\"112\" \/><\/a>\u00a0\u00a0\u00a0 La r\u00e9alit\u00e9 de ce qui est \u00e0 l\u2019\u0153uvre en Isra\u00ebl\/Palestine<\/span><\/h1>\n<h2 style=\"text-align: justify;\">\u00a0\u00a0\u00a0 Le terme le plus correct serait sans doute \u00ab\u00a0sociocide\u00a0\u00bb, c\u2019est-\u00e0-dire destruction programm\u00e9e de l\u2019\u00e9conomie, du lien social, de tout ce qui permettrait \u00e0 la soci\u00e9t\u00e9 palestinienne de vivre normalement. Le r\u00eave sioniste a \u00e9t\u00e9 d\u00e8s le d\u00e9but de la colonisation, soit de nier l\u2019existence m\u00eame du peuple palestinien (souvenons du slogan meurtrier assimilant la Palestine \u00e0 une \u00ab\u00a0terre sans peuple pour un peuple sans terre\u00a0\u00bb) soit de transformer les Palestiniens en des Indiens du Proche-Orient, parqu\u00e9s dans leurs r\u00e9serves, assist\u00e9s et incapables de revendiquer leurs droits.<\/h2>\n<\/div>\n<div class=\"texte\">\n<h2 style=\"text-align: justify;\">Le Tribunal Russell sur la Palestine, tribunal symbolique constitu\u00e9 d\u2019\u00e9minentes personnalit\u00e9s, a consid\u00e9r\u00e9 que l\u2019\u00c9tat d\u2019Isra\u00ebl \u00e9tait coupable de crimes de guerre, de crimes contre l\u2019humanit\u00e9, d\u2019incitation au g\u00e9nocide et du crime d\u2019apartheid tel qu\u2019il est internationalement reconnu.<\/h2>\n<h2 style=\"text-align: justify;\">Une autre \u00e9vidence de la r\u00e9alit\u00e9 \u00e0 l\u2019\u0153uvre, c\u2019est que des d\u00e9cennies\u00a0\u00a0<a href=\"http:\/\/alternatifs81.fr\/wp-content\/uploads\/yijk.jpg\" rel=\"lightbox[18840]\"><img loading=\"lazy\" decoding=\"async\" class=\"alignright wp-image-18852 size-medium\" src=\"http:\/\/alternatifs81.fr\/wp-content\/uploads\/yijk-300x206.jpg\" alt=\"yijk\" width=\"300\" height=\"206\" srcset=\"https:\/\/alternatifs81.fr\/wp-content\/uploads\/yijk-300x206.jpg 300w, https:\/\/alternatifs81.fr\/wp-content\/uploads\/yijk.jpg 400w\" sizes=\"auto, (max-width: 300px) 100vw, 300px\" \/><\/a> d\u2019occupation et de colonisation ont fragment\u00e9 la Palestine en autant de statuts diff\u00e9rents d\u2019oppression.<\/h2>\n<h2 style=\"text-align: justify;\">En Cisjordanie, la colonisation a pris une telle ampleur que le territoire palestinien est encercl\u00e9 et mit\u00e9. 750 000 colons vivent au-del\u00e0 de la \u00ab\u00a0ligne verte\u00a0\u00bb, fronti\u00e8re internationalement reconnue qui a disparu dans les faits. Les colons forment plus de 10% de la population isra\u00e9lienne mais aussi la moiti\u00e9 du gouvernement et presque la moiti\u00e9 de l\u2019arm\u00e9e.<\/h2>\n<p><!--more--><\/p>\n<h2 style=\"text-align: justify;\">Dans la ville de J\u00e9rusalem, la \u00ab\u00a0juda\u00efsation\u00a0\u00bb aboutit \u00e0 des destructions ou des confiscations de maisons incessantes.<\/h2>\n<h2 style=\"text-align: justify;\">La bande de Gaza (o\u00f9 j\u2019\u00e9tais en mai-juin) est une cage herm\u00e9tique o\u00f9 2 millions de personnes sont confin\u00e9es et o\u00f9 l\u2019occupant exp\u00e9rimente tous les deux ans les armes de destruction les plus sophistiqu\u00e9es.<\/h2>\n<h2 style=\"text-align: justify;\">Les Palestiniens d\u2019Isra\u00ebl qui forment plus de 20% de la population vivent toute une s\u00e9rie de graves discriminations au logement, au travail, \u00e0 la possession de la terre. Parmi eux, les B\u00e9douins du N\u00e9guev vivent un v\u00e9ritable nettoyage ethnique.<br class=\"autobr\" \/>\u00a0<a href=\"http:\/\/alternatifs81.fr\/wp-content\/uploads\/300021362_e314677171.jpg\" rel=\"lightbox[18840]\"><img loading=\"lazy\" decoding=\"async\" class=\"alignleft wp-image-6467 size-medium\" src=\"http:\/\/alternatifs81.fr\/wp-content\/uploads\/300021362_e314677171-300x225.jpg\" alt=\"300021362_e314677171\" width=\"300\" height=\"225\" srcset=\"https:\/\/alternatifs81.fr\/wp-content\/uploads\/300021362_e314677171-300x225.jpg 300w, https:\/\/alternatifs81.fr\/wp-content\/uploads\/300021362_e314677171.jpg 500w\" sizes=\"auto, (max-width: 300px) 100vw, 300px\" \/><\/a>\u00a0 Il faudrait aussi parler des r\u00e9fugi\u00e9s dont les droits sont ni\u00e9s depuis 68 ans alors que la r\u00e9solution 194 de l\u2019ONU (11 d\u00e9cembre 1948) a explicitement exig\u00e9 leur retour, ou des prisonniers\u00a0: 45% des hommes palestiniens entre 18 et 50 ans ont connu la prison.<\/h2>\n<h2 style=\"text-align: justify;\">Telle est la r\u00e9alit\u00e9 incontestable de ce qui se passe l\u00e0-bas\u00a0: une conqu\u00eate coloniale et un terrain o\u00f9 l\u2019occupant exp\u00e9rimente diverses m\u00e9thodes pour dominer et enfermer une population. Pourquoi est-ce si difficile de le dire publiquement\u00a0?<\/h2>\n<h1><span style=\"color: #808000;\"><strong>\u00c0 l\u2019origine de la destruction de la Palestine, le sionisme<\/strong><\/span><\/h1>\n<h2 style=\"text-align: justify;\">Celles et ceux qui ont cru que la question du sionisme n\u2019\u00e9tait qu\u2019une question historique ont \u00e9t\u00e9 rattrap\u00e9s par les faits. Cette id\u00e9ologie est plus que jamais \u00e0 l\u2019\u0153uvre. C\u2019est au nom du sionisme que la Palestine est m\u00e9thodiquement \u00e9trangl\u00e9e et d\u00e9pec\u00e9e.<\/h2>\n<h2 style=\"text-align: justify;\">D\u00e8s l\u2019origine il y a 120 ans, le sionisme a \u00e9t\u00e9 une th\u00e9orie de la s\u00e9paration, proclamant que Juifs et non Juifs ne pouvaient pas vivre ensemble, ni dans le pays d\u2019origine, ni dans l\u2019\u00c9tat juif \u00e0 construire. Le sionisme est un colonialisme qui ne vise pas \u00e0 exploiter le peuple autochtone mais \u00e0 l\u2019expulser et \u00e0 le remplacer. C\u2019est un nationalisme qui a invent\u00e9 la notion de peuple juif descendant des Jud\u00e9ens de l\u2019Antiquit\u00e9. Il est ridicule de pr\u00e9tendre que les Juifs polonais et les Juifs y\u00e9m\u00e9nites appartiennent au m\u00eame peuple. Les descendants des Jud\u00e9ens de l\u2019Antiquit\u00e9 sont essentiellement \u2026 les Palestiniens. Ce nationalisme a invent\u00e9 l\u2019id\u00e9e d\u2019un attachement des Juifs \u00e0 la terre devenue Isra\u00ebl, attachement qui n\u2019a jamais exist\u00e9, ni chez les Juifs la\u00efques, ni chez les religieux. Il a aussi invent\u00e9 une langue nouvelle (l\u2019H\u00e9breu jusque-l\u00e0 exclusivement r\u00e9serv\u00e9 \u00e0 l\u2019usage religieux). Il a puis\u00e9 dans les nationalismes meurtriers europ\u00e9ens le concept d\u2019\u00c9tat ethniquement pur. Il a produit une gigantesque manipulation de l\u2019histoire, de la m\u00e9moire et des identit\u00e9s juives, en fabriquant le mythe de l\u2019exil des Juifs et de leur retour chez eux, id\u00e9e qui ne r\u00e9siste \u00e0 aucun examen historique s\u00e9rieux.<\/h2>\n<h2 style=\"text-align: justify;\">Le dernier paravent pour masquer la r\u00e9alit\u00e9 de ce qui se passe au\u00a0\u00a0\u00a0 <a href=\"http:\/\/alternatifs81.fr\/wp-content\/uploads\/1907740_586277654823023_4038339465103815781_n.jpg\" rel=\"lightbox[18840]\"><img loading=\"lazy\" decoding=\"async\" class=\"alignright wp-image-18853 size-medium\" src=\"http:\/\/alternatifs81.fr\/wp-content\/uploads\/1907740_586277654823023_4038339465103815781_n-300x180.jpg\" alt=\"1907740_586277654823023_4038339465103815781_n\" width=\"300\" height=\"180\" srcset=\"https:\/\/alternatifs81.fr\/wp-content\/uploads\/1907740_586277654823023_4038339465103815781_n-300x180.jpg 300w, https:\/\/alternatifs81.fr\/wp-content\/uploads\/1907740_586277654823023_4038339465103815781_n.jpg 400w\" sizes=\"auto, (max-width: 300px) 100vw, 300px\" \/><\/a>Proche-Orient est de dire ce que nos dirigeants nous ressassent\u00a0: \u00ab\u00a0vous critiquez Isra\u00ebl\u00a0? Vous \u00eates antis\u00e9mite\u00a0! Vous \u00eates antisioniste\u00a0? Vous \u00eates antis\u00e9mite\u00a0!\u00a0\u00bb<\/h2>\n<h1><span style=\"color: #808000;\"><strong>Juifs parias et antis\u00e9mitisme<\/strong><\/span><\/h1>\n<h2 style=\"text-align: justify;\">L\u2019histoire des Juifs en France et plus g\u00e9n\u00e9ralement en Europe depuis la sortie du ghetto (sortie qui commence au XVIII\u00e8me si\u00e8cle) est celle d\u2019une lutte pour l\u2019\u00e9mancipation et l\u2019\u00e9galit\u00e9 des droits. Dans l\u2019UJFP, nous nous consid\u00e9rons comme les h\u00e9ritiers d\u2019une \u00e9poque o\u00f9 la majorit\u00e9 des Juifs pensaient que leur \u00e9mancipation, comme minorit\u00e9 opprim\u00e9e, \u00e9tait indissociable de l\u2019\u00e9mancipation de toute l\u2019humanit\u00e9. D\u2019o\u00f9 l\u2019engagement de nombreux Juifs dans les luttes sociales, anticoloniales ou r\u00e9volutionnaires. Cette image universaliste du Juif n\u2019a bien s\u00fbr rien \u00e0 voir avec celle aujourd\u2019hui du tankiste de Tsahal indiff\u00e9rent \u00e0 la souffrance qu\u2019il provoque. Le sionisme a \u00e9t\u00e9 minoritaire, voire tr\u00e8s minoritaire chez les Juifs jusqu\u2019\u00e0 la deuxi\u00e8me guerre mondiale.<\/h2>\n<h2 style=\"text-align: justify;\">\u00a0<a href=\"http:\/\/alternatifs81.fr\/wp-content\/uploads\/arton4285-213b5.jpg\" rel=\"lightbox[18840]\"><img loading=\"lazy\" decoding=\"async\" class=\"alignleft wp-image-18854 size-medium\" src=\"http:\/\/alternatifs81.fr\/wp-content\/uploads\/arton4285-213b5-300x174.jpg\" alt=\"arton4285-213b5\" width=\"300\" height=\"174\" srcset=\"https:\/\/alternatifs81.fr\/wp-content\/uploads\/arton4285-213b5-300x174.jpg 300w, https:\/\/alternatifs81.fr\/wp-content\/uploads\/arton4285-213b5.jpg 540w\" sizes=\"auto, (max-width: 300px) 100vw, 300px\" \/><\/a>\u00a0\u00a0 L\u2019antis\u00e9mitisme racial a succ\u00e9d\u00e9, au cours du XIXe si\u00e8cle \u00e0 l\u2019antijuda\u00efsme chr\u00e9tien. Pour reprendre Hannah Arendt, les Juifs ont \u00e9t\u00e9 consid\u00e9r\u00e9s comme des parias asiatiques inassimilables. On les a accus\u00e9s de cosmopolitisme et d\u2019\u00eatre des obstacles au r\u00eave de b\u00e2tir des \u00c9tats ethniquement purs.<\/h2>\n<h2 style=\"text-align: justify;\">Le sionisme n\u2019a jamais combattu l\u2019antis\u00e9mitisme, il l\u2019a toujours jug\u00e9 in\u00e9luctable. Il l\u2019a utilis\u00e9 pour pousser les Juifs \u00e0 partir. D\u00e8s la fin du XIXe si\u00e8cle, Herzl s\u2019est adress\u00e9 \u00e0 tous les dirigeants antis\u00e9mites europ\u00e9ens en leur expliquant que, eux comme lui, avaient le m\u00eame int\u00e9r\u00eat\u00a0: que les Juifs quittent l\u2019Europe et qu\u2019ils deviennent des colonisateurs europ\u00e9ens en Asie. Le sionisme a copi\u00e9 sur les nationalismes antis\u00e9mites la notion d\u2019\u00c9tat ethniquement pur.<\/h2>\n<h2 style=\"text-align: justify;\">Les dirigeants sionistes ou isra\u00e9liens n\u2019ont aucun droit de r\u00e9cup\u00e9rer ou d\u2019instrumentaliser le g\u00e9nocide nazi comme ils le font. La r\u00e9sistance juive au nazisme a \u00e9t\u00e9 essentiellement communiste ou bundiste, les sionistes n\u2019y ont jou\u00e9 qu\u2019un r\u00f4le marginal.<\/h2>\n<h2 style=\"text-align: justify;\">Les dirigeants isra\u00e9liens ou les dirigeants sionistes en France n\u2019ont aucun droit de revendiquer \u00e0 leur profit le souvenir du g\u00e9nocide nazi et il ne faut jamais leur faire ce cadeau. Nombre d\u2019entre eux qui vivaient \u00e0 l\u2019\u00e9poque ont eu un comportement plus que coupable. Jabotinsky, fondateur du courant \u00ab\u00a0r\u00e9visionniste\u00a0\u00bb du sionisme \u00e9tait un admirateur de Mussolini. Ben Gourion a sign\u00e9 avec les autorit\u00e9s nazies en 1933 l\u2019accord du transfert des Juifs allemands en Palestine en \u00e9change de l\u2019abandon du boycott de l\u2019Allemagne d\u00e9cr\u00e9t\u00e9 par les Juifs am\u00e9ricains. 20 ans plus tard, il signera avec le conseiller d\u2019Adenauer, le Nazi Hans Globke, auteur des lois raciales de Nuremberg, l\u2019indemnisation des Juifs victimes du nazisme et une aide financi\u00e8re importante pour Isra\u00ebl. Yitzhak Shamir, futur Premier ministre fera assassiner des soldats et des dignitaires britanniques jusqu\u2019en 1944, ce qui est un acte de collaboration.<\/h2>\n<h2 style=\"text-align: justify;\">Aujourd\u2019hui m\u00eame, un dirigeant isra\u00e9lien (N\u00e9tanyahou) se permet de dire que les Juifs Fran\u00e7ais doivent partir et que la France n\u2019est pas leur pays. Aucun antis\u00e9mite depuis Vichy n\u2019avait os\u00e9 nous dire que nous n\u2019\u00e9tions pas chez nous en France. Le m\u00eame N\u00e9tanyahou affirme sans rire qu\u2019Hitler ne voulait pas tuer les Juifs et que c\u2019est le grand mufti de J\u00e9rusalem qui lui a souffl\u00e9 l\u2019id\u00e9e. Pourquoi ces propos ouvertement r\u00e9visionnistes sont-ils tol\u00e9r\u00e9s\u00a0?<\/h2>\n<h2 style=\"text-align: justify;\">Les Juifs europ\u00e9ens d\u2019aujourd\u2019hui ne sont plus des parias. Certes l\u2019antis\u00e9mitisme subsiste, mais il n\u2019a rien \u00e0 voir avec ce qui se passait dans les ann\u00e9es 30. Les discriminations et les st\u00e9r\u00e9otypes racistes frappent beaucoup plus les Arabes, les Noirs, les musulmans, les Rroms. Lutter contre le racisme, y compris sous la forme antis\u00e9mite est essentiel. Mais faire de l\u2019antis\u00e9mitisme un racisme \u00e0 part a surtout pour but d\u2019interdire la critique d\u2019Isra\u00ebl et la solidarit\u00e9 avec le peuple palestinien.<\/h2>\n<h1><span style=\"color: #808000;\"><strong>La criminalisation du mouvement de solidarit\u00e9<\/strong><\/span><\/h1>\n<h2 style=\"text-align: justify;\">Qui sont les d\u00e9fenseurs inconditionnels de la politique isra\u00e9lienne qui agitent syst\u00e9matiquement l\u2019antis\u00e9mitisme \u00e0 la moindre critique\u00a0? Ils n\u2019ont rien \u00e0 voir avec l\u2019antiracisme. On y trouve des islamophobes comme Roger Cukierman (dirigeant du CRIF) qui, face \u00e0 la pr\u00e9sence de Le Pen au second tour des pr\u00e9sidentielles, conseillait aux musulmans de se tenir tranquilles. On y trouve des gens proches de l\u2019extr\u00eame droite comme l\u2019ex-commissaire de police Sammy Ghozlan pr\u00e9sident du BNVCA (\u00ab\u00a0bureau national de vigilance contre l\u2019antis\u00e9mitisme\u00a0\u00bb) ou comme la ligue de d\u00e9fense juive (LDJ, groupuscule ultra-violent tol\u00e9r\u00e9 en France). Le num\u00e9ro 2 du CRIF (William Goldnadel \u00ab\u00a0d\u2019Avocats Sans Fronti\u00e8res\u00a0\u00bb) porte plainte syst\u00e9matiquement contre ceux qui critiquent Isra\u00ebl et consid\u00e8re que toute l\u2019extr\u00eame gauche est antis\u00e9mite. En m\u00eame temps, il est l\u2019avocat de Patrick Buisson qui a longtemps dirig\u00e9 le torchon antis\u00e9mite \u00ab\u00a0Minute\u00a0\u00bb. Cherchez l\u2019erreur.<\/h2>\n<h2 style=\"text-align: justify;\">Le gouvernement et les dirigeants isra\u00e9liens qui multiplient les d\u00e9clarations et les actes racistes contre les Palestiniens ou les musulmans traitent tous leurs opposants d\u2019antis\u00e9mites.<\/h2>\n<h2 style=\"text-align: justify;\">Avec la d\u00e9rive du gouvernement isra\u00e9lien vers l\u2019extr\u00eame droite, la m\u00eame d\u00e9rive a lieu en France. Tout le monde devient antis\u00e9mite aux yeux du CRIF, y compris Jean Ferrat (dont le p\u00e8re est mort \u00e0 Auschwitz), accus\u00e9 en 2005 dans le journal communautaire \u00ab\u00a0L\u2019Arche\u00a0\u00bb pour sa chanson \u00ab\u00a0Nuits et Brouillard\u00a0\u00bb de nier \u00ab\u00a0l\u2019unicit\u00e9 du g\u00e9nocide juif\u00a0\u00bb. Bref, un gouvernement isra\u00e9lien raciste et ses soutiens s\u2019autorisent \u00e0 traquer l\u2019antis\u00e9mitisme.<\/h2>\n<h2 style=\"text-align: justify;\">C\u2019est sur ce terrain d\u2019intimidation g\u00e9n\u00e9ralis\u00e9e qu\u2019a \u00e9t\u00e9 lanc\u00e9e l\u2019offensive contre le BDS. Cette campagne a \u00e9t\u00e9 organis\u00e9e en Isra\u00ebl et des millions de shekels ont \u00e9t\u00e9 investis pour l\u2019organiser. L\u2019appel palestinien au BDS lanc\u00e9 en 2005 est clairement antiraciste. Il porte sur des principes universels demandant libert\u00e9, \u00e9galit\u00e9 et justice pour les Palestiniens. Il y a beaucoup de Juifs qui militent pour le BDS, y compris en Isra\u00ebl avec le mouvement \u00ab\u00a0boycott de l\u2019int\u00e9rieur\u00a0\u00bb. Cela n\u2019emp\u00eache pas BHL de d\u00e9clarer tr\u00e8s s\u00e9rieusement que \u00ab\u00a0le mouvement BDS est organis\u00e9 par d\u2019anciens Nazis\u00a0\u00bb.<\/h2>\n<h1><span style=\"color: #808000;\"><strong>La France et Isra\u00ebl<\/strong><\/span><\/h1>\n<h2 style=\"text-align: justify;\">Il y a des complicit\u00e9s anciennes\u00a0: souvenons-nous de l\u2019intervention militaire imp\u00e9rialiste conjointe en 1956 de la France, la Grande-Bretagne et Isra\u00ebl ou de la coop\u00e9ration nucl\u00e9aire qui a permis \u00e0 Isra\u00ebl d\u2019acqu\u00e9rir la bombe atomique.<br class=\"autobr\" \/> Ce n\u2019est pas parce qu\u2019ils sont mal inform\u00e9s que la plupart des dirigeants fran\u00e7ais, qu\u2019ils soient de droite ou \u00ab\u00a0socialistes\u00a0\u00bb soutiennent inconditionnellement Isra\u00ebl.<\/h2>\n<h2 style=\"text-align: justify;\">C\u2019est parce que ce pays surarm\u00e9 et aux technologies de pointe, morceau d\u2019Occident install\u00e9 au Proche-Orient, est celui dont ils ont besoin. Un Isra\u00ebl vivant en paix et dans l\u2019\u00e9galit\u00e9 des droits avec les Palestiniens ne les int\u00e9resse pas. Pour tenir le Proche-Orient, les pays occidentaux ont besoin d\u2019Isra\u00ebl et des monarchies du Golfe.<br class=\"autobr\" \/> Il ne faut pas croire que cette politique pro isra\u00e9lienne soit la cons\u00e9quence d\u2019un sentiment de culpabilit\u00e9 vis-\u00e0-vis des Juifs. En 1945, des centaines de milliers de rescap\u00e9s du g\u00e9nocide demandaient de pouvoir venir en Occident. Cela leur a \u00e9t\u00e9 refus\u00e9. On leur a dit\u00a0: \u00ab\u00a0maintenant vous avez un pays, vous partez quand vous voulez\u00a0\u00bb. L\u2019Occident s\u2019est d\u00e9barrass\u00e9 de sa responsabilit\u00e9 dans l\u2019antis\u00e9mitisme et le g\u00e9nocide sur le dos du peuple palestinien.<\/h2>\n<h2 style=\"text-align: justify;\">Isra\u00ebl est devenu un mod\u00e8le en termes de \u00ab\u00a0s\u00e9curit\u00e9\u00a0\u00bb et \u00ab\u00a0maintien de l\u2019ordre\u00a0\u00bb. Julien Dray expliquait r\u00e9cemment qu\u2019il n\u2019y avait pas besoin d\u2019\u00e9tat d\u2019urgence, il suffisait d\u2019imiter Isra\u00ebl qui depuis 50 ans \u00ab\u00a0lutte efficacement contre le terrorisme\u00a0\u00bb, c\u2019est-\u00e0-dire \u00e9crase impun\u00e9ment toute tentative de r\u00e9volte palestinienne. La France envisage d\u2019acheter \u00e0 la compagnie isra\u00e9lienne Elbit les drones utilis\u00e9s contre les Palestiniens pour les utiliser dans nos quartiers.<\/h2>\n<h2 style=\"text-align: justify;\">La France s\u2019est ralli\u00e9e \u00e0 une politique atlantiste qui suppose un soutien \u00e0 Isra\u00ebl. C\u2019est ce qu\u2019a compris Manuel Valls. Pro palestinien au d\u00e9but de sa carri\u00e8re politique, il explique aujourd\u2019hui que, sa femme \u00e9tant juive, il est indissolublement li\u00e9 \u00e0 la s\u00e9curit\u00e9 d\u2019Isra\u00ebl.<\/h2>\n<h2 style=\"text-align: justify;\">La politique de la France vis-\u00e0-vis du BDS a un c\u00f4t\u00e9 ahurissant. D\u2019un c\u00f4t\u00e9 on affirme que les territoires occup\u00e9s ne font pas partie d\u2019Isra\u00ebl et que l\u2019occupation est ill\u00e9gale. De l\u2019autre, avec la circulaire Alliot-Marie ou le jugement de la Cour de cassation de Colmar, on veut interdire tout boycott, y compris celui de produits ill\u00e9gaux. Carrefour a le droit de dire qu\u2019il est moins cher que Leclerc (et r\u00e9ciproquement) mais on n\u2019a pas le droit de dire que les dattes sur le march\u00e9 viennent des colonies isra\u00e9liennes de la Vall\u00e9e du Jourdain, terres vol\u00e9es \u00e0 des Palestiniens dont les villages sont d\u00e9truits. <br class=\"autobr\" \/> Cela rappelle la guerre d\u2019Alg\u00e9rie quand il \u00e9tait interdit de dire ce qui \u00e9tait \u00e0 l\u2019\u0153uvre\u00a0: massacres, tortures et que la presse qui transgressait la v\u00e9rit\u00e9 officielle \u00e9tait syst\u00e9matiquement censur\u00e9e.<\/h2>\n<h1><span style=\"color: #808000;\"><strong>Ne pas se laisser intimider<\/strong><\/span><\/h1>\n<h2 style=\"text-align: justify;\">Beaucoup de Palestiniens rencontr\u00e9s nous r\u00e9p\u00e8tent \u00e0 l\u2019envi\u00a0: \u00ab\u00a0cette guerre est n\u00e9e de l\u2019ext\u00e9rieur (avec le vote par l\u2019ONU de la partition de la Palestine en 1947). Elle trouvera sa solution avec la conjonction de la r\u00e9sistance\/r\u00e9silience du peuple palestinien et de la solidarit\u00e9 internationale\u00a0\u00bb. Comme il n\u2019y a pas grand-chose \u00e0 attendre (de leur plein gr\u00e9) des gouvernements occidentaux, nous avons, nous, soci\u00e9t\u00e9s civiles du monde entier, un r\u00f4le capital \u00e0 jouer\u00a0: obliger nos gouvernements \u00e0 sanctionner l\u2019occupant.<\/h2>\n<h2 style=\"text-align: justify;\">Sans sanctions, il ne se passera rien de bon. Le rouleau compresseur colonial continuera impun\u00e9ment \u00e0 d\u00e9truire la Palestine.<\/h2>\n<h2 style=\"text-align: justify;\">Nous devons inlassablement aller en Palestine, t\u00e9moigner, casser le silence des m\u00e9dias et la d\u00e9sinformation.<\/h2>\n<h2 style=\"text-align: justify;\"><img loading=\"lazy\" decoding=\"async\" class=\"puce\" src=\"http:\/\/www.ujfp.org\/local\/cache-vignettes\/L8xH11\/puce-32883.gif\" alt=\"-\" width=\"8\" height=\"11\" \/>\u00a0Nous devons refuser le chantage \u00e0 l\u2019antis\u00e9mitisme. Bien s\u00fbr quelques antis\u00e9mites, souvent venus de l\u2019extr\u00eame droite, ont tent\u00e9 de s\u2019infiltrer dans le mouvement de solidarit\u00e9. Mais ils ont \u00e9t\u00e9 d\u00e9masqu\u00e9s et isol\u00e9s.<\/h2>\n<h2 style=\"text-align: justify;\"><img loading=\"lazy\" decoding=\"async\" class=\"puce\" src=\"http:\/\/www.ujfp.org\/local\/cache-vignettes\/L8xH11\/puce-32883.gif\" alt=\"-\" width=\"8\" height=\"11\" \/>\u00a0Nous devons lutter contre le racisme sous toutes ses formes\u00a0: contre les Arabes, les Noirs, les Rroms, les musulmans, les juifs \u2026 Nous ne pouvons que conseiller \u00e0 tout le monde la lecture et la diffusion du livre de l\u2019UJFP \u00ab\u00a0Une parole juive contre le racisme\u00a0\u00bb.<\/h2>\n<h2 style=\"text-align: justify;\"><img loading=\"lazy\" decoding=\"async\" class=\"puce\" src=\"http:\/\/www.ujfp.org\/local\/cache-vignettes\/L8xH11\/puce-32883.gif\" alt=\"-\" width=\"8\" height=\"11\" \/>\u00a0Et nous devons rappeler que toutes les tentatives visant \u00e0 b\u00e2illonner la critique d\u2019Isra\u00ebl ne sont pas seulement une forme de complicit\u00e9 avec l\u2019extr\u00eame droite au pouvoir l\u00e0-bas. Elles mettent en danger les Juifs en les sommant d\u2019\u00eatre tra\u00eetres ou complices.<\/h2>\n<h2 style=\"text-align: justify;\"><span style=\"color: #808000;\"><strong>\u00c0 l\u2019UJFP, nous ne sommes ni l\u2019un ni l\u2019autre.<\/strong><\/span><\/h2>\n<\/div>\n<gcse:search><\/gcse:search>","protected":false},"excerpt":{"rendered":"<p>\u00a0\u00a0\u00a0 La r\u00e9alit\u00e9 de ce qui est \u00e0 l\u2019\u0153uvre en Isra\u00ebl\/Palestine \u00a0\u00a0\u00a0 Le terme le plus correct serait sans doute \u00ab\u00a0sociocide\u00a0\u00bb, c\u2019est-\u00e0-dire destruction programm\u00e9e de l\u2019\u00e9conomie, du lien social, de tout ce qui permettrait \u00e0 la soci\u00e9t\u00e9 palestinienne de vivre normalement. Le r\u00eave sioniste a \u00e9t\u00e9 d\u00e8s le d\u00e9but de la colonisation, soit de nier [&hellip;]<\/p>\n","protected":false},"author":1,"featured_media":0,"comment_status":"open","ping_status":"open","sticky":false,"template":"","format":"standard","meta":{"footnotes":""},"categories":[147,173,1],"tags":[103,117,98],"class_list":["post-18840","post","type-post","status-publish","format-standard","hentry","category-international","category-no-pasaran","category-non-classe","tag-demarche-citoyenne","tag-democratie","tag-palestine"],"_links":{"self":[{"href":"https:\/\/alternatifs81.fr\/index.php?rest_route=\/wp\/v2\/posts\/18840","targetHints":{"allow":["GET"]}}],"collection":[{"href":"https:\/\/alternatifs81.fr\/index.php?rest_route=\/wp\/v2\/posts"}],"about":[{"href":"https:\/\/alternatifs81.fr\/index.php?rest_route=\/wp\/v2\/types\/post"}],"author":[{"embeddable":true,"href":"https:\/\/alternatifs81.fr\/index.php?rest_route=\/wp\/v2\/users\/1"}],"replies":[{"embeddable":true,"href":"https:\/\/alternatifs81.fr\/index.php?rest_route=%2Fwp%2Fv2%2Fcomments&post=18840"}],"version-history":[{"count":0,"href":"https:\/\/alternatifs81.fr\/index.php?rest_route=\/wp\/v2\/posts\/18840\/revisions"}],"wp:attachment":[{"href":"https:\/\/alternatifs81.fr\/index.php?rest_route=%2Fwp%2Fv2%2Fmedia&parent=18840"}],"wp:term":[{"taxonomy":"category","embeddable":true,"href":"https:\/\/alternatifs81.fr\/index.php?rest_route=%2Fwp%2Fv2%2Fcategories&post=18840"},{"taxonomy":"post_tag","embeddable":true,"href":"https:\/\/alternatifs81.fr\/index.php?rest_route=%2Fwp%2Fv2%2Ftags&post=18840"}],"curies":[{"name":"wp","href":"https:\/\/api.w.org\/{rel}","templated":true}]}}