{"id":18814,"date":"2016-11-24T23:08:35","date_gmt":"2016-11-24T22:08:35","guid":{"rendered":"http:\/\/alternatifs81.fr\/?p=18814"},"modified":"2016-12-04T11:53:10","modified_gmt":"2016-12-04T10:53:10","slug":"appel-unitaire-debout-contre-les-violences-faites-aux-femmes","status":"publish","type":"post","link":"https:\/\/alternatifs81.fr\/?p=18814","title":{"rendered":"Appel unitaire : \u00ab\u00a0Debout contre les violences faites aux femmes !\u00a0\u00bb"},"content":{"rendered":"<h2 style=\"text-align: justify;\"><strong><a href=\"http:\/\/alternatifs81.fr\/wp-content\/uploads\/14937387_1205042896224871_6101834511865596788_n.jpg\" rel=\"lightbox[18814]\"><img loading=\"lazy\" decoding=\"async\" class=\"alignleft wp-image-18803 size-medium\" src=\"http:\/\/alternatifs81.fr\/wp-content\/uploads\/14937387_1205042896224871_6101834511865596788_n-300x251.jpg\" alt=\"14937387_1205042896224871_6101834511865596788_n\" width=\"300\" height=\"251\" srcset=\"https:\/\/alternatifs81.fr\/wp-content\/uploads\/14937387_1205042896224871_6101834511865596788_n-300x251.jpg 300w, https:\/\/alternatifs81.fr\/wp-content\/uploads\/14937387_1205042896224871_6101834511865596788_n.jpg 599w\" sizes=\"auto, (max-width: 300px) 100vw, 300px\" \/><\/a>Nous vivons dans un pays o\u00f9 il y a 86 000 viols par an dont seulement 1,5%\u00a0sont condamn\u00e9s. 216\u00a0000 femmes sont victimes de violences conjugales, 122\u00a0sont mortes en 2015.\u00a0<span style=\"color: #808000;\">Stop aux violences faites aux femmes\u00a0!<\/span><\/strong><\/h2>\n<h2 style=\"text-align: justify;\"><strong>Nous vivons dans un pays o\u00f9 on enferme une femme, Jacqueline Sauvage, qui a endur\u00e9, ainsi que ses enfants, 47\u00a0ans de coups, s\u00e9vices et viols de la part de son mari et a fini par le tuer.\u00a0<span style=\"color: #808000;\">Libert\u00e9 pour Jacqueline Sauvage\u00a0!<br \/>\n<\/span><\/strong><\/h2>\n<p><!--more--><\/p>\n<h2 style=\"text-align: justify;\"><strong>Nous vivons dans un pays o\u00f9, par manque de volont\u00e9 politique, les\u00a0<a href=\"http:\/\/alternatifs81.fr\/wp-content\/uploads\/1586696250_23874a8e27-3.jpg\" rel=\"lightbox[18814]\"><img loading=\"lazy\" decoding=\"async\" class=\"alignright wp-image-18804 size-medium\" src=\"http:\/\/alternatifs81.fr\/wp-content\/uploads\/1586696250_23874a8e27-3-300x300.jpg\" alt=\"1586696250_23874a8e27\" width=\"300\" height=\"300\" srcset=\"https:\/\/alternatifs81.fr\/wp-content\/uploads\/1586696250_23874a8e27-3-300x300.jpg 300w, https:\/\/alternatifs81.fr\/wp-content\/uploads\/1586696250_23874a8e27-3-150x150.jpg 150w, https:\/\/alternatifs81.fr\/wp-content\/uploads\/1586696250_23874a8e27-3.jpg 500w\" sizes=\"auto, (max-width: 300px) 100vw, 300px\" \/><\/a> lois et leur application ne sont pas \u00e0 la hauteur de l\u2019enjeu que repr\u00e9sentent ces violences.\u00a0<span style=\"color: #808000;\">Pour une loi cadre contre les violences faites aux femmes\u00a0!<\/span><\/strong><\/h2>\n<h2 style=\"text-align: justify;\"><strong>Nous vivons dans un pays qui a sign\u00e9 et ratifi\u00e9 en\u00a02014 la \u00ab\u00a0Convention du Conseil de l\u2019Europe sur la pr\u00e9vention et la lutte contre la violence \u00e0 l\u2019\u00e9gard des femmes et la violence domestique\u00a0\u00bb dite Convention d\u2019Istanbul. Cette Convention, que les \u00c9tats doivent obligatoirement transposer dans le droit national, contient des dispositions plus favorables que le droit fran\u00e7ais.\u00a0<span style=\"color: #808000;\">Transposition imm\u00e9diate dans le droit fran\u00e7ais de la Convention d\u2019Istanbul\u00a0!<\/span><\/strong><\/h2>\n<h2 style=\"text-align: justify;\"><strong>Nous vivons dans un pays qui a adopt\u00e9 une loi courageuse de lutte contre le syst\u00e8me prostitutionnel et pour l\u2019accompagnement des personnes prostitu\u00e9es.\u00a0<span style=\"color: #808000;\">Application compl\u00e8te de cette loi, avec des budgets suffisants,\u00a0notamment pour financer les parcours de sortie du syst\u00e8me prostitutionnel\u00a0!<\/span><\/strong><\/h2>\n<h2 style=\"text-align: justify;\"><strong><a href=\"http:\/\/alternatifs81.fr\/wp-content\/uploads\/Une-journee-contre-les-violences-faites-aux-femmes.jpg\" rel=\"lightbox[18814]\"><img loading=\"lazy\" decoding=\"async\" class=\"alignleft wp-image-18807 size-full\" src=\"http:\/\/alternatifs81.fr\/wp-content\/uploads\/Une-journee-contre-les-violences-faites-aux-femmes.jpg\" alt=\"une-journee-contre-les-violences-faites-aux-femmes\" width=\"200\" height=\"133\" \/><\/a>\u00a0 Nous vivons dans un pays o\u00f9 le gouvernement, pliant devant des int\u00e9gristes religieux, a supprim\u00e9 les ABCD de l\u2019\u00e9galit\u00e9 qui visaient \u00e0 lutter contre les st\u00e9r\u00e9otypes de sexe \u00e0 l\u2019\u00e9cole.\u00a0<span style=\"color: #808000;\">Pour une r\u00e9elle \u00e9ducation \u00e0 l\u2019\u00e9galit\u00e9, qui ait les moyens concrets d\u2019\u00eatre effective et de qualit\u00e9, obligatoire \u00e0 chaque niveau du syst\u00e8me \u00e9ducatif\u00a0!<\/span><\/strong><\/h2>\n<h2 style=\"text-align: justify;\"><strong>Nous vivons dans un pays o\u00f9 chaque jour 10 viols ou tentatives de viols sont commis sur le lieu de travail, sans parler du harc\u00e8lement sexuel, des blagues graveleuses, des remarques sur le physique\u2026. avec en plus le risque pour la victime de perdre son emploi.\u00a0<span style=\"color: #808000;\">Adoption d\u2019une norme internationale de l\u2019OIT contre les violences sexistes et sexuelles\u00a0!<\/span><\/strong><\/h2>\n<h2 style=\"text-align: justify;\"><strong>Nous vivons dans un pays o\u00f9\u00a0\u00eatre lesbienne expose encore \u00e0 des <a href=\"http:\/\/alternatifs81.fr\/wp-content\/uploads\/\u00e9galit\u00e9-2.jpg\" rel=\"lightbox[18814]\"><img loading=\"lazy\" decoding=\"async\" class=\"alignright wp-image-18801 size-medium\" src=\"http:\/\/alternatifs81.fr\/wp-content\/uploads\/\u00e9galit\u00e9-2-227x300.jpg\" alt=\"egalite-2\" width=\"227\" height=\"300\" srcset=\"https:\/\/alternatifs81.fr\/wp-content\/uploads\/\u00e9galit\u00e9-2-227x300.jpg 227w, https:\/\/alternatifs81.fr\/wp-content\/uploads\/\u00e9galit\u00e9-2-768x1017.jpg 768w, https:\/\/alternatifs81.fr\/wp-content\/uploads\/\u00e9galit\u00e9-2-774x1024.jpg 774w, https:\/\/alternatifs81.fr\/wp-content\/uploads\/\u00e9galit\u00e9-2.jpg 800w\" sizes=\"auto, (max-width: 227px) 100vw, 227px\" \/><\/a>violences physiques et verbales dans tous les milieux\u00a0: public, professionnel, familial, amical.\u00a0<span style=\"color: #808000;\">Sensibilisation \u00e0 la lesbophobie dans toutes les actions et campagnes contre les violences faites aux femmes.\u00a0<\/span><\/strong><\/h2>\n<h2 style=\"text-align: justify;\"><strong>Nous vivons dans un pays o\u00f9 4 femmes handicap\u00e9es sur 5 vivent des violences physiques, psychologiques, institutionnelles, sexuelles, de discrimination professionnelle etc. et o\u00f9 le manque d\u2019accessibilit\u00e9 des \u00e9tablissements de sant\u00e9, des tribunaux, des lieux de formation ou de loisirs perdure.\u00a0<span style=\"color: #808000;\">Accessibilit\u00e9, formation des professionnel-les (sant\u00e9, police, justice) et quota obligatoire d\u2019emploi de 6%, dont 3% pour les femmes\u00a0!<\/span><\/strong><span style=\"color: #808000;\"><strong>\u2028<\/strong><\/span><\/h2>\n<h2 style=\"text-align: justify;\"><strong>Nous vivons dans un pays o\u00f9 l\u2019\u00c9tat consacre\u00a00,05\u00a0% de son budget (soit\u00a0221,2 millions d\u2019euros) \u00e0 l\u2019\u00e9galit\u00e9 femmes-hommes. Quant\u00a0\u00e0\u00a0\u00a0 <a href=\"http:\/\/alternatifs81.fr\/wp-content\/uploads\/fem-2.png\" rel=\"lightbox[18814]\"><img loading=\"lazy\" decoding=\"async\" class=\"alignleft wp-image-18810 size-full\" src=\"http:\/\/alternatifs81.fr\/wp-content\/uploads\/fem-2.png\" alt=\"fem\" width=\"200\" height=\"119\" \/><\/a>elles, les violences conjugales reviennent \u00e0\u00a02,5 milliards d\u2019euros par an (frais m\u00e9dicaux, de th\u00e9rapie de justice, police, perte d\u2019emploi, d\u00e9m\u00e9nagements, etc.). Les subventions accord\u00e9es aux associations qui h\u00e9bergent et accompagnent les femmes victimes de violences sont rogn\u00e9es constamment.\u00a0<span style=\"color: #808000;\">Augmentation du budget du Minist\u00e8re et des subventions pour que les associations qui remplissent des missions de service public puissent fonctionner\u00a0!<\/span><\/strong><\/h2>\n<h2 style=\"text-align: justify;\"><strong>Nous vivons dans un pays o\u00f9 les discours populistes et r\u00e9actionnaires augmentent et veulent faire croire que fermer les fronti\u00e8res suffirait \u00e0 arr\u00eater les violences faites aux femmes\u00a0; dans un pays dont le gouvernement a d\u00e9clar\u00e9 ne vouloir recevoir en\u00a02 ans que 30\u00a0000 exil\u00e9-e-s qui fuient la guerre, les pers\u00e9cutions et la terreur, notamment de Daesh en Syrie.\u00a0<span style=\"color: #808000;\">Halte aux mensonges, aux amalgames et \u00e0 la stigmatisation\u00a0! Bienvenue aux exil\u00e9-e-s\u00a0!<\/span><\/strong><\/h2>\n<h2 style=\"text-align: justify;\"><strong>Nous vivons dans un pays qui participe \u00e0 des conflits arm\u00e9s \u00a0<a href=\"http:\/\/alternatifs81.fr\/wp-content\/uploads\/avortement-3.jpg\" rel=\"lightbox[18814]\"><img loading=\"lazy\" decoding=\"async\" class=\"alignright wp-image-18806 size-full\" src=\"http:\/\/alternatifs81.fr\/wp-content\/uploads\/avortement-3.jpg\" alt=\"avortement\" width=\"200\" height=\"274\" \/><\/a> engendrant tueries, violences sexuelles, viol utilis\u00e9 comme arme de guerre, enl\u00e8vements, trafic sexuel, d\u00e9placements massifs et forc\u00e9s, accroissement de la pauvret\u00e9, etc.\u00a0<span style=\"color: #808000;\">Priorit\u00e9 aux cessez-le-feu, aux pourparlers de paix et \u00e0 la participation des femmes aux processus de paix\u00a0!<\/span><\/strong><\/h2>\n<h2 style=\"text-align: justify;\"><strong>Nous vivons dans un pays o\u00f9, malgr\u00e9 les grands principes d\u2019\u00e9galit\u00e9 femmes\/hommes, inscrits dans tous les textes fondamentaux, dont tout le monde se f\u00e9licite, s\u00e9vissent toujours domination patriarcale, in\u00e9galit\u00e9s et violences.<\/strong><\/h2>\n<h2 style=\"text-align: justify;\"><strong><a href=\"http:\/\/alternatifs81.fr\/wp-content\/uploads\/\u00e9galit\u00e9-1-2.jpg\" rel=\"lightbox[18814]\"><img loading=\"lazy\" decoding=\"async\" class=\"alignleft wp-image-18802 size-medium\" src=\"http:\/\/alternatifs81.fr\/wp-content\/uploads\/\u00e9galit\u00e9-1-2-288x300.jpg\" alt=\"egalite-1\" width=\"288\" height=\"300\" srcset=\"https:\/\/alternatifs81.fr\/wp-content\/uploads\/\u00e9galit\u00e9-1-2-288x300.jpg 288w, https:\/\/alternatifs81.fr\/wp-content\/uploads\/\u00e9galit\u00e9-1-2-768x799.jpg 768w, https:\/\/alternatifs81.fr\/wp-content\/uploads\/\u00e9galit\u00e9-1-2.jpg 800w\" sizes=\"auto, (max-width: 288px) 100vw, 288px\" \/><\/a>Au pays des \u00ab\u00a0droits de l\u2019homme\u00a0\u00bb et de l\u2019\u00e9galit\u00e9, on frappe, on viole, on tue tous les jours.<\/strong><\/h2>\n<h2 style=\"text-align: justify;\"><span style=\"color: #808000;\"><strong>Pour que le pays des droits de l\u2019Homme devienne enfin, aussi, le pays des droits des femmes\u00a0!<\/strong><\/span><\/h2>\n<h2 style=\"text-align: justify;\"><strong>\u00a0<\/strong><\/h2>\n<h2 style=\"text-align: justify;\"><strong><span style=\"text-decoration: underline;\">Premiers signataires :<\/span>\u00a0<span style=\"color: #0000ff;\"><em>Collectif National pour les Droits des Femmes, Actit, Agir Ensemble contre le Ch\u00f4mage, Alternatives et Autogestion, Association de Solidarit\u00e9 avec les Femmes Alg\u00e9riennes d\u00e9mocrates, Association nationale des \u00e9tudes f\u00e9ministes, Attac France, CGT, Chiennes de garde, Collectif 20\u00e8 Tenon\/ivg, Collectif f\u00e9ministe contre le Viol, Coordination des Associations pour le Droit \u00e0 l\u2019Avortement et la Contraception, Coordination lesbienne en France, Culture \u00e9galit\u00e9, association f\u00e9ministe de Martinique, les effront\u00e9-e-s, Ensemble, Femmes \u00e9galit\u00e9, Femmes libres \u2013 Radio libertaire, FSU, Gender Company, Ligue des femmes iraniennes pour la D\u00e9mocratie, Ligue Internationale des Femmes pour la Paix et la Libert\u00e9, M\u00e9moire traumatique et victimologie, Maison des Femmes Th\u00e9r\u00e8se Clerc Montreuil, Marche Mondiale des Femmes , Osez le f\u00e9minisme, PCF, R\u00e9seau F\u00e9ministe \u00ab Ruptures \u00bb, SKB, SNPES-PJJ-FSU, SOS Femmes Alternative-Centre Flora Tristan, Union Syndicale Solidaires.<\/em><\/span><\/strong><\/h2>\n<gcse:search><\/gcse:search>","protected":false},"excerpt":{"rendered":"<p>Nous vivons dans un pays o\u00f9 il y a 86 000 viols par an dont seulement 1,5%\u00a0sont condamn\u00e9s. 216\u00a0000 femmes sont victimes de violences conjugales, 122\u00a0sont mortes en 2015.\u00a0Stop aux violences faites aux femmes\u00a0! Nous vivons dans un pays o\u00f9 on enferme une femme, Jacqueline Sauvage, qui a endur\u00e9, ainsi que ses enfants, 47\u00a0ans de [&hellip;]<\/p>\n","protected":false},"author":1,"featured_media":0,"comment_status":"open","ping_status":"open","sticky":false,"template":"","format":"standard","meta":{"footnotes":""},"categories":[149],"tags":[43,103,117,400,23],"class_list":["post-18814","post","type-post","status-publish","format-standard","hentry","category-feminisme","tag-appel","tag-demarche-citoyenne","tag-democratie","tag-feminisme","tag-luttes"],"_links":{"self":[{"href":"https:\/\/alternatifs81.fr\/index.php?rest_route=\/wp\/v2\/posts\/18814","targetHints":{"allow":["GET"]}}],"collection":[{"href":"https:\/\/alternatifs81.fr\/index.php?rest_route=\/wp\/v2\/posts"}],"about":[{"href":"https:\/\/alternatifs81.fr\/index.php?rest_route=\/wp\/v2\/types\/post"}],"author":[{"embeddable":true,"href":"https:\/\/alternatifs81.fr\/index.php?rest_route=\/wp\/v2\/users\/1"}],"replies":[{"embeddable":true,"href":"https:\/\/alternatifs81.fr\/index.php?rest_route=%2Fwp%2Fv2%2Fcomments&post=18814"}],"version-history":[{"count":0,"href":"https:\/\/alternatifs81.fr\/index.php?rest_route=\/wp\/v2\/posts\/18814\/revisions"}],"wp:attachment":[{"href":"https:\/\/alternatifs81.fr\/index.php?rest_route=%2Fwp%2Fv2%2Fmedia&parent=18814"}],"wp:term":[{"taxonomy":"category","embeddable":true,"href":"https:\/\/alternatifs81.fr\/index.php?rest_route=%2Fwp%2Fv2%2Fcategories&post=18814"},{"taxonomy":"post_tag","embeddable":true,"href":"https:\/\/alternatifs81.fr\/index.php?rest_route=%2Fwp%2Fv2%2Ftags&post=18814"}],"curies":[{"name":"wp","href":"https:\/\/api.w.org\/{rel}","templated":true}]}}