{"id":18716,"date":"2016-11-15T13:31:52","date_gmt":"2016-11-15T12:31:52","guid":{"rendered":"http:\/\/alternatifs81.fr\/?p=18716"},"modified":"2016-11-20T23:07:02","modified_gmt":"2016-11-20T22:07:02","slug":"court-circuitons-tribune-libre-patrick-mignard","status":"publish","type":"post","link":"https:\/\/alternatifs81.fr\/?p=18716","title":{"rendered":"COURT-CIRCUITONS ! Tribune libre Patrick MIGNARD"},"content":{"rendered":"<div class=\"contenuArticle\">\n<div class=\"ob-sections\">\n<div class=\"ob-section ob-section-html\">\n<h2 style=\"text-align: justify;\">Le <em>mauvais temps<\/em> du printemps a bon dos. Les conditions m\u00e9t\u00e9orologiques seraient sens\u00e9es expliquer le diff\u00e9rentiel important, concernant les fruits et l\u00e9gumes, entre les <em>prix \u00e0 la production<\/em> et les <em>prix de march\u00e9<\/em>. S\u2019il est exact qu\u2019il y a un retard et donc une relative raret\u00e9 (encore que\u00a0!) dus au ciel, il n\u2019en demeure pas moins que ce probl\u00e8me est r\u00e9current, tous les ans \u00e0 la m\u00eame \u00e9poque et m\u00eame pendant toute l\u2019ann\u00e9e. N\u2019entendons nous pas les producteurs se plaindre \u2013 \u00e0 juste titre &#8211; r\u00e9guli\u00e8rement des prix de march\u00e9s en inad\u00e9quation totale avec leurs co\u00fbts de production\u00a0? Les actions, r\u00e9guli\u00e8res, \u00ab\u00a0coup de poing\u00a0\u00bb &#8211; des producteurs illustrent parfaitement la situation.<\/h2>\n<h2 style=\"text-align: justify;\"><\/h2>\n<h2 style=\"text-align: justify;\">Ces actions, pour spectaculaires qu\u2019elles sont n\u2019en sont pas moins st\u00e9riles\u2026 Une fois pass\u00e9 le coup de col\u00e8re, la situation redevient comme avant.<\/h2>\n<p><!--more--><\/p>\n<h2 style=\"text-align: justify;\">Il y a pourtant une solution, certes pas globale, pas spectaculaire\u2026 la <em>vente directe<\/em>.<\/h2>\n<h2 style=\"text-align: justify;\"><\/h2>\n<h2 style=\"text-align: justify;\">L\u2019avantage de la vente directe c\u2019est qu\u2019elle contourne, <em>court-circuite<\/em>, les r\u00e9seaux commerciaux traditionnels.<\/h2>\n<h2 style=\"text-align: justify;\"><\/h2>\n<h2 style=\"text-align: justify;\">Il est cependant vrai que cette pratique ne touche pas l\u2019ensemble des consommateurs. Mais il ne tient qu\u2019\u00e0 nous, citoyens, aussi bien producteurs que consommateurs d\u2019en \u00e9tendre le domaine. D\u2019ailleurs les quelques op\u00e9rations ventes directes organis\u00e9es par certains producteurs \u2013 trop rarement \u2013 sont des succ\u00e8s.<\/h2>\n<h2 style=\"text-align: justify;\"><\/h2>\n<h2 style=\"text-align: justify;\">Cette pratique se g\u00e9n\u00e9ralise peu \u00e0 peu,\u2026 touche de plus en plus de consommateurs, int\u00e9resse de plus en plus de producteurs \u2013 les AMAP (<em>Association pour le Maintien de l\u2019Agriculture Paysanne<\/em>) par exemple. C\u2019est tout un lien social qui se tisse, une d\u00e9marche \u00e9conomique alternative, un syst\u00e8me, encore embryonnaire, qui s\u2019instaure.<\/h2>\n<h2 style=\"text-align: justify;\"><\/h2>\n<h2 style=\"text-align: justify;\">Ce n\u2019est pas spontan\u00e9ment, d\u2019un coup de baguette magique, que l\u2019on supprimera les circuits commerciaux \u2013 \u00e9conomiquement pervers &#8211; du syst\u00e8me marchand. C\u2019est \u00e0 nous d\u2019initier les nouvelles pratiques \u00e9conomiques et sociales, \u2026 nous, d\u2019abord, les plus motiv\u00e9s, gagnant par la pratique de nouveaux participants, et cherchant \u00e0 les \u00e9tendre, petit \u00e0 petit, \u00e0 d\u2019autres secteurs.<\/h2>\n<h2 style=\"text-align: justify;\">Ne r\u00eavons pas,\u2026 si nous voulons un v\u00e9ritable changement, c\u2019est \u00e0 nous d\u2019en prendre l\u2019initiative. Ne faisons aucune confiance aux politiciens qui se contentent de g\u00e9rer le syst\u00e8me marchand tel qu\u2019il est, en nous faisant des promesses jamais honor\u00e9es.<\/h2>\n<h2 style=\"text-align: justify;\"><\/h2>\n<h2 style=\"text-align: justify;\">Dire que notre avenir est entre nos mains signifie qu\u2019il faut initier des pratiques alternatives, dans tous les domaines, en commen\u00e7ant par le plus facile.<\/h2>\n<h2 style=\"text-align: justify;\"><\/h2>\n<h2 style=\"text-align: justify;\">Ne comptons que sur nous-m\u00eames.<\/h2>\n<h2 style=\"text-align: justify;\"><\/h2>\n<h2 style=\"text-align: justify;\">20 ao\u00fbt 2013<\/h2>\n<\/div>\n<\/div>\n<\/div>\n<p>&nbsp;<\/p>\n<gcse:search><\/gcse:search>","protected":false},"excerpt":{"rendered":"<p>Le mauvais temps du printemps a bon dos. Les conditions m\u00e9t\u00e9orologiques seraient sens\u00e9es expliquer le diff\u00e9rentiel important, concernant les fruits et l\u00e9gumes, entre les prix \u00e0 la production et les prix de march\u00e9. S\u2019il est exact qu\u2019il y a un retard et donc une relative raret\u00e9 (encore que\u00a0!) dus au ciel, il n\u2019en demeure pas [&hellip;]<\/p>\n","protected":false},"author":1,"featured_media":0,"comment_status":"open","ping_status":"open","sticky":false,"template":"","format":"standard","meta":{"footnotes":""},"categories":[1],"tags":[],"class_list":["post-18716","post","type-post","status-publish","format-standard","hentry","category-non-classe"],"_links":{"self":[{"href":"https:\/\/alternatifs81.fr\/index.php?rest_route=\/wp\/v2\/posts\/18716","targetHints":{"allow":["GET"]}}],"collection":[{"href":"https:\/\/alternatifs81.fr\/index.php?rest_route=\/wp\/v2\/posts"}],"about":[{"href":"https:\/\/alternatifs81.fr\/index.php?rest_route=\/wp\/v2\/types\/post"}],"author":[{"embeddable":true,"href":"https:\/\/alternatifs81.fr\/index.php?rest_route=\/wp\/v2\/users\/1"}],"replies":[{"embeddable":true,"href":"https:\/\/alternatifs81.fr\/index.php?rest_route=%2Fwp%2Fv2%2Fcomments&post=18716"}],"version-history":[{"count":0,"href":"https:\/\/alternatifs81.fr\/index.php?rest_route=\/wp\/v2\/posts\/18716\/revisions"}],"wp:attachment":[{"href":"https:\/\/alternatifs81.fr\/index.php?rest_route=%2Fwp%2Fv2%2Fmedia&parent=18716"}],"wp:term":[{"taxonomy":"category","embeddable":true,"href":"https:\/\/alternatifs81.fr\/index.php?rest_route=%2Fwp%2Fv2%2Fcategories&post=18716"},{"taxonomy":"post_tag","embeddable":true,"href":"https:\/\/alternatifs81.fr\/index.php?rest_route=%2Fwp%2Fv2%2Ftags&post=18716"}],"curies":[{"name":"wp","href":"https:\/\/api.w.org\/{rel}","templated":true}]}}