{"id":18680,"date":"2016-11-01T14:51:27","date_gmt":"2016-11-01T13:51:27","guid":{"rendered":"http:\/\/alternatifs81.fr\/?p=18680"},"modified":"2016-11-25T00:25:55","modified_gmt":"2016-11-24T23:25:55","slug":"projet-autoroutier-castres-toulouse-debattons-en-autour-du-film-linteret-general-et-moi","status":"publish","type":"post","link":"https:\/\/alternatifs81.fr\/?p=18680","title":{"rendered":"Projet autoroutier Castres-Toulouse ? D\u00e9battons-en autour du film : \u00ab\u00a0L\u2019int\u00e9r\u00eat g\u00e9n\u00e9ral et moi\u00a0\u00bb"},"content":{"rendered":"<h2 style=\"text-align: justify;\"><a href=\"http:\/\/alternatifs81.fr\/wp-content\/uploads\/l-interet-gneral-et-moi.jpg\" rel=\"lightbox[18680]\"><img loading=\"lazy\" decoding=\"async\" class=\"alignleft wp-image-18682 size-full\" src=\"http:\/\/alternatifs81.fr\/wp-content\/uploads\/l-interet-gneral-et-moi.jpg\" alt=\"l-interet-gneral-et-moi\" width=\"282\" height=\"395\" srcset=\"https:\/\/alternatifs81.fr\/wp-content\/uploads\/l-interet-gneral-et-moi.jpg 282w, https:\/\/alternatifs81.fr\/wp-content\/uploads\/l-interet-gneral-et-moi-214x300.jpg 214w\" sizes=\"auto, (max-width: 282px) 100vw, 282px\" \/><\/a>\u00a0 Vendredi 11 novembre, \u00e0 20h30, \u00e0 la Halle aux grains de Puylaurens, sera projet\u00e9 le film de Sophie Metrich et de Julien Milanesi, \u00ab\u00a0L\u2019int\u00e9r\u00eat g\u00e9n\u00e9ral et moi\u00a0\u00bb, sorti en salles en juin 2016,<\/h2>\n<h2 style=\"text-align: justify;\">Ce film documentaire a re\u00e7u de bonnes critiques de la part de nombreux m\u00e9dias comme La Cha\u00eene Parlementaire, La Vie ou Le Canard Encha\u00een\u00e9.<\/h2>\n<h2 style=\"text-align: justify;\">Il interroge sur des infrastructures, des vies, des territoires, des espaces naturels sacrifi\u00e9s ou devant l\u2019\u00eatre, au nom de l\u2019int\u00e9r\u00eat g\u00e9n\u00e9ral. Mais qui d\u00e9termine l\u2019int\u00e9r\u00eat g\u00e9n\u00e9ral ? Comment ? Un film sur la d\u00e9mocratie des grands projets, sur la fa\u00e7on dont on prend et ressent ce type de d\u00e9cisions, aujourd\u2019hui, en France.<\/h2>\n<h2 style=\"text-align: justify;\">Un d\u00e9bat suivra la projection.<\/h2>\n<h2 style=\"text-align: justify;\"><span style=\"color: #808000;\"><em>Entr\u00e9e gratuite, participation aux frais.<\/em><\/span><\/h2>\n<p>&nbsp;<\/p>\n<h3><span style=\"text-decoration: underline;\">A noter :<\/span>\u00a0 la projection aura \u00a0lieu \u00e0 Teulat le samedi 19 novembre \u00e0 20h30 \u00e0 la salle des f\u00eates\u00a0 (hameau de Pugn\u00e8res) et au cin\u00e9ma le Lido \u00e0\u00a0 Castres le 16 d\u00e9cembre \u00e0 20h.<\/h3>\n<gcse:search><\/gcse:search>","protected":false},"excerpt":{"rendered":"<p>\u00a0 Vendredi 11 novembre, \u00e0 20h30, \u00e0 la Halle aux grains de Puylaurens, sera projet\u00e9 le film de Sophie Metrich et de Julien Milanesi, \u00ab\u00a0L\u2019int\u00e9r\u00eat g\u00e9n\u00e9ral et moi\u00a0\u00bb, sorti en salles en juin 2016, Ce film documentaire a re\u00e7u de bonnes critiques de la part de nombreux m\u00e9dias comme La Cha\u00eene Parlementaire, La Vie ou [&hellip;]<\/p>\n","protected":false},"author":1,"featured_media":0,"comment_status":"open","ping_status":"open","sticky":false,"template":"","format":"standard","meta":{"footnotes":""},"categories":[434],"tags":[17,103,67,23,66,72],"class_list":["post-18680","post","type-post","status-publish","format-standard","hentry","category-projets-nuisibles-et-inutiles","tag-autoroute-castres-toulouse","tag-demarche-citoyenne","tag-gaz-de-schiste","tag-luttes","tag-services-publics","tag-transports"],"_links":{"self":[{"href":"https:\/\/alternatifs81.fr\/index.php?rest_route=\/wp\/v2\/posts\/18680","targetHints":{"allow":["GET"]}}],"collection":[{"href":"https:\/\/alternatifs81.fr\/index.php?rest_route=\/wp\/v2\/posts"}],"about":[{"href":"https:\/\/alternatifs81.fr\/index.php?rest_route=\/wp\/v2\/types\/post"}],"author":[{"embeddable":true,"href":"https:\/\/alternatifs81.fr\/index.php?rest_route=\/wp\/v2\/users\/1"}],"replies":[{"embeddable":true,"href":"https:\/\/alternatifs81.fr\/index.php?rest_route=%2Fwp%2Fv2%2Fcomments&post=18680"}],"version-history":[{"count":0,"href":"https:\/\/alternatifs81.fr\/index.php?rest_route=\/wp\/v2\/posts\/18680\/revisions"}],"wp:attachment":[{"href":"https:\/\/alternatifs81.fr\/index.php?rest_route=%2Fwp%2Fv2%2Fmedia&parent=18680"}],"wp:term":[{"taxonomy":"category","embeddable":true,"href":"https:\/\/alternatifs81.fr\/index.php?rest_route=%2Fwp%2Fv2%2Fcategories&post=18680"},{"taxonomy":"post_tag","embeddable":true,"href":"https:\/\/alternatifs81.fr\/index.php?rest_route=%2Fwp%2Fv2%2Ftags&post=18680"}],"curies":[{"name":"wp","href":"https:\/\/api.w.org\/{rel}","templated":true}]}}