{"id":18653,"date":"2016-11-01T00:01:26","date_gmt":"2016-10-31T23:01:26","guid":{"rendered":"http:\/\/alternatifs81.fr\/?p=18653"},"modified":"2016-11-24T21:44:48","modified_gmt":"2016-11-24T20:44:48","slug":"une-contribution-au-bilan-de-la-mobilisation-contre-la-loi-travail-par-laurent-degousee-sud-solidaires","status":"publish","type":"post","link":"https:\/\/alternatifs81.fr\/?p=18653","title":{"rendered":"Une contribution au bilan de la mobilisation contre la loi Travail, par Laurent Degous\u00e9e (SUD-SOLIDAIRES)"},"content":{"rendered":"<p><span style=\"color: #0000ff;\"><strong><em>Laurent Degous\u00e9e, co-d\u00e9l\u00e9gu\u00e9 national de la f\u00e9d\u00e9ration Sud commerce et services, a publi\u00e9 une brochure de bilan des mobilisations contre la loi Travail.\u00a0 Extraits. <\/em>\u00ab\u00a0Debout contre la loi travail et son monde\u00a0\u00bb :<\/strong><\/span><\/p>\n<p>&nbsp;<\/p>\n<h1 style=\"text-align: justify;\"><span style=\"color: #808000;\">\u00a0[\u2026]\u00a0 <strong>VERS L\u2019\u00c9PREUVE DE FORCE<\/strong><\/span><\/h1>\n<h2 style=\"text-align: justify;\"><a href=\"http:\/\/alternatifs81.fr\/wp-content\/uploads\/3-komeri-mi-temps.jpg\" rel=\"lightbox[18653]\"><img loading=\"lazy\" decoding=\"async\" class=\"alignleft wp-image-18655 size-medium\" src=\"http:\/\/alternatifs81.fr\/wp-content\/uploads\/3-komeri-mi-temps-300x246.jpg\" alt=\"3-komeri-mi-temps\" width=\"300\" height=\"246\" srcset=\"https:\/\/alternatifs81.fr\/wp-content\/uploads\/3-komeri-mi-temps-300x246.jpg 300w, https:\/\/alternatifs81.fr\/wp-content\/uploads\/3-komeri-mi-temps.jpg 661w\" sizes=\"auto, (max-width: 300px) 100vw, 300px\" \/><\/a>\u00a0 Avec certainement plus d\u2019un million de manifestants ce 31 mars et assur\u00e9ment au moins le double de ceux du 9 mars, le mouvement contre la loi Travail a pass\u00e9 un cap. Ni les pr\u00e9tendues concessions faites par le gouvernement le 14 mars dernier, ni le soutien devenu outrancier de la direction de la CFDT \u00e0 ce dernier (la participation de dissidents de cette centrale dans les cort\u00e8ges \u00e9tait d\u2019ailleurs loin d\u2019\u00eatre anecdotique) n\u2019auront suffit \u00e0 marginaliser la contestation dudit projet de loi qui reste rejet\u00e9 par sept Fran\u00e7ais sur dix.<br \/>\n\u00c0 Matignon, on juge que le mouvement \u00ab est \u00e9lev\u00e9 mais on n\u2019a pas non plus bascul\u00e9 dans un ph\u00e9nom\u00e8ne traduisant une mise en mouvement de toute la jeunesse et de tous les salari\u00e9s \u00bb Ajoutons pas encore bascul\u00e9 car, contrairement aux r\u00e9formes anti-ouvri\u00e8res mises en \u0153uvre par Hollande comme la mal nomm\u00e9e loi de s\u00e9curisation de l\u2019emploi et celle port\u00e9e par Macron, nous sommes bel et bien en face de la plus grande protestation contre sa politique \u00e9conomique et sociale depuis le d\u00e9but du quinquennat. M\u00eame Fran\u00e7ois Fillon, inflexible face aux millions de manifestants contre la r\u00e9forme des retraites de 2003 et 2010, dit qu\u2019il vaut mieux arr\u00eatez les frais !<\/h2>\n<h1 style=\"text-align: justify;\"><span style=\"color: #808000;\">Vers une crise majeure<\/span><\/h1>\n<h2 style=\"text-align: justify;\">Au plus haut de l\u2019\u00c9tat, la crainte d\u2019une fin de mandat chaotique<\/h2>\n<p><!--more--><\/p>\n<h2 style=\"text-align: justify;\">\u00a0rend f\u00e9brile et on comprend mieux pourquoi El Khomri recevra finalement mercredi l\u2019UNEF, soit le lendemain de la nouvelle journ\u00e9e d\u2019action pr\u00e9vue dans les lyc\u00e9es et les universit\u00e9s, pour examiner certaines propositions du syndicat \u00e9tudiant. Il est aussi clair dans toutes les t\u00eates que si l\u2019ex\u00e9cutif a finalement recul\u00e9 sur la d\u00e9ch\u00e9ance de nationalit\u00e9 et plus largement sur la r\u00e9vision constitutionnelle, on peut le contraindre \u00e0 faire de m\u00eame sur la loi Travail. Les ingr\u00e9dients de la crise sont bien l\u00e0. La plus vraisemblable est que la poursuite d\u2019une contestation de haut niveau \u2212 le d\u00e9bat parlementaire d\u00e9marre le 3 mai prochain, avant le traditionnel 1er mai qui tombe un dimanche cette ann\u00e9e, et la bataille d\u2019amendements s\u2019y annonce rude \u2212 fasse exploser les contradictions sur le plan politique : au fur et \u00e0 mesure des concessions accord\u00e9es aux manifestants, la droite aura alors beau jeu de ne pas voter la loi comme elle n\u2019irait plus assez loin \u00e0 son go\u00fbt tout comme les d\u00e9put\u00e9s socialistes les plus \u00e0 gauche qui se verraient rass\u00e9r\u00e9n\u00e9s dans leurs critiques.<\/h2>\n<h2 style=\"text-align: justify;\"><a href=\"http:\/\/alternatifs81.fr\/wp-content\/uploads\/292349_370861376318272_69828637_n.jpg\" rel=\"lightbox[18653]\"><img loading=\"lazy\" decoding=\"async\" class=\"alignleft wp-image-18657 size-medium\" src=\"http:\/\/alternatifs81.fr\/wp-content\/uploads\/292349_370861376318272_69828637_n-300x273.jpg\" alt=\"292349_370861376318272_69828637_n\" width=\"300\" height=\"273\" srcset=\"https:\/\/alternatifs81.fr\/wp-content\/uploads\/292349_370861376318272_69828637_n-300x273.jpg 300w, https:\/\/alternatifs81.fr\/wp-content\/uploads\/292349_370861376318272_69828637_n.jpg 370w\" sizes=\"auto, (max-width: 300px) 100vw, 300px\" \/><\/a>\u00a0 D\u00e8s lors, un nouveau recours au 49-3 n\u2019est pas \u00e0 exclure, qui ouvrirait la voie \u00e0 une motion de censure vot\u00e9e y compris par une partie de la majorit\u00e9 et \u00e0 la chute du gouvernement Valls. Alors m\u00eame que ce dernier \u00e9mettait l\u2019hypoth\u00e8se de sa d\u00e9mission d\u00e9but mars, ce serait en fait pour lui l\u2019occasion de poursuivre sa carri\u00e8re politique dans les habits du r\u00e9formateur contrari\u00e9. Quant \u00e0 Hollande, en parfait \u00e9l\u00e8ve de Mitterrand, il est parfaitement capable d\u2019opter pour la dissolution qui, avec le probable retour de la droite aux manettes suite aux \u00e9lections l\u00e9gislatives qui suivraient, constituerait pour lui une occasion unique de se relancer \u00e0 un an de la pr\u00e9sidentielle : vertige du pouvoir.<\/h2>\n<h1 style=\"text-align: justify;\"><span style=\"color: #808000;\"> Construire le mouvement jusqu\u2019au retrait total<\/span><\/h1>\n<h2 style=\"text-align: justify;\">La crise, il faut surtout l\u2019esp\u00e9rer sociale, y compris pour que les revendications basculent au-del\u00e0 du seul retrait de la loi Travail qui n\u2019en demeure pas moins un pr\u00e9alable : pour cela, la jeunesse doit clairement affirmer son r\u00f4le de locomotive du mouvement, \u00e0 l\u2019instar de son r\u00f4le lors de celui du CPE en 2006.<\/h2>\n<h2 style=\"text-align: justify;\">N\u2019\u00e9tant pas assujettie sur le plan \u00e9conomique et en l\u2019absence \u00e0 ce \u00a0\u00a0<a href=\"http:\/\/alternatifs81.fr\/wp-content\/uploads\/CODE-du-TRAVAIL-1.jpg\" rel=\"lightbox[18653]\"><img loading=\"lazy\" decoding=\"async\" class=\"alignright wp-image-18662 size-full\" src=\"http:\/\/alternatifs81.fr\/wp-content\/uploads\/CODE-du-TRAVAIL-1.jpg\" alt=\"code-du-travail\" width=\"200\" height=\"141\" \/><\/a> jour de secteurs en gr\u00e8ve reconductible <em>(elle se fait y compris attendre chez les cheminots, en butte \u00e0 une r\u00e9forme de leur temps de travail analogue \u00e0 celle de la loi Travail)<\/em>, c\u2019est \u00e0 une combinaison fine, en particulier sur le plan local o\u00f9 les organisations de jeunes ne sont pas toujours n\u00e9cessairement coordonn\u00e9es avec celles syndicales, qu\u2019il faut travailler, alternant journ\u00e9es de mobilisation fortes et actions de blocages de l\u2019appareil \u00e9conomique mais aussi de contr\u00f4le social. Selon Engels, \u00ab\u00a0En derni\u00e8re instance, l\u2019\u00c9tat est une bande d\u2019hommes arm\u00e9s\u00a0\u00bb : les violences polici\u00e8res, d\u00e9nonc\u00e9es par la LDH, deviennent r\u00e9currentes et n\u2019ont \u00e9videment rien \u00e0 voir avec un quelconque maintien de l\u2019ordre.\u00a0 Les images qui circulent sur le net sont \u00e0 cet \u00e9gard confondantes et les rappels \u00e0 la d\u00e9ontologie du ministre de l\u2019Int\u00e9rieur rel\u00e8vent du v\u0153u pieux. Le gouvernement, qui a pass\u00e9 une commande exceptionnelle de balles de Flash-Ball d\u00e9nonc\u00e9e par l\u2019association des familles de mutil\u00e9s par cette arme, est clairement dans une strat\u00e9gie de la tension qui peut aboutir \u00e0 un nouveau R\u00e9mi Fraisse : c\u2019est pourquoi la question de mise en place de services d\u2019ordre ne doit pas \u00eatre l\u2019apanage des centrales syndicales.<\/h2>\n<h1 style=\"text-align: justify;\"><strong><span style=\"color: #808000;\">LES INDIGNES DE LA R\u00c9PUBLIQUE<\/span><br \/>\n<\/strong><\/h1>\n<h2 style=\"text-align: justify;\"><a href=\"http:\/\/alternatifs81.fr\/wp-content\/uploads\/12919844_1210086115709602_722446752489846134_n.jpg\" rel=\"lightbox[18653]\"><img loading=\"lazy\" decoding=\"async\" class=\"alignleft wp-image-18660 size-medium\" src=\"http:\/\/alternatifs81.fr\/wp-content\/uploads\/12919844_1210086115709602_722446752489846134_n-200x300.jpg\" alt=\"12919844_1210086115709602_722446752489846134_n\" width=\"200\" height=\"300\" srcset=\"https:\/\/alternatifs81.fr\/wp-content\/uploads\/12919844_1210086115709602_722446752489846134_n-200x300.jpg 200w, https:\/\/alternatifs81.fr\/wp-content\/uploads\/12919844_1210086115709602_722446752489846134_n.jpg 640w\" sizes=\"auto, (max-width: 200px) 100vw, 200px\" \/><\/a>\u00a0\u00a0 La radicalit\u00e9, elle peut aussi \u00eatre joyeuse comme celle de la Nuit Debout m\u00eame si elle se heurte l\u00e0 aussi \u00e0 l\u2019intransigeance du pouvoir qui a \u00e9vacu\u00e9 \u00e0 deux reprises R\u00e9publique, suite \u00e0 l\u2019installation d\u2019un campement de fortune \u00e0 l\u2019issue de la manifestation du 31 mars, les occupants rest\u00e9s dormir sur place. L\u2019occupation est stabilis\u00e9e depuis dimanche o\u00f9, apr\u00e8s avoir subi une descente de fachos (la commission \u00ab accueil et s\u00e9r\u00e9nit\u00e9 \u00bb \u00e9tait heureusement l\u00e0 pour veiller au grain) puis une nouvelle man\u0153uvre des les CRS : l\u2019escouade, en nombre insuffisant, a finalement renonc\u00e9 \u00e0 chasser de nouveau au petit matin les nouveaux zadistes parisiens. Gageons aussi que l\u2019interpellation d\u2019Anne Hidalgo par ces derniers samedi soir, \u00e0 l\u2019occasion de la nuit des d\u00e9bats organis\u00e9e par la ville, y aura contribu\u00e9. Cette dynamique de convergence des luttes, lanc\u00e9e en parall\u00e8le de celle de la loi Travail et qui \u00e9chappe pour le moment \u00e0 la mainmise des organisations, a une forte similitude avec le mouvement espagnol des indign\u00e9s (une de ses repr\u00e9sentantes est d\u2019ailleurs venu d\u2019Espagne prodiguer leur savoir-faire). Deviendra-telle une agora permanente o\u00f9 se r\u00e9fl\u00e9chit non seulement l\u2019apr\u00e8s \u00ab loi travail \u00bb mais aussi une soci\u00e9t\u00e9 d\u00e9barrass\u00e9e de l\u2019exploitation ?<\/h2>\n<h2 style=\"text-align: justify;\">C\u2019est bien partir pour : avec le retour du beau temps, des milliers \u00a0<a href=\"http:\/\/alternatifs81.fr\/wp-content\/uploads\/13266066_1592650327731513_1094840959417330411_n-1.jpg\" rel=\"lightbox[18653]\"><img loading=\"lazy\" decoding=\"async\" class=\"alignright wp-image-18658 size-medium\" src=\"http:\/\/alternatifs81.fr\/wp-content\/uploads\/13266066_1592650327731513_1094840959417330411_n-1-300x300.jpg\" alt=\"13266066_1592650327731513_1094840959417330411_n\" width=\"300\" height=\"300\" srcset=\"https:\/\/alternatifs81.fr\/wp-content\/uploads\/13266066_1592650327731513_1094840959417330411_n-1-300x300.jpg 300w, https:\/\/alternatifs81.fr\/wp-content\/uploads\/13266066_1592650327731513_1094840959417330411_n-1-150x150.jpg 150w, https:\/\/alternatifs81.fr\/wp-content\/uploads\/13266066_1592650327731513_1094840959417330411_n-1.jpg 480w\" sizes=\"auto, (max-width: 300px) 100vw, 300px\" \/><\/a> de personnes sont pass\u00e9es et des centaines ont particip\u00e9 \u00e0 l\u2019assembl\u00e9e g\u00e9n\u00e9rale quotidienne qui rend compte, entre autres, du travail des diff\u00e9rentes commissions mises en place pour faire vivre le lieu. Tous s\u2019accorderont un r\u00e9pit ce lundi avant de reprendre l\u2019occupation chaque soir puis de se r\u00e9installer compl\u00e8tement apr\u00e8s la manifestation du 9 avril prochain car comme le dit l\u2019un d\u2019entre eux, \u00ab Il ne faut pas d\u00e9fendre la place de la R\u00e9publique, mais d\u00e9fendre notre place dans la R\u00e9publique \u00bb. \u00c0 votre tour, indignez-vous ! [\u2026]<\/h2>\n<h2 style=\"text-align: justify;\"><strong>Et conclusion :<\/strong><\/h2>\n<h1 style=\"text-align: justify;\"><span style=\"color: #808000;\">\u00ab\u00a0<strong>LOI TRAVAIL : TOUS PERDANTS ?<\/strong><\/span><\/h1>\n<h2 style=\"text-align: justify;\"><a href=\"http:\/\/alternatifs81.fr\/wp-content\/uploads\/14657375_779420622208906_1265625772433124771_n.jpg\" rel=\"lightbox[18653]\"><img loading=\"lazy\" decoding=\"async\" class=\"alignleft wp-image-18659 size-medium\" src=\"http:\/\/alternatifs81.fr\/wp-content\/uploads\/14657375_779420622208906_1265625772433124771_n-300x234.jpg\" alt=\"14657375_779420622208906_1265625772433124771_n\" width=\"300\" height=\"234\" srcset=\"https:\/\/alternatifs81.fr\/wp-content\/uploads\/14657375_779420622208906_1265625772433124771_n-300x234.jpg 300w, https:\/\/alternatifs81.fr\/wp-content\/uploads\/14657375_779420622208906_1265625772433124771_n.jpg 480w\" sizes=\"auto, (max-width: 300px) 100vw, 300px\" \/><\/a>\u00a0\u00a0 Le Conseil constitutionnel, saisi par des parlementaires de l\u2019opposition comme de la majorit\u00e9, s\u2019est prononc\u00e9 le 4 ao\u00fbt dernier sur la loi Travail comme suite \u00e0 son adoption d\u00e9finitive. Il bride deux des rares dispositions favorables aux salari\u00e9s que sont l\u2019instauration d\u2019une instance de repr\u00e9sentation du personnel dans certains r\u00e9seaux de franchises et la mise \u00e0 disposition des locaux syndicaux par les collectivit\u00e9s territoriales.<br \/>\nIl annule par ailleurs trois cavaliers l\u00e9gislatifs en faveur eux des employeurs dont la possibilit\u00e9, pour les entreprise de moins de cinquante salari\u00e9s, de provisionner les indemnit\u00e9s en vue de litiges prud\u2019homaux. Plus encore, il ne trouve rien \u00e0 redire sur l\u2019adoption \u00e0 la hussarde de la loi suite \u00e0 l\u2019emploi \u00e0 trois reprises du 49-3 et la limitation du droit d\u2019amendement des d\u00e9put\u00e9s soumis \u00e0 une proc\u00e9dure l\u00e9gislative men\u00e9e \u00e0 marche forc\u00e9e. De m\u00eame, le Conseil, qui ne s\u2019est pas saisi d\u2019office des articles qui ne lui \u00e9taient pas d\u00e9ferr\u00e9s, ne tranche pas sur le fond du texte. Il revient d\u00e9sormais aux organisations oppos\u00e9es \u00e0 cette loi inique, qui seraient bien inspir\u00e9es de mettre sur pied une force op\u00e9rationnelle de juristes et d\u2019avocats, de d\u00e9poser des questions prioritaires de constitutionnalit\u00e9 comme les sages les invitent d\u2019ailleurs \u00e0 le faire : de quoi donner quelques sueurs froides au gouvernement qui pavoise sur une application rapide de la loi.<\/h2>\n<h1 style=\"text-align: justify;\"><span style=\"color: #808000;\"><strong>Victoire \u00e0 la Pyrrhus<\/strong><\/span><\/h1>\n<h2 style=\"text-align: justify;\"><a href=\"http:\/\/alternatifs81.fr\/wp-content\/uploads\/pi\u00e9tiner.png\" rel=\"lightbox[18653]\"><img loading=\"lazy\" decoding=\"async\" class=\"alignright wp-image-18639 size-medium\" src=\"http:\/\/alternatifs81.fr\/wp-content\/uploads\/pi\u00e9tiner-300x225.png\" alt=\"pietiner\" width=\"300\" height=\"225\" srcset=\"https:\/\/alternatifs81.fr\/wp-content\/uploads\/pi\u00e9tiner-300x225.png 300w, https:\/\/alternatifs81.fr\/wp-content\/uploads\/pi\u00e9tiner.png 615w\" sizes=\"auto, (max-width: 300px) 100vw, 300px\" \/><\/a>\u00a0 Avec sept fran\u00e7ais sur dix dont 85 % de jeunes qui restent oppos\u00e9s \u00e0 la loi, il a clairement perdu la bataille de l\u2019opinion. Pire, 55 % souhaite la reprise du mouvement \u00e0 la rentr\u00e9e ! Victime d\u2019une impopularit\u00e9 record augment\u00e9e par les nouvelles attaques terroristes de cet \u00e9t\u00e9, c\u2019est un ex\u00e9cutif \u00e0 l\u2019agonie \u2212 et un PS en phase terminale \u2212 qui pousse un certain Macron \u00e0 s\u2019\u00e9manciper. L\u2019opposition est aussi \u00e0 la peine : comment, en cas de probable alternance en 2017, imposer au corps social une th\u00e9rapie sociale de choc sans avoir \u00e0 affronter une rue prompte \u00e0 s\u2019enflammer ? Le FN, qui s\u2019est fait discret lors du conflit, se pr\u00e9pare lui \u00e0 engranger le vote des in\u00e9vitables d\u00e9\u00e7us et seul M\u00e9lenchon, \u00e0 gauche, capitalise le souffle de la r\u00e9volte.<\/h2>\n<h1 style=\"text-align: justify;\"><strong><span style=\"color: #808000;\">Des syndicats mi-figue, mi-raisin<\/span> <\/strong><\/h1>\n<h2 style=\"text-align: justify;\"><a href=\"http:\/\/alternatifs81.fr\/wp-content\/uploads\/MANIF-GENERALE.jpg\" rel=\"lightbox[18653]\"><img loading=\"lazy\" decoding=\"async\" class=\"alignleft wp-image-18366 size-medium\" src=\"http:\/\/alternatifs81.fr\/wp-content\/uploads\/MANIF-GENERALE-300x195.jpg\" alt=\"manif-generale\" width=\"300\" height=\"195\" srcset=\"https:\/\/alternatifs81.fr\/wp-content\/uploads\/MANIF-GENERALE-300x195.jpg 300w, https:\/\/alternatifs81.fr\/wp-content\/uploads\/MANIF-GENERALE.jpg 746w\" sizes=\"auto, (max-width: 300px) 100vw, 300px\" \/><\/a>\u00a0\u00a0\u00a0 A l\u2019aune du mot d\u2019ordre de retrait du texte, on peut dire qu\u2019ils ont perdu mais la CGT ne manque pas de brandir les concessions qui ont \u00e9t\u00e9 obtenus en marge du conflit tels que le maintien du r\u00e9gime des heures suppl\u00e9mentaires pour les routiers, celui du statut SNCF ou des intermittents du spectacle. De son c\u00f4t\u00e9, FO peut se vanter d\u2019avoir obtenu le maintien de la plupart des pr\u00e9rogatives des branches professionnelles et Solidaires aura r\u00e9ussi son apparition, tant dans les manifestations que sur les blocages : leur audience en sortira certainement grandie \u00e0 l\u2019occasion du scrutin TPE pr\u00e9vu en d\u00e9cembre prochain contrairement \u00e0 celle de la CFDT qui soutient la loi avec ferveur. Le patronat lui rit jaune : il a certes obtenu l\u2019inversion de la hi\u00e9rarchie des normes qui fera flores dans d\u2019autres domaines que le temps de travail \u00e0 partir du 1er janvier 2019, date pr\u00e9vue pour l\u2019entr\u00e9e en vigueur du nouveau Code du travail, mais il devra composer, par exemple, avec le mandatement syndical dans les PME.<\/h2>\n<h2 style=\"text-align: justify;\">N\u2019attendons pas la rentr\u00e9e pour pr\u00e9parer le 15 septembre, \u00a0<a href=\"http:\/\/alternatifs81.fr\/wp-content\/uploads\/arton133-378ed-2.jpg\" rel=\"lightbox[18653]\"><img loading=\"lazy\" decoding=\"async\" class=\"alignright wp-image-18656\" src=\"http:\/\/alternatifs81.fr\/wp-content\/uploads\/arton133-378ed-2.jpg\" alt=\"arton133-378ed\" width=\"225\" height=\"189\" \/><\/a> nouvelle date de mobilisation annonc\u00e9e d\u00e8s le 8 juillet dernier par l\u2019intersyndicale, en vue d\u00e9sormais de l\u2019abrogation de la loi Travail : pourquoi ne pas, comme le sugg\u00e8re Nuit Debout, rendre visite le 31 ao\u00fbt prochain \u00e0 l\u2019universit\u00e9 d\u2019\u00e9t\u00e9 du MEDEF en ayant \u00e0 l\u2019esprit ces lignes de Georges Sorel : \u00ab\u00a0Les ouvriers\u00a0 n\u2019 ont\u00a0 pas\u00a0 d\u2019argent, mais\u00a0 ils ont \u00e0 leur\u00a0 disposition\u00a0 un\u00a0 moyen d\u2019action bien plus efficace ; ils peuvent faire peur.\u00a0\u00bb<\/h2>\n<h3><strong>\u00a0Debout contre la loi travail et son monde\u00a0\u00bb : le texte complet :<\/strong> <a href=\"http:\/\/syndicollectif.fr\/wp-content\/uploads\/2016\/10\/Debout-contre-loi-Travail-LD.pdf\">Debout contre loi Travail LD<\/a><\/h3>\n<p>&nbsp;<\/p>\n<gcse:search><\/gcse:search>","protected":false},"excerpt":{"rendered":"<p>Laurent Degous\u00e9e, co-d\u00e9l\u00e9gu\u00e9 national de la f\u00e9d\u00e9ration Sud commerce et services, a publi\u00e9 une brochure de bilan des mobilisations contre la loi Travail.\u00a0 Extraits. \u00ab\u00a0Debout contre la loi travail et son monde\u00a0\u00bb : &nbsp; \u00a0[\u2026]\u00a0 VERS L\u2019\u00c9PREUVE DE FORCE \u00a0 Avec certainement plus d\u2019un million de manifestants ce 31 mars et assur\u00e9ment au moins le [&hellip;]<\/p>\n","protected":false},"author":1,"featured_media":0,"comment_status":"open","ping_status":"open","sticky":false,"template":"","format":"standard","meta":{"footnotes":""},"categories":[295],"tags":[46,23,20,140],"class_list":["post-18653","post","type-post","status-publish","format-standard","hentry","category-travail-2","tag-continuer","tag-luttes","tag-manifestations","tag-travail"],"_links":{"self":[{"href":"https:\/\/alternatifs81.fr\/index.php?rest_route=\/wp\/v2\/posts\/18653","targetHints":{"allow":["GET"]}}],"collection":[{"href":"https:\/\/alternatifs81.fr\/index.php?rest_route=\/wp\/v2\/posts"}],"about":[{"href":"https:\/\/alternatifs81.fr\/index.php?rest_route=\/wp\/v2\/types\/post"}],"author":[{"embeddable":true,"href":"https:\/\/alternatifs81.fr\/index.php?rest_route=\/wp\/v2\/users\/1"}],"replies":[{"embeddable":true,"href":"https:\/\/alternatifs81.fr\/index.php?rest_route=%2Fwp%2Fv2%2Fcomments&post=18653"}],"version-history":[{"count":0,"href":"https:\/\/alternatifs81.fr\/index.php?rest_route=\/wp\/v2\/posts\/18653\/revisions"}],"wp:attachment":[{"href":"https:\/\/alternatifs81.fr\/index.php?rest_route=%2Fwp%2Fv2%2Fmedia&parent=18653"}],"wp:term":[{"taxonomy":"category","embeddable":true,"href":"https:\/\/alternatifs81.fr\/index.php?rest_route=%2Fwp%2Fv2%2Fcategories&post=18653"},{"taxonomy":"post_tag","embeddable":true,"href":"https:\/\/alternatifs81.fr\/index.php?rest_route=%2Fwp%2Fv2%2Ftags&post=18653"}],"curies":[{"name":"wp","href":"https:\/\/api.w.org\/{rel}","templated":true}]}}