{"id":18469,"date":"2016-10-13T17:24:55","date_gmt":"2016-10-13T16:24:55","guid":{"rendered":"http:\/\/alternatifs81.fr\/?p=18469"},"modified":"2016-10-18T09:39:11","modified_gmt":"2016-10-18T08:39:11","slug":"appel-a-soutien-du-caat-dimanche-16-et-lundi-17","status":"publish","type":"post","link":"https:\/\/alternatifs81.fr\/?p=18469","title":{"rendered":"Appel \u00e0 soutien du CAAT : dimanche 16 et lundi 17"},"content":{"rendered":"<h2>http:\/\/confluences81.fr\/2016\/10\/04\/albi-migrants-et-patrimoine-de-lhumanite\/<\/h2>\n<h2><span style=\"color: #808000;\"><em><a href=\"http:\/\/alternatifs81.fr\/wp-content\/uploads\/accueillons-les-r\u00e9fugi\u00e9s-5.jpg\"  rel=\"lightbox[18469] attachment wp-att-18473\"><img loading=\"lazy\" decoding=\"async\" class=\"alignleft wp-image-18473 size-medium\" src=\"http:\/\/alternatifs81.fr\/wp-content\/uploads\/accueillons-les-r\u00e9fugi\u00e9s-5-253x300.jpg\" alt=\"accueillons-les-refugies\" width=\"253\" height=\"300\" srcset=\"https:\/\/alternatifs81.fr\/wp-content\/uploads\/accueillons-les-r\u00e9fugi\u00e9s-5-253x300.jpg 253w, https:\/\/alternatifs81.fr\/wp-content\/uploads\/accueillons-les-r\u00e9fugi\u00e9s-5-768x912.jpg 768w, https:\/\/alternatifs81.fr\/wp-content\/uploads\/accueillons-les-r\u00e9fugi\u00e9s-5.jpg 800w\" sizes=\"auto, (max-width: 253px) 100vw, 253px\" \/><\/a>\u00a0 Alternatives et Autogestion 81 soutient cet appel et invite \u00e0 \u00eatre les plus nombreux\/euses possible, ce dimanche et lundi matin. <\/em><\/span><\/h2>\n<p>&nbsp;<\/p>\n<h2 style=\"text-align: justify;\">Pour offrir un toit \u00e0 des familles\u00a0\u00a0priv\u00e9es de domicile, un collectif de personnes (Le CAAT)\u00a0 occupent depuis le 20 septembre, les anciens b\u00e2timents de ERDF, laiss\u00e9s vacants depuis 4 ans, au 18 rue Lavazi\u00e8re \u00e0 ALBI<\/h2>\n<h2 style=\"text-align: justify;\">Lundi 17 octobre,\u00a0le tribunal d&rsquo;Albi d\u00e9cidera\u00a0si les occupants doivent \u00e9vacuer les lieux avant l&rsquo;hiver, ce qui renverrait \u00e0 la rue une quinzaine de personnes.<\/h2>\n<h2 style=\"text-align: justify;\">Afin de soutenir le\u00a0CAAT, nous vous invitons \u00e0 une\u00a0journ\u00e9e festive\u00a0le\u00a0Dimanche 16 octobre\u00a0avec au programme :<\/h2>\n<h2 style=\"text-align: justify;\"><b><em>\u00a0&#8211; 13 h<\/em><\/b><b><em>\u00a0<\/em><\/b><em>\u00a0Auberge occitane (chacun-e am\u00e8ne \u00e0 boire et\/ou \u00e0 manger\u00a0\u00a0 <a href=\"http:\/\/alternatifs81.fr\/wp-content\/uploads\/arton474-99663.jpg\"  rel=\"lightbox[18469] attachment wp-att-17555\"><img loading=\"lazy\" decoding=\"async\" class=\"alignright wp-image-17555\" src=\"http:\/\/alternatifs81.fr\/wp-content\/uploads\/arton474-99663.jpg\" alt=\"arton474-99663\" width=\"250\" height=\"285\" \/><\/a>pour un repas partag\u00e9)<\/em><\/h2>\n<h2 style=\"text-align: justify;\"><b><em>\u00a0&#8211; 14 h\/16 h<\/em><\/b><em>\u00a0\u00a0Divers ateliers<\/em><em>\u00a0\u00a0\u00a0 (Cirque, po\u00e9sie, clown \u2026)<\/em><\/h2>\n<h2 style=\"text-align: justify;\"><b><em>\u00a0&#8211; 16 h<\/em><\/b><em>\u00a0\u00a0Sc\u00e8ne ouverte<\/em><\/h2>\n<h2 style=\"text-align: justify;\"><em>\u00e7a se passera au CAAT, 18 rue Lavazi\u00e8re \u00e0 Albi.<\/em><\/h2>\n<h1 style=\"text-align: justify;\"><em><br \/>\n<\/em> <span style=\"color: #808000;\">Et lundi 17 octobre \u00e0 9h, nous appelons \u00e0 un rassemblement de soutien devant le tribunal d&rsquo;Albi.<\/span><\/h1>\n<h2 style=\"text-align: justify;\">Merci d&rsquo;avance.<\/h2>\n<h2 style=\"text-align: justify;\">N&rsquo;h\u00e9sitez-pas \u00e0 faire circuler l&rsquo;info.<\/h2>\n<h2 style=\"text-align: justify;\"><\/h2>\n<h2 style=\"text-align: justify;\"><em><span style=\"color: #0000ff;\">B\u00e9reng\u00e8re.<\/span><\/em><\/h2>\n<p><!--more--><\/p>\n<blockquote class=\"wp-embedded-content\" data-secret=\"AwIamWeK7O\"><p><a href=\"https:\/\/alternatifs81.fr\/?p=18406\">Albi : migrants et patrimoine de l\u2019humanit\u00e9 : Chacun cherche son CAAT[1]<\/a><\/p><\/blockquote>\n<p><iframe loading=\"lazy\" class=\"wp-embedded-content\" sandbox=\"allow-scripts\" security=\"restricted\" style=\"position: absolute; clip: rect(1px, 1px, 1px, 1px);\" title=\"\u00ab\u00a0Albi : migrants et patrimoine de l\u2019humanit\u00e9 : Chacun cherche son CAAT[1]\u00a0\u00bb &#8212; Alternatives et autogestion dans le Tarn et l&#039;Aveyron\" src=\"https:\/\/alternatifs81.fr\/?p=18406&#038;embed=true#?secret=dbWTD28rQY#?secret=AwIamWeK7O\" data-secret=\"AwIamWeK7O\" width=\"500\" height=\"282\" frameborder=\"0\" marginwidth=\"0\" marginheight=\"0\" scrolling=\"no\"><\/iframe><\/p>\n<gcse:search><\/gcse:search>","protected":false},"excerpt":{"rendered":"<p>http:\/\/confluences81.fr\/2016\/10\/04\/albi-migrants-et-patrimoine-de-lhumanite\/ \u00a0 Alternatives et Autogestion 81 soutient cet appel et invite \u00e0 \u00eatre les plus nombreux\/euses possible, ce dimanche et lundi matin. &nbsp; Pour offrir un toit \u00e0 des familles\u00a0\u00a0priv\u00e9es de domicile, un collectif de personnes (Le CAAT)\u00a0 occupent depuis le 20 septembre, les anciens b\u00e2timents de ERDF, laiss\u00e9s vacants depuis 4 ans, au 18 [&hellip;]<\/p>\n","protected":false},"author":1,"featured_media":0,"comment_status":"open","ping_status":"open","sticky":false,"template":"","format":"standard","meta":{"footnotes":""},"categories":[217],"tags":[78,103,117,23],"class_list":["post-18469","post","type-post","status-publish","format-standard","hentry","category-libertes","tag-accueil-des-etrangers","tag-demarche-citoyenne","tag-democratie","tag-luttes"],"_links":{"self":[{"href":"https:\/\/alternatifs81.fr\/index.php?rest_route=\/wp\/v2\/posts\/18469","targetHints":{"allow":["GET"]}}],"collection":[{"href":"https:\/\/alternatifs81.fr\/index.php?rest_route=\/wp\/v2\/posts"}],"about":[{"href":"https:\/\/alternatifs81.fr\/index.php?rest_route=\/wp\/v2\/types\/post"}],"author":[{"embeddable":true,"href":"https:\/\/alternatifs81.fr\/index.php?rest_route=\/wp\/v2\/users\/1"}],"replies":[{"embeddable":true,"href":"https:\/\/alternatifs81.fr\/index.php?rest_route=%2Fwp%2Fv2%2Fcomments&post=18469"}],"version-history":[{"count":0,"href":"https:\/\/alternatifs81.fr\/index.php?rest_route=\/wp\/v2\/posts\/18469\/revisions"}],"wp:attachment":[{"href":"https:\/\/alternatifs81.fr\/index.php?rest_route=%2Fwp%2Fv2%2Fmedia&parent=18469"}],"wp:term":[{"taxonomy":"category","embeddable":true,"href":"https:\/\/alternatifs81.fr\/index.php?rest_route=%2Fwp%2Fv2%2Fcategories&post=18469"},{"taxonomy":"post_tag","embeddable":true,"href":"https:\/\/alternatifs81.fr\/index.php?rest_route=%2Fwp%2Fv2%2Ftags&post=18469"}],"curies":[{"name":"wp","href":"https:\/\/api.w.org\/{rel}","templated":true}]}}