{"id":18451,"date":"2016-10-12T14:23:56","date_gmt":"2016-10-12T13:23:56","guid":{"rendered":"http:\/\/alternatifs81.fr\/?p=18451"},"modified":"2016-10-16T00:13:00","modified_gmt":"2016-10-15T23:13:00","slug":"stop-aux-accords-de-libre-echange-tafta-et-ceta-journee-de-lutte-contre-monsanto-samedi-15-octobre","status":"publish","type":"post","link":"https:\/\/alternatifs81.fr\/?p=18451","title":{"rendered":"Stop aux accords de libre-\u00e9change (TAFTA et CETA) + Journ\u00e9e de lutte contre MONSANTO   samedi 15 octobre"},"content":{"rendered":"<div class=\"separator\"><\/div>\n<h2 class=\"post-body entry-content\" style=\"text-align: justify;\"><b><a href=\"http:\/\/alternatifs81.fr\/wp-content\/uploads\/09b600d634493b0d7b30e79d940343087b8fa8f1-1.png\"  rel=\"lightbox[18451] attachment wp-att-18347\"><img loading=\"lazy\" decoding=\"async\" class=\"alignleft wp-image-18347 size-full\" src=\"http:\/\/alternatifs81.fr\/wp-content\/uploads\/09b600d634493b0d7b30e79d940343087b8fa8f1-1.png\" alt=\"09b600d634493b0d7b30e79d940343087b8fa8f1\" width=\"283\" height=\"283\" srcset=\"https:\/\/alternatifs81.fr\/wp-content\/uploads\/09b600d634493b0d7b30e79d940343087b8fa8f1-1.png 283w, https:\/\/alternatifs81.fr\/wp-content\/uploads\/09b600d634493b0d7b30e79d940343087b8fa8f1-1-150x150.png 150w\" sizes=\"auto, (max-width: 283px) 100vw, 283px\" \/><\/a>\u00a0\u00a0 Moins m\u00e9diatis\u00e9 que le TAFTA, l&rsquo;accord de libre-\u00e9change entre l&rsquo;Union Europ\u00e9enne et les USA, le CETA ( accord UE-Canada) est sur le point d&rsquo;\u00eatre d\u00e9finitivement sign\u00e9 au nom des 28 membres de l&rsquo;UE.\u00a0<\/b><\/h2>\n<h2 style=\"text-align: justify;\"><b>Les d\u00e9clarations de l&rsquo;Allemagne puis de la France qui assuraient que les n\u00e9gociations sur le TAFTA \u00e9taient au point mort, sont clairement une strat\u00e9gie pour mieux adopter le CETA, qui n&rsquo;est qu&rsquo;un \u00ab\u00a0clone\u00a0\u00bb du TAFTA, et qui doit \u00eatre ratifi\u00e9 par le Conseil des ministres europ\u00e9ens le 18 Octobre.\u00a0<\/b><\/h2>\n<h2 style=\"text-align: justify;\"><b>En r\u00e9alit\u00e9, les n\u00e9gociations TAFTA ne sont pas arr\u00eat\u00e9es mais marquent seulement une pause, certainement en attendant la fin des \u00e9ch\u00e9ances \u00e9lectorales, des 2 c\u00f4t\u00e9s de l&rsquo;Atlantique.<br \/>\n<\/b><\/h2>\n<p><!--more--><\/p>\n<h2 style=\"text-align: justify;\"><b>TAFTA et CETA, qui sont des fr\u00e8res jumeaux, constituent de \u00a0\u00a0<a href=\"http:\/\/alternatifs81.fr\/wp-content\/uploads\/1282-2-81d7a.jpg\"  rel=\"lightbox[18451] attachment wp-att-18349\"><img loading=\"lazy\" decoding=\"async\" class=\"alignright wp-image-18349\" src=\"http:\/\/alternatifs81.fr\/wp-content\/uploads\/1282-2-81d7a.jpg\" alt=\"1282-2-81d7a\" width=\"250\" height=\"252\" \/><\/a> nouvelles armes offertes par les Etats aux multinationales! Si ces accords sont ratifi\u00e9s, ils seront synonymes pour toutes et tous, salari\u00e9-es, citoyen-nes du Vieux continent comme du Nouveau monde :\u00a0<\/b><\/h2>\n<h2 style=\"text-align: justify;\"><b>\u00a0&#8211; d&rsquo;abaissement des normes et lois qui prot\u00e8gent la sant\u00e9 publique, le droit du travail ( d\u00e9j\u00e0 passablement \u00e9corn\u00e9), les consommateurs et l&rsquo;environnement, car elles sont consid\u00e9r\u00e9es comme des \u00a0\u00bb obstacles au commerce\u00a0\u00bb. Ce sera la fin du principe de pr\u00e9caution.\u00a0<\/b><\/h2>\n<h2 style=\"text-align: justify;\"><b>\u00a0&#8211; d&rsquo;abaissement des barri\u00e8res tarifaires agricoles, ce qui au final imposera le mod\u00e8le agricole am\u00e9ricain ( qui autorise les OGM, les intrants chimiques, hormones&#8230;) remettant en cause la souverainet\u00e9 alimentaire.\u00a0<\/b><\/h2>\n<h2 style=\"text-align: justify;\"><b>&#8211; de remise en cause des services publics : par le biais des tribunaux sp\u00e9ciaux cr\u00e9\u00e9s suite \u00e0 ces accords, les multinationales pourront attaquer les Etats pour des lois et r\u00e8glementations prot\u00e9geant la sant\u00e9 publique, l&rsquo;environnement et le droit du travail, qui constitueraient pour ces multinationales une concurrence d\u00e9loyale !\u00a0<\/b><\/h2>\n<h2 style=\"text-align: justify;\"><b><a href=\"http:\/\/alternatifs81.fr\/wp-content\/uploads\/taftaassiette-1.jpg\"  rel=\"lightbox[18451] attachment wp-att-18462\"><img loading=\"lazy\" decoding=\"async\" class=\"alignleft wp-image-18462 size-medium\" src=\"http:\/\/alternatifs81.fr\/wp-content\/uploads\/taftaassiette-1-300x194.jpg\" alt=\"taftaassiette\" width=\"300\" height=\"194\" srcset=\"https:\/\/alternatifs81.fr\/wp-content\/uploads\/taftaassiette-1-300x194.jpg 300w, https:\/\/alternatifs81.fr\/wp-content\/uploads\/taftaassiette-1-768x497.jpg 768w, https:\/\/alternatifs81.fr\/wp-content\/uploads\/taftaassiette-1.jpg 781w\" sizes=\"auto, (max-width: 300px) 100vw, 300px\" \/><\/a>Ainsi, les int\u00e9r\u00eats lucratifs particuliers supplanteront de droit l&rsquo;int\u00e9r\u00eat g\u00e9n\u00e9ral. C&rsquo;est encore une attaque en r\u00e8gle contre la d\u00e9mocratie!\u00a0<\/b><\/h2>\n<h2 style=\"text-align: justify;\"><b>Avec le CETA comme avec le TAFTA, il sera impossible de mettre en oeuvre une r\u00e9elle politique au service de l&rsquo;int\u00e9r\u00eat g\u00e9n\u00e9ral, du plus grand nombre et pour r\u00e9pondre \u00e0 la crise climatique!\u00a0<\/b><\/h2>\n<h2 style=\"text-align: justify;\"><b>Nous pouvons, nous devons emp\u00eacher leur ratification !\u00a0<\/b><\/h2>\n<h2 style=\"text-align: justify;\"><b>Le 17 septembre, plus de 300000 personnes d\u00e9filaient en Allemagne contre l&rsquo;adoption de ces trait\u00e9s de libre \u00e9change, TAFTA et CETA; \u00e0 Bruxelles, ils-elles \u00e9taient plus de 15000 le 20 septembre.\u00a0<\/b><\/h2>\n<h2 style=\"text-align: justify;\"><b>Ces mobilisations font suite \u00e0 celles d\u00e9j\u00e0 importantes qui ont eu<a href=\"http:\/\/alternatifs81.fr\/wp-content\/uploads\/tafta-ceta.png\"  rel=\"lightbox[18451] attachment wp-att-18455\"><img loading=\"lazy\" decoding=\"async\" class=\"alignright wp-image-18455\" src=\"http:\/\/alternatifs81.fr\/wp-content\/uploads\/tafta-ceta-141x150.png\" alt=\"tafta-ceta\" width=\"250\" height=\"355\" \/><\/a> lieu depuis le d\u00e9but des n\u00e9gociations secr\u00e8tes de TAFTA en 2013. Il y a d\u00e9j\u00e0 2000 collectivit\u00e9s qui se sont d\u00e9clar\u00e9es \u00a0\u00bb Hors TAFTA-CETA\u00a0\u00bb en Europe! <\/b><\/h2>\n<h2 class=\"post-body entry-content\" style=\"text-align: justify;\"><b>En France, une journ\u00e9e nationale de mobilisation est organis\u00e9e le samedi 15 octobre, par la coordination des collectifs Stop TAFTA-CETA.\u00a0<\/b><\/h2>\n<h1 style=\"text-align: center;\"><em><span style=\"color: #0000ff;\"><strong>A Toulouse \u00a0\u00e0 partir\u00a0 de 15h\u00a0<\/strong><\/span><\/em><\/h1>\n<h1 style=\"text-align: center;\"><em><span style=\"color: #0000ff;\"><strong>Square du G\u00e9n\u00e9ral de Gaulle,<\/strong><\/span><\/em><\/h1>\n<h1 style=\"text-align: center;\"><em><span style=\"color: #0000ff;\"><strong>M\u00e9tro Capitole<\/strong><\/span><\/em><\/h1>\n<p>&nbsp;<\/p>\n<h1 style=\"text-align: center;\"><span style=\"color: #808000;\"><strong>Appel \u00e0 mobilisations locales<\/strong><\/span><\/h1>\n<h2 style=\"text-align: justify;\"><strong>\u00a0<\/strong><\/h2>\n<h2 style=\"text-align: justify;\"><strong>\u00a0<a href=\"http:\/\/alternatifs81.fr\/wp-content\/uploads\/Monsanto_TOMATE.jpg\"  rel=\"lightbox[18451] attachment wp-att-18457\"><img loading=\"lazy\" decoding=\"async\" class=\"alignleft wp-image-18457 size-medium\" src=\"http:\/\/alternatifs81.fr\/wp-content\/uploads\/Monsanto_TOMATE-300x268.jpg\" alt=\"monsanto_tomate\" width=\"300\" height=\"268\" srcset=\"https:\/\/alternatifs81.fr\/wp-content\/uploads\/Monsanto_TOMATE-300x268.jpg 300w, https:\/\/alternatifs81.fr\/wp-content\/uploads\/Monsanto_TOMATE.jpg 325w\" sizes=\"auto, (max-width: 300px) 100vw, 300px\" \/><\/a>\u00a0\u00a0 de tous les citoyens, organisations, associations, collectifs, et mouvements informels contre les Accords de Libres Echanges et pour le Tribunal Monsanto \u00e0 La Haye.<\/strong><\/h2>\n<h2 style=\"text-align: justify;\"><\/h2>\n<h2 style=\"text-align: justify;\">\u00a0Il se trouve que le moment fort de ces deux mouvements \u00e0 lieu en m\u00eame temps\u00a0: grande marche et actions \u00e0 Paris le 15 octobre et proc\u00e8s Monsanto \u00e0 La Haye les 14-15-16 octobre.<\/h2>\n<h2 style=\"text-align: justify;\"><\/h2>\n<h2 style=\"text-align: justify;\"><strong><u>ALE\u00a0:<\/u><\/strong> on veut nous faire croire que le TAFTA, c\u2019est fini\u00a0! Il n\u2019en n\u2019est rien et les n\u00e9gociations se poursuivent. Par contre, le 18 octobre doit \u00eatre vot\u00e9 l\u2019accord avec le Canada le CETA, qui est exactement le m\u00eame objet et qui, gr\u00e2ce \u00e0 l\u2019ALENA (trait\u00e9 intra am\u00e9ricain) donnerait les m\u00eames \u00ab\u00a0avantages\u00a0\u00bb aux USA et mettrait \u00e0 bas les normes sanitaires, environnementales et sociales.<\/h2>\n<h2 style=\"text-align: justify;\"><\/h2>\n<h1 style=\"text-align: justify;\"><span style=\"color: #808000;\"><em><strong>Il est urgent de dissuader le gouvernement de voter cet accord.<\/strong><\/em><\/span><\/h1>\n<h2 style=\"text-align: justify;\"><\/h2>\n<h2 style=\"text-align: justify;\"><strong><u>Le Tribunal Monsanto<\/u><\/strong> est une mobilisation internationale de la \u00a0\u00a0 <a href=\"http:\/\/alternatifs81.fr\/wp-content\/uploads\/tribunal-Monsanto-2.jpg\"  rel=\"lightbox[18451] attachment wp-att-18460\"><img loading=\"lazy\" decoding=\"async\" class=\"alignright wp-image-18460 size-medium\" src=\"http:\/\/alternatifs81.fr\/wp-content\/uploads\/tribunal-Monsanto-2-300x80.jpg\" alt=\"tribunal-monsanto\" width=\"300\" height=\"80\" srcset=\"https:\/\/alternatifs81.fr\/wp-content\/uploads\/tribunal-Monsanto-2-300x80.jpg 300w, https:\/\/alternatifs81.fr\/wp-content\/uploads\/tribunal-Monsanto-2-768x206.jpg 768w, https:\/\/alternatifs81.fr\/wp-content\/uploads\/tribunal-Monsanto-2.jpg 960w\" sizes=\"auto, (max-width: 300px) 100vw, 300px\" \/><\/a>soci\u00e9t\u00e9 civile pour juger Monsanto pour violations des droits humains, pour crimes contre l\u2018humanit\u00e9 et pour \u00e9cocide. D\u2019\u00e9minents juges entendront des t\u00e9moignages de victimes et livreront une opinion juridique suivant les proc\u00e9dures de la Cour Internationale de Justice. Une Assembl\u00e9e des Peuples se tiendra en parall\u00e8le afin de rallier les mouvements sociaux et de planifier ensemble le futur que nous souhaitons. Le Tribunal Monsanto et l\u2019Assembl\u00e9e des Peuples se tiendront du 14 au 16 octobre 2016 \u00e0 La Haye, aux Pays-Bas.<\/h2>\n<h2 style=\"text-align: justify;\"><\/h2>\n<h2 style=\"text-align: justify;\">Les deux causes ont \u00e9videmment des liens \u00e9troits\u00a0: les ALE sont au service des multinationales.<\/h2>\n<h2 style=\"text-align: justify;\"><\/h2>\n<h2 style=\"text-align: justify;\"><strong><u>Propositions\u00a0:<\/u><\/strong><\/h2>\n<h2 style=\"text-align: justify;\"><\/h2>\n<ul style=\"text-align: justify;\">\n<li>\n<h2>Signer les p\u00e9titions (site STOP TAFTA \u2026)\u00a0\u00a0\u00a0\u00a0 <a href=\"http:\/\/alternatifs81.fr\/wp-content\/uploads\/OGM-1-3.jpg\"  rel=\"lightbox[18451] attachment wp-att-18459\"><img loading=\"lazy\" decoding=\"async\" class=\"alignright wp-image-18459 size-medium\" src=\"http:\/\/alternatifs81.fr\/wp-content\/uploads\/OGM-1-3-291x300.jpg\" alt=\"ogm-1\" width=\"291\" height=\"300\" srcset=\"https:\/\/alternatifs81.fr\/wp-content\/uploads\/OGM-1-3-291x300.jpg 291w, https:\/\/alternatifs81.fr\/wp-content\/uploads\/OGM-1-3-768x792.jpg 768w, https:\/\/alternatifs81.fr\/wp-content\/uploads\/OGM-1-3.jpg 800w\" sizes=\"auto, (max-width: 291px) 100vw, 291px\" \/><\/a><\/h2>\n<\/li>\n<li>\n<h2>Que tous ceux qui le peuvent participent \u00e0 la journ\u00e9e du 15 \u00e0 Paris ou au voyage \u00e0 La Haye, en car au d\u00e9part de Toulouse.<\/h2>\n<\/li>\n<li>\n<h2>Secouer par tous les moyens le gouvernement et les parlementaires pour qu\u2019ils sachent qu\u2019on est attentifs \u00e0 leur vote.<\/h2>\n<\/li>\n<li>\n<h2><strong>Participer aux actions qui seront propos\u00e9es autour du 15 octobre dans les villes et les r\u00e9gions.<\/strong><\/h2>\n<\/li>\n<\/ul>\n<h2 style=\"text-align: justify;\"><strong>\u00a0<\/strong><\/h2>\n<h2 style=\"text-align: justify;\"><strong>Grand sud\u00a0:<\/strong> venez nombreux, apr\u00e8s vos actions locales, pique-niquer devant l\u2019entr\u00e9e des camions de l\u2019usine <strong> MONSANTO de Tr\u00e8bes<\/strong> (Aude) le<\/h2>\n<h2 style=\"text-align: justify;\"><\/h2>\n<h1 style=\"text-align: center;\"><span style=\"color: #808000;\"><strong>samedi 15 octobre, \u00e0 partir de 13 h15.<\/strong><\/span><\/h1>\n<h2 style=\"text-align: justify;\"><strong>\u00a0<\/strong><\/h2>\n<h2 style=\"text-align: justify;\"><strong><em>Mise en accusation de MONSANTO (et de son nouveau conjoint BAYER). Venez avec vos d\u00e9guisements, robe de magistrat, d\u2019avocat, combinaison blanche. Un sketch de parodie de proc\u00e8s serait le bienvenu. On d\u00e9noncera aussi le CETA, bien s\u00fbr\u00a0!<\/em><\/strong><\/h2>\n<h2 style=\"text-align: justify;\"><strong><em>\u00a0<\/em><\/strong><\/h2>\n<h2 style=\"text-align: justify;\"><strong><em>Contacts\u00a0: <span style=\"color: #0000ff;\">Alain H\u00e9brard\u00a0: 09 75 91 81 67 et (si vous avez de la chance) 06 83 90 53 33<\/span><br \/>\n<\/em><\/strong><\/h2>\n<h2 style=\"text-align: justify;\"><span style=\"color: #0000ff;\"><strong><em>Michel David\u00a0: 06 30 87 21 13<\/em><\/strong><\/span><\/h2>\n<gcse:search><\/gcse:search>","protected":false},"excerpt":{"rendered":"<p>\u00a0\u00a0 Moins m\u00e9diatis\u00e9 que le TAFTA, l&rsquo;accord de libre-\u00e9change entre l&rsquo;Union Europ\u00e9enne et les USA, le CETA ( accord UE-Canada) est sur le point d&rsquo;\u00eatre d\u00e9finitivement sign\u00e9 au nom des 28 membres de l&rsquo;UE.\u00a0 Les d\u00e9clarations de l&rsquo;Allemagne puis de la France qui assuraient que les n\u00e9gociations sur le TAFTA \u00e9taient au point mort, sont [&hellip;]<\/p>\n","protected":false},"author":1,"featured_media":0,"comment_status":"open","ping_status":"open","sticky":false,"template":"","format":"standard","meta":{"footnotes":""},"categories":[154,1,232],"tags":[401,43,103,117,16,23,20,359],"class_list":["post-18451","post","type-post","status-publish","format-standard","hentry","category-agriculture","category-non-classe","category-notre-economie-et-la-leur","tag-agriculture","tag-appel","tag-demarche-citoyenne","tag-democratie","tag-economie","tag-luttes","tag-manifestations","tag-tafta"],"_links":{"self":[{"href":"https:\/\/alternatifs81.fr\/index.php?rest_route=\/wp\/v2\/posts\/18451","targetHints":{"allow":["GET"]}}],"collection":[{"href":"https:\/\/alternatifs81.fr\/index.php?rest_route=\/wp\/v2\/posts"}],"about":[{"href":"https:\/\/alternatifs81.fr\/index.php?rest_route=\/wp\/v2\/types\/post"}],"author":[{"embeddable":true,"href":"https:\/\/alternatifs81.fr\/index.php?rest_route=\/wp\/v2\/users\/1"}],"replies":[{"embeddable":true,"href":"https:\/\/alternatifs81.fr\/index.php?rest_route=%2Fwp%2Fv2%2Fcomments&post=18451"}],"version-history":[{"count":0,"href":"https:\/\/alternatifs81.fr\/index.php?rest_route=\/wp\/v2\/posts\/18451\/revisions"}],"wp:attachment":[{"href":"https:\/\/alternatifs81.fr\/index.php?rest_route=%2Fwp%2Fv2%2Fmedia&parent=18451"}],"wp:term":[{"taxonomy":"category","embeddable":true,"href":"https:\/\/alternatifs81.fr\/index.php?rest_route=%2Fwp%2Fv2%2Fcategories&post=18451"},{"taxonomy":"post_tag","embeddable":true,"href":"https:\/\/alternatifs81.fr\/index.php?rest_route=%2Fwp%2Fv2%2Ftags&post=18451"}],"curies":[{"name":"wp","href":"https:\/\/api.w.org\/{rel}","templated":true}]}}