{"id":18406,"date":"2016-10-05T13:52:40","date_gmt":"2016-10-05T12:52:40","guid":{"rendered":"http:\/\/alternatifs81.fr\/?p=18406"},"modified":"2016-11-25T00:29:19","modified_gmt":"2016-11-24T23:29:19","slug":"albi-migrants-et-patrimoine-de-lhumanite-chacun-cherche-son-caat1","status":"publish","type":"post","link":"https:\/\/alternatifs81.fr\/?p=18406","title":{"rendered":"Albi : migrants et patrimoine de l\u2019humanit\u00e9 : Chacun cherche son CAAT[1]"},"content":{"rendered":"<header class=\"entry-header\">\n<h1 class=\"entry-meta\" style=\"text-align: center;\"><span style=\"text-decoration: underline;\"><span style=\"color: #008000;\"><strong><a style=\"color: #008000; text-decoration: underline;\" href=\"http:\/\/confluences81.fr\/2016\/10\/04\/albi-migrants-et-patrimoine-de-lhumanite\/#_ftn1\" name=\"_ftnref1\">Chacun cherche son CAAT[1]<\/a><\/strong><\/span><\/span><\/h1>\n<\/header>\n<ol>\n<li>\n<h1><span style=\"color: #808000;\">Albi, un patrimoine de l\u2019humanit\u00e9 sans humanit\u00e9\u00a0?<\/span><\/h1>\n<\/li>\n<\/ol>\n<h2 style=\"text-align: justify;\"><a href=\"http:\/\/alternatifs81.fr\/wp-content\/uploads\/mission_02-1.png\"  rel=\"lightbox[18406] attachment wp-att-18412\"><img loading=\"lazy\" decoding=\"async\" class=\"alignleft wp-image-18412 size-full\" src=\"http:\/\/alternatifs81.fr\/wp-content\/uploads\/mission_02-1.png\" alt=\"mission_02\" width=\"280\" height=\"287\" \/><\/a>Ao\u00fbt 2016, Albi\u00a0: deux familles de migrants (13 personnes au total, dont 6 enfants de 13 ans \u00e0 1 an) \u00e0 la rue dans la parfaite indiff\u00e9rence des pouvoirs publics, qu\u2019il s\u2019agisse de la mairie ou de la pr\u00e9fecture. Pas parfaitement parfaite l\u2019indiff\u00e9rence cependant\u00a0: ces personnes \u00e0 la rue seront suffisamment g\u00eanantes dans la touristique cit\u00e9 albigeoise pour attirer l\u2019attention des agents de police. Ces derniers, pour faire place nette, retireront aux familles leurs toiles de tente, seul abri dont elles disposaient. La pr\u00e9carit\u00e9 de ces campements ne saurait s\u2019harmoniser avec la richesse du patrimoine de l\u2019humanit\u00e9 qu\u2019abrite Albi. On ne peut pas s\u2019occuper et de l\u2019humanit\u00e9 et de son patrimoine, il faut choisir\u00a0: l\u2019un am\u00e8ne plus de touristes que l\u2019autre.<span id=\"more-3238\"><\/span><\/h2>\n<h2 style=\"text-align: justify;\">Il faudra l\u2019occupation de ce patrimoine, \u00e0 savoir la cath\u00e9drale, la s\u00e9questration des militants dans cette cath\u00e9drale par l\u2019archipr\u00eatre qui jure, pourtant, que c\u2019est lui qui est pris en otage, l\u2019intervention de l\u2019\u00e9v\u00eaque aupr\u00e8s de la pr\u00e9fecture pour que cette derni\u00e8re daigne enfin pr\u00eater attention \u00e0 ces familles sans logis, membres de cette humanit\u00e9 dont le patrimoine a \u00e9t\u00e9 investi.<\/h2>\n<p><!--more--><\/p>\n<h2 style=\"text-align: justify;\">Quant \u00e0 dire que cette attention t\u00e9moigne d\u2019une marque d\u2019humanit\u00e9 de la part de la pr\u00e9fecture, il y a un pas que je ne franchirai pas. Ce \u00e0 quoi finit par consentir la pr\u00e9fecture c\u2019est \u00e0 deux nuits d\u2019h\u00f4tel\u2026 Certes, apr\u00e8s \u00a0\u00a0<a href=\"http:\/\/alternatifs81.fr\/wp-content\/uploads\/accueillir-40-millions.jpeg\"  rel=\"lightbox[18406] attachment wp-att-18403\"><img loading=\"lazy\" decoding=\"async\" class=\"alignright wp-image-18403 size-medium\" src=\"http:\/\/alternatifs81.fr\/wp-content\/uploads\/accueillir-40-millions-225x300.jpeg\" alt=\"accueillir-40-millions\" width=\"225\" height=\"300\" srcset=\"https:\/\/alternatifs81.fr\/wp-content\/uploads\/accueillir-40-millions-225x300.jpeg 225w, https:\/\/alternatifs81.fr\/wp-content\/uploads\/accueillir-40-millions-768x1024.jpeg 768w\" sizes=\"auto, (max-width: 225px) 100vw, 225px\" \/><\/a> un\u00a0 rendez-vous \u00e0 la pr\u00e9fecture, obtenu de haute lutte par les militants de RESF, les agents de la pr\u00e9fecture reconduiront ces nuits, mais le feront de jour en jour (d\u2019un jour sur l\u2019autre les familles ne savent pas si elles auront un h\u00e9bergement pour la nuit) et en \u00e9parpillant les familles dans tout le Tarn, de Sa\u00efx \u00e0 Lacaune en passant par R\u00e9almont, sans leur donner les moyens pratiques ni financiers de se ravitailler\u2026<\/h2>\n<h2 style=\"text-align: justify;\">Cet \u00e9pisode aussi rocambolesque et cocasse qu\u2019affligeant et \u00e9prouvant pour celles et ceux qui l\u2019ont v\u00e9cu m\u00e9riterait \u00e0 lui seul un article. Mais passons, parce que pendant ce temps, d\u2019autres familles sont elles aussi jet\u00e9es \u00e0 la rue. En fait, elles le sont d\u00e9j\u00e0\u2026 Pour l\u2019un d\u2019entre elles, c\u2019est un copain du r\u00e9seau qui l\u2019h\u00e9bergeait, la pr\u00e9fecture refusant d\u2019apporter une solution (malgr\u00e9 une autre occupation, une maison de quartier cette fois, moins prestigieux, moins efficace), mais ce logement solidaire, que l\u2019on savait provisoire, prend fin\u00a0; le 115 n\u2019a pas place, la CAF \u2013 qui permettrait d\u2019obtenir l\u2019aide au logement \u00e0 laquelle cette famille a droit \u2013 fait tra\u00eener le dossier depuis juin. Ce qui s\u2019offre \u00e0 cette famille de trois enfants de 12 ans \u00e0 1 an\u00a0: la rue. A Albi riche de son patrimoine, l\u2019humanit\u00e9 se pr\u00e9carise\u00a0: logement pr\u00e9caire, situation administrative pr\u00e9caire, existence pr\u00e9caire, humanit\u00e9 pr\u00e9caire. La pr\u00e9carit\u00e9, comme loi de la soci\u00e9t\u00e9 dans laquelle nous vivons.<\/h2>\n<ol style=\"text-align: justify;\" start=\"2\">\n<li>\n<h1><span style=\"color: #808000;\">La loi\u00a0: la faire appliquer, en pointer les insuffisances<\/span><\/h1>\n<\/li>\n<\/ol>\n<h2 style=\"text-align: justify;\"><a href=\"http:\/\/alternatifs81.fr\/wp-content\/uploads\/logo3.jpg\"  rel=\"lightbox[18406] attachment wp-att-18415\"><img loading=\"lazy\" decoding=\"async\" class=\"alignleft wp-image-18415 size-full\" src=\"http:\/\/alternatifs81.fr\/wp-content\/uploads\/logo3.jpg\" alt=\"logo3\" width=\"122\" height=\"78\" \/><\/a>\u00a0 A Albi, c\u2019est principalement RESF qui accompagne les familles de migrants dans leurs d\u00e9marches administratives et juridiques, du moins quand le lien peut se faire entre ces familles et le r\u00e9seau. RESF se fixe comme objectif, d\u00e9j\u00e0 lourd, ces d\u00e9marches administratives et juridiques et, en principe, ne prend pas en charge la question du logement. Une association, <em>\u00ab\u00a0Pas sans toit\u00a081\u00a0\u00bb<\/em>, s\u2019est r\u00e9cemment cr\u00e9\u00e9e pour s\u2019en occuper. Mais elle ne suffit pas \u00e0 cette t\u00e2che sisyph\u00e9enne\u2026 La barri\u00e8re de la langue s\u2019ajoutant aux barri\u00e8res administratives et juridiques qui se dressent devant les migrants le travail d\u2019accompagnement que fournit RESF est indispensable. Mais accomplir ces d\u00e9marches pendant que les personnes sont \u00e0 la rue s\u2019av\u00e8re sinon vain, du moins quelque peu d\u00e9risoire. C\u2019est pourquoi RESF se casse r\u00e9guli\u00e8rement la t\u00eate et les dents pour tenter de trouver de quoi h\u00e9berger ces migrants que la pr\u00e9fecture laisse \u00e0 la rue, faute de place disent-ils.<\/h2>\n<h2 style=\"text-align: justify;\">Les migrants, qu\u2019ils soient ou non en situation r\u00e9guli\u00e8re, ne sont pas les seuls \u00e0 se heurter \u00e0 la question du logement. Dans notre soci\u00e9t\u00e9 d\u2019abondance, les SDF abondent aussi. De mani\u00e8re inqui\u00e9tante. Une r\u00e9cente \u00e9tude de l\u2019INSEE r\u00e9v\u00e8le qu\u2019un SDF sur 10 a suivi un cursus universitaire et que 10\u00a0% sont titulaires d\u2019un dipl\u00f4me. Migrants et pr\u00e9caires semblent se rejoindre pour former une m\u00eame communaut\u00e9. C\u2019est peut-\u00eatre par la pr\u00e9carit\u00e9 de leur situation que les migrants s\u2019int\u00e8grent le mieux \u00e0 notre soci\u00e9t\u00e9, et c\u2019est regrettable, pour ne pas dire scandaleux.<\/h2>\n<h2 style=\"text-align: justify;\">Pourtant l\u2019acc\u00e8s \u00e0 un logement est un droit, c\u2019est m\u00eame un droit fondamental reconnu par la d\u00e9claration universelle des droits de l\u2019homme de 1948\u00a0:<\/h2>\n<h2 style=\"text-align: justify;\">art. 25-1\u00a0: <em>\u00ab\u00a0Toute personne a droit \u00e0 un niveau de vie suffisant pour assurer sa sant\u00e9, son bien-\u00eatre et ceux de sa famille, notamment pour l\u2019alimentation, l\u2019habillement, le logement, les soins m\u00e9dicaux ainsi que pour les services sociaux n\u00e9cessaires\u00a0\u00bb .<\/em><\/h2>\n<h2 style=\"text-align: justify;\">C\u2019est aussi un droit constitutionnel inscrit, depuis 1946, dans la Constitution fran\u00e7aise. Le site vie-publique.fr, un site qui n\u2019a rien de r\u00e9volutionnaire, rappelle ainsi\u00a0: <em>\u00ab\u00a0En France, le droit au logement est un droit constitutionnel, qui d\u00e9coule des 10e et 11e alin\u00e9as du pr\u00e9ambule de la Constitution du 27 octobre 1946\u00a0\u00bb.<\/em><\/h2>\n<h2 style=\"text-align: justify;\">Et de pr\u00e9ciser\u00a0:\u00a0 \u00ab\u00a0<em>Ce droit est r\u00e9affirm\u00e9 dans la loi n\u00b0\u00a090-449 du 31 mai 1990 (\u201cloi Besson\u201d) visant la mise en \u0153uvre du droit au logement et dont l\u2019article premier dispose\u00a0<\/em>: <em>\u201cGarantir le droit au logement constitue un devoir de solidarit\u00e9 pour l\u2019ensemble de la nation\u201d<\/em> .<\/h2>\n<h2 style=\"text-align: justify;\">Certes depuis la loi DALO (mars 2007) ce droit au logement se \u00a0<a href=\"http:\/\/alternatifs81.fr\/wp-content\/uploads\/accueillons-les-r\u00e9fugi\u00e9s-3.jpg\"  rel=\"lightbox[18406] attachment wp-att-18409\"><img loading=\"lazy\" decoding=\"async\" class=\"alignright wp-image-18409 size-medium\" src=\"http:\/\/alternatifs81.fr\/wp-content\/uploads\/accueillons-les-r\u00e9fugi\u00e9s-3-253x300.jpg\" alt=\"accueillons-les-refugies\" width=\"253\" height=\"300\" srcset=\"https:\/\/alternatifs81.fr\/wp-content\/uploads\/accueillons-les-r\u00e9fugi\u00e9s-3-253x300.jpg 253w, https:\/\/alternatifs81.fr\/wp-content\/uploads\/accueillons-les-r\u00e9fugi\u00e9s-3-768x912.jpg 768w, https:\/\/alternatifs81.fr\/wp-content\/uploads\/accueillons-les-r\u00e9fugi\u00e9s-3.jpg 800w\" sizes=\"auto, (max-width: 253px) 100vw, 253px\" \/><\/a> restreint aux personnes en situation r\u00e9guli\u00e8re. Insuffisance et r\u00e9gression de la <em>dura lex<\/em> qu\u2019il faut combattre, \u00e0 mon sens, pour demander l\u2019extension inconditionnelle de ce droit au logement selon les principes \u00e9nonc\u00e9s par la D\u00e9claration universelle des droits de l\u2019homme. Mais, avant d\u2019op\u00e9rer cette r\u00e9volution, contentons-nous d\u00e9j\u00e0 de la loi existante et pr\u00e9cisons qu\u2019elle dit aussi que les \u00e9trangers qui ont d\u00e9pos\u00e9 une demande d\u2019asile doivent b\u00e9n\u00e9ficier, pendant le traitement de leur demande, de conditions mat\u00e9rielles d\u2019accueil, comprenant, entre autres, un h\u00e9bergement en CADA (Centre d\u2019Accueil pour Demandeurs d\u2019Asile) ou dans un centre d\u2019h\u00e9bergement d\u2019urgence (mais aussi d\u2019un accompagnement dans les d\u00e9marches administratives et sociales et d\u2019une allocation mensuelle). Exigeons <em>a minima<\/em> l\u2019application de cette loi, le respect de ces droits. Exigeons aussi que toute personne qui a obtenu une autorisation de s\u00e9jour soit log\u00e9e\u00a0: donner la possibilit\u00e9 de s\u00e9journer en France sans offrir les moyens d\u2019y vivre rel\u00e8ve d\u2019une supercherie aussi retorse que cynique et abjecte.<\/h2>\n<p>&nbsp;<\/p>\n<ol start=\"3\">\n<li style=\"text-align: justify;\">\n<h1><span style=\"color: #808000;\">Le probl\u00e8me du logement est un faux probl\u00e8me\u00a0: nous avons la solution (que les pouvoirs publics ne veulent pas trouver)<\/span><\/h1>\n<\/li>\n<\/ol>\n<h2 style=\"text-align: justify;\">Oui mais voil\u00e0, en pr\u00e9fecture, quand on ne nous dit pas qu\u2019au lieu de militer on n\u2019a qu\u2019\u00e0 loger ces personnes chez nous, on nous r\u00e9torque que nos id\u00e9aux se heurtent \u00e0 la r\u00e9alit\u00e9\u00a0: il y a une crise du logement.\u00a0 Et de donner \u00e0 l\u2019appui du raisonnement l\u2019exemple de ces \u00ab\u00a0<em>fran\u00e7ais de souche\u00a0\u00bb<\/em> qui sont eux aussi sans abri.<\/h2>\n<h2 style=\"text-align: justify;\">S\u2019il y a tant de personnes sans logement, fran\u00e7ais ou \u00e9trangers, en situation r\u00e9guli\u00e8re ou non, il y a une solution simple pour r\u00e9soudre ce faux probl\u00e8me, une solution que la pr\u00e9fecture ne veut pas trouver\u00a0: r\u00e9quisitionner des b\u00e2timents vides. Il y a en presque autant que de SDF, et dans un seul b\u00e2timent on h\u00e9berge plusieurs SDF. Simple, non\u00a0? Comment les pouvoirs publics n\u2019y ont-ils pas pens\u00e9\u00a0? D\u2019autant plus simple pour eux qu\u2019ils disposent de ce pouvoir de r\u00e9quisition\u2026<\/h2>\n<h2 style=\"text-align: justify;\">En pr\u00e9fecture, quand on leur sugg\u00e8re cette solution au probl\u00e8me, ils s\u2019\u00e9nervent un peu. Et on commence par vous r\u00e9pliquer\u00a0: \u00ab\u00a0<em>vous me citez le droit au logement inscrit dans la constitution fran\u00e7aise, je vous r\u00e9pondrai par l\u2019article 17 de la d\u00e9claration des droits de l\u2019homme et du citoyen qui d\u00e9finit la propri\u00e9t\u00e9 priv\u00e9e\u00a0comme inviolable et sacr\u00e9e\u00a0\u00bb<\/em> .<\/h2>\n<h2 style=\"text-align: justify;\"><em>\u00ab\u00a0Mais, il existe des b\u00e2timents publics qui sont vides, r\u00e9torque le militant un brin ent\u00eat\u00e9, une salle des f\u00eates, par exemple\u00a0\u00bb<\/em> .<\/h2>\n<h2 style=\"text-align: justify;\"><em>\u00ab\u00a0La pr\u00e9fecture n\u2019a pas de salle des f\u00eates, elles appartiennent aux mairies, je ne saurais m\u2019immiscer dans leurs affaires\u00a0\u00bb.<\/em><\/h2>\n<h2 style=\"text-align: justify;\"><a href=\"http:\/\/alternatifs81.fr\/wp-content\/uploads\/migrants.jpg\"  rel=\"lightbox[18406] attachment wp-att-18413\"><img loading=\"lazy\" decoding=\"async\" class=\"alignleft wp-image-18413 size-medium\" src=\"http:\/\/alternatifs81.fr\/wp-content\/uploads\/migrants-300x300.jpg\" alt=\"migrants\" width=\"300\" height=\"300\" srcset=\"https:\/\/alternatifs81.fr\/wp-content\/uploads\/migrants-300x300.jpg 300w, https:\/\/alternatifs81.fr\/wp-content\/uploads\/migrants-150x150.jpg 150w, https:\/\/alternatifs81.fr\/wp-content\/uploads\/migrants-768x768.jpg 768w, https:\/\/alternatifs81.fr\/wp-content\/uploads\/migrants.jpg 918w\" sizes=\"auto, (max-width: 300px) 100vw, 300px\" \/><\/a>\u00a0 OK, on se renvoie donc la patate chaude\u2026 Comme du c\u00f4t\u00e9 de la pr\u00e9fecture on commence manifestement par s\u2019\u00e9chauffer un peu, c\u00f4t\u00e9 militant on n\u2019ose intervenir pour pr\u00e9ciser que le pouvoir et la d\u00e9cision du pr\u00e9fet pr\u00e9valent sur ceux du maire, mais on insiste en proposant d\u2019autres b\u00e2timents qui sont propri\u00e9t\u00e9s de l\u2019\u00c9tat ou dont l\u2019\u00c9tat peut disposer.<\/h2>\n<h2 style=\"text-align: justify;\"><em>\u00ab\u00a0Mais, fait-on remarquer en pr\u00e9fecture, ce n\u2019est pas tout de r\u00e9quisitionner, il faut encore meubler\u00a0\u00bb<\/em>. C\u2019est vrai, ironise-t-on int\u00e9rieurement, que quand on vit \u00e0 la rue, on se soucie d\u2019avoir sofa, vaisselier, et autre bahut. Si la police ne fait pas de saisie (j\u2019allais \u00e9crire \u00ab\u00a0r\u00e9quisition\u00a0\u00bb !), comme elle en a fait pour les tentes des familles, on trouvera de quoi\u00a0 \u00ab\u00a0meubler\u00a0\u00bb du n\u00e9cessaire les b\u00e2timents r\u00e9quisitionn\u00e9s.<\/h2>\n<h2 style=\"text-align: justify;\"><em>\u00ab\u00a0Mais, poursuit-on en pr\u00e9fecture pour faire encore reculer la solution avanc\u00e9e, il faut s\u00e9curiser les lieux, je ne peux prendre la responsabilit\u00e9 de placer ces personnes dans un h\u00e9bergement o\u00f9 je leur ferais courir des risques\u00a0\u00bb<\/em> . Et oui, parce que dans la rue o\u00f9 les laisse la pr\u00e9fecture ces personnes sont sans doute en parfaite s\u00e9curit\u00e9. Et puis, pour plusieurs b\u00e2timents publics vides, encore en parfait \u00e9tat, la mise en s\u00e9curit\u00e9 serait rapide et peu on\u00e9reuse. Encore faut-il vouloir le faire\u2026 Et en pr\u00e9fecture, manifestement, on ne veut pas.<\/h2>\n<p>&nbsp;<\/p>\n<ol start=\"4\">\n<li>\n<h1><span style=\"color: #808000;\">Le CAAT \u00ab\u00a0r\u00e9quisitionne\u00a0\u00bb<\/span><\/h1>\n<\/li>\n<\/ol>\n<p>&nbsp;<\/p>\n<h2 style=\"text-align: justify;\">Et puisque la pr\u00e9fecture ne veut pas, nous ferons ce qu\u2019elle ne veut pas faire. On n\u2019est jamais mieux servi que par soi-m\u00eame, dit l\u2019adage\u2026<\/h2>\n<h2 style=\"text-align: justify;\">C\u2019est ainsi que le 20 septembre, se cr\u00e9ait \u00e0 Albi le CAAT, Collectif Accueil Avec Toit, compos\u00e9s de militants de diverses \u00ab\u00a0ob\u00e9diences\u00a0\u00bb, tous et toutes sensibles \u00e0 l\u2019\u00e9pineux faux probl\u00e8me du logement. Ce collectif se pose pour objectif d\u2019offrir un lieu d\u2019accueil et d\u2019h\u00e9bergement aux personnes qui sont priv\u00e9es de toit, et ce quelles que soient leur nationalit\u00e9 et leur situation administrative. S\u2019inspirant de ce que font le DAL et le CREA toulousains, le CAAT entend, par sa d\u00e9marche\u00a0:<\/h2>\n<h2 style=\"text-align: justify;\">1) augmenter les places d\u2019h\u00e9bergement d\u2019urgence au besoin en appliquant la loi de r\u00e9quisition sur les immeubles et logements vacants appartenant aux collectivit\u00e9s locales, aux administrations, \u00e0 l\u2019\u00c9tat, aux banques, aux compagnies d\u2019assurances, \u00e0 de gros propri\u00e9taires, \u00e0 des professionnels de l\u2019immobilier<\/h2>\n<h2 style=\"text-align: justify;\">2) faire respecter le droit au logement dont nous avons parl\u00e9 plus haut<\/h2>\n<h2 style=\"text-align: justify;\">3) promouvoir des activit\u00e9s et une vie collectives qui assurent et d\u00e9veloppent l\u2019entraide et la solidarit\u00e9, tout en laissant aux personnes le soin de se g\u00e9rer elles-m\u00eames sans exiger par exemple, comme c\u2019est le cas quand elles sont plac\u00e9es en CADA, qu\u2019elles demandent une autorisation quand elles veulent s\u2019absenter quelques jours. J\u2019avoue que je brode un peu sur une trame <em>\u00ab\u00a0semi-personnelle semi-collective\u00a0\u00bb<\/em>, parce que le CAAT, encore en construction, n\u2019a &#8211; \u00e0 ce jour &#8211; pas d\u00e9fini sa charte.<\/h2>\n<h2 style=\"text-align: justify;\">Mais si le CAAT n\u2019a pas fini de b\u00e2tir l\u2019\u00e9difice sur lequel il repose, il est d\u00e9j\u00e0 bien actif dans la \u00ab\u00a0r\u00e9quisition\u00a0\u00bb de logements\u00a0d\u00e9j\u00e0 construits : devant l\u2019urgence des situations, confront\u00e9 au sort de ces familles sans logement, le CAAT d\u00e9cidait, le jour m\u00eame de sa cr\u00e9ation, d\u2019ouvrir, sans aucune effraction, d\u2019anciens locaux d\u2019ERDF au 18 rue Lavazi\u00e8re \u00e0 Albi, des locaux abandonn\u00e9s depuis quelques ann\u00e9es et en parfait \u00e9tat.<\/h2>\n<h2 style=\"text-align: justify;\">Une quinzaine de personnes y r\u00e9side \u00e0 ce jour\u00a0:<\/h2>\n<ul>\n<li style=\"text-align: justify;\">\n<h2>des parties privatives leur sont d\u00e9volues \u00e0 l\u2019\u00e9tage\u00a0;<\/h2>\n<\/li>\n<li style=\"text-align: justify;\">\n<h2>le rez-de-chauss\u00e9e est davantage consacr\u00e9 \u00e0 la vie commune que nous essayons d\u2019y mettre en place.<\/h2>\n<\/li>\n<li style=\"text-align: justify;\">\n<h2>Les id\u00e9es d\u2019ateliers germent\u00a0: cours de langue (fran\u00e7ais, albanais, portugais\u2026), cours d\u2019alphab\u00e9tisation, ateliers d\u2019aide aux devoirs et activit\u00e9s ludiques pour les enfants,\u00a0 construction de bacs \u00e0 l\u00e9gumes \u00e0 jardiner, \u00e9changes de recettes de cuisine\u2026<\/h2>\n<\/li>\n<li style=\"text-align: justify;\">\n<h2>Vivre ensemble concr\u00e8tement, et non pas faire ce \u00ab\u00a0vivre ensemble\u00a0\u00bb que nous vend la langue de bois administrative et politicienne\u00a0;<\/h2>\n<\/li>\n<li style=\"text-align: justify;\">\n<h2>d\u00e9velopper une culture commune et non pas acculturer l\u2019autre\u00a0;<\/h2>\n<\/li>\n<li style=\"text-align: justify;\">\n<h2>construire ensemble les bases d\u2019une nouvelle soci\u00e9t\u00e9 plut\u00f4t que de chercher \u00e0 s\u2019int\u00e9grer dans une soci\u00e9t\u00e9 dont nous contestons le fonctionnement et les logiques sur lesquelles elle repose.<\/h2>\n<\/li>\n<\/ul>\n<p>&nbsp;<\/p>\n<ol start=\"5\">\n<li style=\"text-align: justify;\">\n<h1><span style=\"color: #808000;\">Appel \u00e0 soutien<\/span><\/h1>\n<\/li>\n<\/ol>\n<h2 style=\"text-align: justify;\">Ce lieu de vie que le CAAT a ouvert a besoin de votre soutien\u00a0:<\/h2>\n<h2 style=\"text-align: justify;\">\u2013 pour vivre et se d\u00e9velopper\u00a0: venez nous rencontrer, participer \u00e0 des ateliers, en proposer, offrir votre aide logistique, \u2026<\/h2>\n<h2 style=\"text-align: justify;\">\u2013 pour se d\u00e9fendre et se maintenir\u00a0: la pression des pouvoirs publics commence \u00e0 se faire sentir pour mettre fin \u00e0 ce lieu qui remplit pourtant des fonctions qui leur incombent \u00e0 eux et qu\u2019ils refusent d\u2019assumer. La visite d\u2019un huisser escort\u00e9 de forces de l\u2019ordre et d\u2019agents EDF le jeudi 29 septembre nous fait craindre une expulsion prochaine.<\/h2>\n<h2><\/h2>\n<h2 style=\"text-align: justify;\">A peine cr\u00e9\u00e9, ce lieu est d\u00e9j\u00e0 indispensable\u00a0: il est devenu le refuge de plusieurs familles. S\u2019il dispara\u00eet, ces familles seront jet\u00e9es \u00e0 la rue.<\/h2>\n<h2 style=\"text-align: justify;\"><span style=\"color: #0000ff;\"><strong>B\u00e9reng\u00e8re<\/strong><\/span><\/h2>\n<h2 style=\"text-align: justify;\">Pour contacter le CAAT\u00a0: 07 51 20 74 88 \u2013 <a href=\"mailto:caat@riseup.net\">caat@riseup.net<\/a><\/h2>\n<p>&nbsp;<\/p>\n<p>&nbsp;<\/p>\n<h3><span style=\"color: #008000;\"><em><a style=\"color: #008000;\" href=\"http:\/\/confluences81.fr\/2016\/10\/04\/albi-migrants-et-patrimoine-de-lhumanite\/#_ftnref1\" name=\"_ftn1\">[1] <\/a>CAAT est l\u2019acronyme de Collectif Accueil Avec Toit, un collectif dont nous parlons dans cet article. Merci \u00e0 Wil qui m\u2019a fourni ce titre, qui me fournit la force, l\u2019\u00e9nergie et l\u2019enthousiasme n\u00e9cessaires pour rester dans la \u00ab\u00a0bataille\u00a0\u00bb.<\/em><\/span><\/h3>\n<gcse:search><\/gcse:search>","protected":false},"excerpt":{"rendered":"<p>Chacun cherche son CAAT[1] Albi, un patrimoine de l\u2019humanit\u00e9 sans humanit\u00e9\u00a0? Ao\u00fbt 2016, Albi\u00a0: deux familles de migrants (13 personnes au total, dont 6 enfants de 13 ans \u00e0 1 an) \u00e0 la rue dans la parfaite indiff\u00e9rence des pouvoirs publics, qu\u2019il s\u2019agisse de la mairie ou de la pr\u00e9fecture. Pas parfaitement parfaite l\u2019indiff\u00e9rence cependant\u00a0: [&hellip;]<\/p>\n","protected":false},"author":1,"featured_media":0,"comment_status":"open","ping_status":"open","sticky":false,"template":"","format":"standard","meta":{"footnotes":""},"categories":[193],"tags":[103,117,50,23],"class_list":["post-18406","post","type-post","status-publish","format-standard","hentry","category-social","tag-demarche-citoyenne","tag-democratie","tag-discriminations","tag-luttes"],"_links":{"self":[{"href":"https:\/\/alternatifs81.fr\/index.php?rest_route=\/wp\/v2\/posts\/18406","targetHints":{"allow":["GET"]}}],"collection":[{"href":"https:\/\/alternatifs81.fr\/index.php?rest_route=\/wp\/v2\/posts"}],"about":[{"href":"https:\/\/alternatifs81.fr\/index.php?rest_route=\/wp\/v2\/types\/post"}],"author":[{"embeddable":true,"href":"https:\/\/alternatifs81.fr\/index.php?rest_route=\/wp\/v2\/users\/1"}],"replies":[{"embeddable":true,"href":"https:\/\/alternatifs81.fr\/index.php?rest_route=%2Fwp%2Fv2%2Fcomments&post=18406"}],"version-history":[{"count":0,"href":"https:\/\/alternatifs81.fr\/index.php?rest_route=\/wp\/v2\/posts\/18406\/revisions"}],"wp:attachment":[{"href":"https:\/\/alternatifs81.fr\/index.php?rest_route=%2Fwp%2Fv2%2Fmedia&parent=18406"}],"wp:term":[{"taxonomy":"category","embeddable":true,"href":"https:\/\/alternatifs81.fr\/index.php?rest_route=%2Fwp%2Fv2%2Fcategories&post=18406"},{"taxonomy":"post_tag","embeddable":true,"href":"https:\/\/alternatifs81.fr\/index.php?rest_route=%2Fwp%2Fv2%2Ftags&post=18406"}],"curies":[{"name":"wp","href":"https:\/\/api.w.org\/{rel}","templated":true}]}}