{"id":18331,"date":"2016-09-11T17:59:41","date_gmt":"2016-09-11T16:59:41","guid":{"rendered":"http:\/\/alternatifs81.fr\/?p=18331"},"modified":"2016-09-16T19:21:14","modified_gmt":"2016-09-16T18:21:14","slug":"11septembre-souvenons-nous","status":"publish","type":"post","link":"https:\/\/alternatifs81.fr\/?p=18331","title":{"rendered":"11septembre*. . . SOUVENONS-NOUS !"},"content":{"rendered":"<p><a href=\"http:\/\/alternatifs81.fr\/wp-content\/uploads\/11-SEP.png\"  rel=\"lightbox[18331] attachment wp-att-18333\"><img loading=\"lazy\" decoding=\"async\" class=\"aligncenter wp-image-18333\" src=\"http:\/\/alternatifs81.fr\/wp-content\/uploads\/11-SEP.png\" alt=\"11-sep\" width=\"570\" height=\"506\" srcset=\"https:\/\/alternatifs81.fr\/wp-content\/uploads\/11-SEP.png 714w, https:\/\/alternatifs81.fr\/wp-content\/uploads\/11-SEP-300x266.png 300w\" sizes=\"auto, (max-width: 570px) 100vw, 570px\" \/><\/a><\/p>\n<p>&nbsp;<\/p>\n<p><a href=\"http:\/\/alternatifs81.fr\/wp-content\/uploads\/11-septembre.png\"  rel=\"lightbox[18331] attachment wp-att-18334\"><img loading=\"lazy\" decoding=\"async\" class=\"aligncenter wp-image-18334 size-full\" src=\"http:\/\/alternatifs81.fr\/wp-content\/uploads\/11-septembre.png\" alt=\"11-septembre\" width=\"451\" height=\"527\" srcset=\"https:\/\/alternatifs81.fr\/wp-content\/uploads\/11-septembre.png 451w, https:\/\/alternatifs81.fr\/wp-content\/uploads\/11-septembre-257x300.png 257w\" sizes=\"auto, (max-width: 451px) 100vw, 451px\" \/><\/a><\/p>\n<p><span style=\"color: #0000ff;\"><strong><em>Patrick MIGNARD<\/em><\/strong><\/span><\/p>\n<p><!--more--><\/p>\n<p>*<\/p>\n<div class=\"bust\">\n<div class=\"sub-header-article accur8-desktop accur8-tablet\">\n<div class=\"col-left fractal-desktop fractal-10-desktop collapse-7-desktop fractal-tablet fractal-6-tablet collapse-4-tablet\">\n<h2 class=\"title\">11 septembre : les U.S.A. instaurent le fascisme au Chili.<\/h2>\n<\/div>\n<\/div>\n<\/div>\n<h3><span style=\"color: #0000ff;\"><em>Les Amis de Mediapart<\/em> <\/span><\/h3>\n<p>&nbsp;<\/p>\n<h2 style=\"text-align: justify;\">Le <span id=\"OBJ_PREFIX_DWT101_com_zimbra_date\" class=\"Object\">11 septembre 1973<\/span> au matin, les trois arm\u00e9es factieuses attaquent la \u00ab\u00a0Moneda, si\u00e8ge du gouvernement chilien r\u00e9guli\u00e8rement sortie des urnes. Salvator Allende, le pr\u00e9sident \u00e9lu, se suicide (ou est \u00ab\u00a0suicid\u00e9\u00a0\u00bb) dans son palais. Ses derni\u00e8res paroles radiodiffus\u00e9es furent\u00a0: <i>\u00ab\u00a0Continuez et sachez que s\u2019ouvriront bient\u00f4t les grandes avenues o\u00f9 l\u2019homme digne s\u2019avancera pour construire une soci\u00e9t\u00e9 meilleure.\u00a0\u00bb<\/i><\/h2>\n<h2 style=\"text-align: justify;\">Les grands profiteurs et exploiteurs du pays, alli\u00e9s \u00e0 l\u2019arm\u00e9e et \u00e0 la police, foment\u00e8rent un coup d\u2019\u00e9tat militaire sous la direction d\u2019Augusto Pinochet, une caricature de troufion born\u00e9 au nom d\u2019op\u00e9rette. S\u2019ensuivirent la dissolution du Congr\u00e8s national, des conseils municipaux, des syndicats et des partis politiques. La libert\u00e9 de la presse fut abolie, le couvre-feu instaur\u00e9.<\/h2>\n<h2 style=\"text-align: justify;\">D\u00e8s lors la barbarie de la soldatesque donna toute sa mesure sanglante\u00a0: des dizaines de milliers de militants parqu\u00e9s dans le Stadio nacional, les doigts du chanteur Victor Jara sectionn\u00e9s \u00e0 la hache (<i>\u00ab\u00a0Et maintenant, joue de ta guitare\u00a0!\u00a0\u00bb<\/i>), les rumeurs de tortures et d\u2019assassinats en masse, l\u2019agonie de Pablo Neruda dans sa maison pill\u00e9e&#8230;<\/h2>\n<h2 style=\"text-align: justify;\">Le Chili s\u2019enfon\u00e7a dans une nuit sanglante de 17 ans\u2026<\/h2>\n<h2 style=\"text-align: justify;\">Derri\u00e8re ce d\u00e9sastre, derri\u00e8re cet attentat terroriste contre la d\u00e9mocratie, un pays\u00a0: les Etats-Unis d\u2019Am\u00e9rique et un assassin qui sera couronn\u00e9 du prix Nobel de la paix\u00a0: Henri Kissinger\u2026<\/h2>\n<h2 style=\"text-align: justify;\">Et \u00e0 pr\u00e9sent, une autre clique s\u00e9vit tente de mettre en place des d\u00e9riv\u00e9es de l&rsquo;<span id=\"OBJ_PREFIX_DWT102_com_zimbra_url\" class=\"Object\"><a class=\"external\" href=\"https:\/\/fr.wikipedia.org\/wiki\/Op%C3%A9ration_Condor\" target=\"_blank\">op\u00e9ration Condor<\/a><\/span>. Elle est \u00e0 l\u2019\u0153uvre au Br\u00e9sil au Venezuela, en Bolivie et partout dans cette Am\u00e9rique latine qui a eu le culot, le courage de d\u00e9fier les ma\u00eetres de \u00ab\u00a0l&rsquo;Empire\u00a0\u00bb et de lib\u00e9rer les peuples opprim\u00e9s du joug des multinationales yankees qui les pillaient et esp\u00e8rent bien recommencer. C&rsquo;est le coup d\u2019\u00c9tat contre Dilma Roussef au Br\u00e9sil, contre Maduro au V\u00e9n\u00e9zuela, contre Evo Morales en Bolivie, apr\u00e8s la ruine organis\u00e9e de l&rsquo;Argentine par les bankters \u00e9tasuniens.<\/h2>\n<h2 style=\"text-align: justify;\">Alors les tours du World Trade Center\u2026 <i>Va fan culo<\/i>\u00a0!<\/h2>\n<h3><span style=\"color: #0000ff;\">Et cet article de Jean ORTIZ<\/span><\/h3>\n<div id=\"pageFirstContent\" class=\"page-content bust\">\n<div class=\"accur8-desktop accur8-tablet accurWidth-desktop accurWidth-tablet\">\n<div class=\"col-left fractal-desktop fractal-10-desktop collapse-7-desktop fractal-tablet fractal-6-tablet collapse-4-tablet \">\n<h2 class=\"content-article\" style=\"text-align: justify;\">http:\/\/www.humanite.fr\/blogs\/ne-laissons-pas-seul-le-venezuela-615407<\/h2>\n<\/div>\n<\/div>\n<\/div>\n<gcse:search><\/gcse:search>","protected":false},"excerpt":{"rendered":"<p>&nbsp; Patrick MIGNARD<\/p>\n","protected":false},"author":1,"featured_media":0,"comment_status":"open","ping_status":"open","sticky":false,"template":"","format":"standard","meta":{"footnotes":""},"categories":[173],"tags":[444,117,23],"class_list":["post-18331","post","type-post","status-publish","format-standard","hentry","category-no-pasaran","tag-anti-fascisme","tag-democratie","tag-luttes"],"_links":{"self":[{"href":"https:\/\/alternatifs81.fr\/index.php?rest_route=\/wp\/v2\/posts\/18331","targetHints":{"allow":["GET"]}}],"collection":[{"href":"https:\/\/alternatifs81.fr\/index.php?rest_route=\/wp\/v2\/posts"}],"about":[{"href":"https:\/\/alternatifs81.fr\/index.php?rest_route=\/wp\/v2\/types\/post"}],"author":[{"embeddable":true,"href":"https:\/\/alternatifs81.fr\/index.php?rest_route=\/wp\/v2\/users\/1"}],"replies":[{"embeddable":true,"href":"https:\/\/alternatifs81.fr\/index.php?rest_route=%2Fwp%2Fv2%2Fcomments&post=18331"}],"version-history":[{"count":0,"href":"https:\/\/alternatifs81.fr\/index.php?rest_route=\/wp\/v2\/posts\/18331\/revisions"}],"wp:attachment":[{"href":"https:\/\/alternatifs81.fr\/index.php?rest_route=%2Fwp%2Fv2%2Fmedia&parent=18331"}],"wp:term":[{"taxonomy":"category","embeddable":true,"href":"https:\/\/alternatifs81.fr\/index.php?rest_route=%2Fwp%2Fv2%2Fcategories&post=18331"},{"taxonomy":"post_tag","embeddable":true,"href":"https:\/\/alternatifs81.fr\/index.php?rest_route=%2Fwp%2Fv2%2Ftags&post=18331"}],"curies":[{"name":"wp","href":"https:\/\/api.w.org\/{rel}","templated":true}]}}