{"id":18187,"date":"2016-08-08T12:34:43","date_gmt":"2016-08-08T11:34:43","guid":{"rendered":"http:\/\/alternatifs81.fr\/?p=18187"},"modified":"2016-08-13T22:06:43","modified_gmt":"2016-08-13T21:06:43","slug":"cercle-de-silence-samedi-13-aout-2016-de-10h30-a-11h-30-quai-de-larnette-a-mazamet","status":"publish","type":"post","link":"https:\/\/alternatifs81.fr\/?p=18187","title":{"rendered":"Cercle de silence, samedi 13 ao\u00fbt 2016 de 10h30 \u00e0 11h 30, rue de Verdun  \u00e0 MAZAMET"},"content":{"rendered":"<h2 style=\"text-align: justify;\"><a href=\"http:\/\/alternatifs81.fr\/wp-content\/uploads\/Cercle-Silence-300x2922.png\"  rel=\"lightbox[18187] attachment wp-att-7447\"><img loading=\"lazy\" decoding=\"async\" class=\"alignleft wp-image-7447 size-full\" src=\"http:\/\/alternatifs81.fr\/wp-content\/uploads\/Cercle-Silence-300x2922.png\" alt=\"Cercle-Silence-300x292\" width=\"300\" height=\"292\" \/><\/a>R\u00e9fugi\u00e9s, en danger de mort dans leur pays, ils n&rsquo;ont pas d&rsquo;autres choix que l&rsquo;exil et esp\u00e8rent une protection.<\/h2>\n<h2 style=\"text-align: justify;\">Ne laissons pas les mouvements x\u00e9nophobes europ\u00e9ens et leurs id\u00e9ologies populistes s&#8217;emparer de la question de l&rsquo;immigration.<\/h2>\n<h2 style=\"text-align: justify;\">La qualit\u00e9 de notre accueil est le marqueur de notre d\u00e9mocratie. Nous croyons en l\u2019hospitalit\u00e9.<br \/>\nNous croyons en la richesse de tout \u00eatre humain.<\/h2>\n<h2 style=\"text-align: justify;\">D\u00e9fendez la dignit\u00e9 des migrants,des demandeurs d\u2019asile et des r\u00e9fugi\u00e9s\u00a0!<\/h2>\n<h2 style=\"text-align: justify;\">Voil\u00e0 pourquoi, comme chaque deuxi\u00e8me samedi du mois nous serons pr\u00e9sent sur le march\u00e9 de Mazamet de 10h30 \u00e0 11h30, en silence.<\/h2>\n<h2 style=\"text-align: justify;\">A la demande de la municipalit\u00e9 de Mazamet, nous d\u00e9pla\u00e7ons notre Cercle de Silence, pour ne pas d\u00e9ranger les producteurs du quai de l\u2019Arnette, et nous devrons nous installer rue de Verdun cours Rene Reilles \u2026 \u00e0 suivre \u2026<\/h2>\n<h2 style=\"text-align: justify;\">Et comme depuis 6 ans nous continuerons \u00e0 d\u00e9noncer l\u2019inacceptable, le non-respect des femmes et des hommes qui sont aujourd\u2019hui en France.<\/h2>\n<h2 style=\"text-align: justify;\">Pour les personnes pr\u00e9sentes et invitantes au Cercle de Silence<\/h2>\n<h2>Eric Vergniol<\/h2>\n<p><!--more--><\/p>\n<h3 style=\"text-align: justify;\">Alors que les naufrages font chaque semaine l\u2019actualit\u00e9 et que des milliers de Syriens sont contraints de fuir leur pays, l\u2019Union europ\u00e9enne cherche par tout moyen \u00e0 fermer ses portes et \u00e0 refouler les personnes, nous vous proposons <em><span style=\"font-size: medium;\"><b>Fronti\u00e8res europ\u00e9ennes. D\u00e9fense d\u2019entrer\u00a0?, <\/b><\/span><\/em><em>un rapport<\/em> qui d\u00e9crypte, les logiques et la m\u00e9canique de contr\u00f4le mises en \u0153uvre dans trois lieux symptomatiques\u00a0: Calais, Ceuta et Melilla et Pozzallo en Sicile.<\/h3>\n<ul style=\"text-align: justify;\">\n<ul>\n<li>\n<h3>Emp\u00eacher l\u2019acc\u00e8s au territoire europ\u00e9en<\/h3>\n<\/li>\n<\/ul>\n<\/ul>\n<h3 style=\"text-align: justify;\">L\u2019obsession de l\u2019UE se concentre sur le blocage de l\u2019acc\u00e8s au territoire europ\u00e9en \u00e0 tout prix, y compris celui de la vie de personnes en qu\u00eate de protection. Cette politique se traduit par une coop\u00e9ration mis en \u0153uvre dans le but de contenir les \u00ab\u00a0ind\u00e9sir\u00e9s\u00a0\u00bb. Avec l\u2019accord sign\u00e9 avec la Turquie le 18 mars dernier, l\u2019UE franchit un pas en mati\u00e8re d\u2019externalisation de l\u2019asile qu\u2019elle n\u2019avait jamais os\u00e9 franchir jusque-l\u00e0.<\/h3>\n<ul style=\"text-align: justify;\">\n<ul>\n<li>\n<h3>Trier et mettre \u00e0 l\u2019\u00e9cart<\/h3>\n<\/li>\n<\/ul>\n<\/ul>\n<h3 style=\"text-align: justify;\">Une fois sur le sol europ\u00e9en, les exil\u00e9s se confrontent \u00e0 d\u2019autres obstacles, notamment les m\u00e9canismes de tri et de mise \u00e0 l\u2019\u00e9cart. Les <em>hotspots<\/em> mis en place en Italie et en Gr\u00e8ce sont pr\u00e9sent\u00e9s comme une r\u00e9ponse nouvelle \u00e0 la \u00ab\u00a0crise\u00a0\u00bb. Ce tri existait d\u00e9j\u00e0 et ces nouveaux centres ferm\u00e9s marquent plut\u00f4t son intensification et sa syst\u00e9matisation. La finalit\u00e9 de ces m\u00e9canismes est, pour les \u00c9tats membres, d\u2019intensifier et d\u2019acc\u00e9l\u00e9rer les expulsions, au m\u00e9pris des droits fondamentaux des migrants.<\/h3>\n<ul style=\"text-align: justify;\">\n<ul>\n<li>\n<h3>L\u2019asile, un droit fondamental \u00e0 prot\u00e9ger<\/h3>\n<\/li>\n<\/ul>\n<\/ul>\n<h3 style=\"text-align: justify;\">La coop\u00e9ration entre les \u00c9tats membres de l\u2019UE se concentre principalement sur le volet s\u00e9curitaire des politiques migratoires. Quand il est question de mettre en place une v\u00e9ritable politique commune en mati\u00e8re d\u2019accueil des demandeurs d\u2019asile r\u00e9pondant aux obligations internationales, respectueuse de leurs droits fondamentaux, la volont\u00e9 politique fait d\u00e9faut et les \u00c9tats ferment leurs fronti\u00e8res. Le partage des responsabilit\u00e9s est inexistant, l\u2019\u00e9chec de la relocalisation des r\u00e9fugi\u00e9s en est la preuve, alors que ce m\u00e9canisme \u00e9tait cens\u00e9 permettre plus d\u2019\u00e9quit\u00e9.<\/h3>\n<ul style=\"text-align: justify;\">\n<ul>\n<li>\n<h3>\u00c0 la fronti\u00e8re du droit<\/h3>\n<\/li>\n<\/ul>\n<\/ul>\n<h3 style=\"text-align: justify;\">Le d\u00e9tournement du droit est au service de la logique de r\u00e9pression et de dissuasion. Tant\u00f4t le droit est ignor\u00e9, contourn\u00e9, non respect\u00e9, tant\u00f4t il est utilis\u00e9 comme outil pour l\u00e9galiser des pratiques jusque-l\u00e0 ill\u00e9gales. Fin 2015, l\u2019\u00e9pisode de l\u2019\u00e9vacuation du bidonville de Calais, avec 1200 exil\u00e9s enferm\u00e9s dans sept centres de r\u00e9tention, est une des d\u00e9monstrations de l\u2019usage d\u00e9tourn\u00e9 et ill\u00e9gal du droit par un \u00c9tat.<\/h3>\n<h3 style=\"text-align: justify;\">Avec ce rapport <em>Fronti\u00e8res europ\u00e9ennes. D\u00e9fense d\u2019entrer\u00a0?<\/em> La Cimade \u00e9met des recommandations adress\u00e9es \u00e0 l\u2019UE et \u00e0 ses \u00c9tats membres pour tirer les le\u00e7ons de l\u2019\u00e9chec et du co\u00fbt humain intol\u00e9rable des politiques men\u00e9es depuis des d\u00e9cennies. Elle souligne aussi la solidarit\u00e9 qui se tisse aux fronti\u00e8res et les mobilisations collectives fragilis\u00e9es par la r\u00e9pression et la criminalisation des acteurs associatifs et militants.<\/h3>\n<h2 style=\"text-align: justify;\"><a href=\"http:\/\/www.lacimade.org\/wp-content\/uploads\/2016\/06\/La_Cimade_FrontieresUE_pl.pdf\" target=\"_blank\">http:\/\/www.lacimade.org\/wp-content\/uploads\/2016\/06<\/a><\/h2>\n<gcse:search><\/gcse:search>","protected":false},"excerpt":{"rendered":"<p>R\u00e9fugi\u00e9s, en danger de mort dans leur pays, ils n&rsquo;ont pas d&rsquo;autres choix que l&rsquo;exil et esp\u00e8rent une protection. Ne laissons pas les mouvements x\u00e9nophobes europ\u00e9ens et leurs id\u00e9ologies populistes s&#8217;emparer de la question de l&rsquo;immigration. La qualit\u00e9 de notre accueil est le marqueur de notre d\u00e9mocratie. Nous croyons en l\u2019hospitalit\u00e9. Nous croyons en la [&hellip;]<\/p>\n","protected":false},"author":1,"featured_media":0,"comment_status":"open","ping_status":"open","sticky":false,"template":"","format":"standard","meta":{"footnotes":""},"categories":[217],"tags":[119,103,50],"class_list":["post-18187","post","type-post","status-publish","format-standard","hentry","category-libertes","tag-cercle-du-silence","tag-demarche-citoyenne","tag-discriminations"],"_links":{"self":[{"href":"https:\/\/alternatifs81.fr\/index.php?rest_route=\/wp\/v2\/posts\/18187","targetHints":{"allow":["GET"]}}],"collection":[{"href":"https:\/\/alternatifs81.fr\/index.php?rest_route=\/wp\/v2\/posts"}],"about":[{"href":"https:\/\/alternatifs81.fr\/index.php?rest_route=\/wp\/v2\/types\/post"}],"author":[{"embeddable":true,"href":"https:\/\/alternatifs81.fr\/index.php?rest_route=\/wp\/v2\/users\/1"}],"replies":[{"embeddable":true,"href":"https:\/\/alternatifs81.fr\/index.php?rest_route=%2Fwp%2Fv2%2Fcomments&post=18187"}],"version-history":[{"count":0,"href":"https:\/\/alternatifs81.fr\/index.php?rest_route=\/wp\/v2\/posts\/18187\/revisions"}],"wp:attachment":[{"href":"https:\/\/alternatifs81.fr\/index.php?rest_route=%2Fwp%2Fv2%2Fmedia&parent=18187"}],"wp:term":[{"taxonomy":"category","embeddable":true,"href":"https:\/\/alternatifs81.fr\/index.php?rest_route=%2Fwp%2Fv2%2Fcategories&post=18187"},{"taxonomy":"post_tag","embeddable":true,"href":"https:\/\/alternatifs81.fr\/index.php?rest_route=%2Fwp%2Fv2%2Ftags&post=18187"}],"curies":[{"name":"wp","href":"https:\/\/api.w.org\/{rel}","templated":true}]}}