{"id":18069,"date":"2016-07-19T22:59:08","date_gmt":"2016-07-19T21:59:08","guid":{"rendered":"http:\/\/alternatifs81.fr\/?p=18069"},"modified":"2016-07-25T08:46:23","modified_gmt":"2016-07-25T07:46:23","slug":"apres-la-tuerie-de-nice-quelques-reactions","status":"publish","type":"post","link":"https:\/\/alternatifs81.fr\/?p=18069","title":{"rendered":"Apr\u00e8s la tuerie de Nice, quelques r\u00e9actions . . ."},"content":{"rendered":"<h3 style=\"text-align: justify;\"><em><span style=\"color: #339966;\">Guy, avec qui beaucoup d&rsquo;entre nous avons longtemps milit\u00e9 au sein des Alternatifs, nous parle de Camille, sa petite cousine, assassin\u00e9e avec 83 autres personnes jeudi soir \u00e0 NICE. A l&rsquo;horreur de la perte de cette jeune personne vient s&rsquo;ajouter celle des propos entendus de toutes parts.<\/span><br \/>\n<\/em><\/h3>\n<h1 style=\"text-align: center;\"><span style=\"color: #808000;\">Camille<\/span><\/h1>\n<h2 style=\"text-align: justify;\">Bonjour,<\/h2>\n<h2 style=\"text-align: justify;\">J&rsquo;ai h\u00e9sit\u00e9 avant d&rsquo;\u00e9crire ce petit mot. Ce sont les horreurs entendues \u00e0 la mi-journ\u00e9e qui m&rsquo;ont convaincu<\/h2>\n<h2 style=\"text-align: justify;\">Certains le savent, Camille est morte sur le coup jeudi soir. Comme d&rsquo;autres victimes, son corps n&rsquo;a \u00e9t\u00e9 officiellement identifi\u00e9 qu&rsquo;hier soir.<\/h2>\n<h2 style=\"text-align: justify;\">Camille \u00e9tait une jeune femme de 24 ans, pleine de vie. Fille d&rsquo;un de mes cousins, petite-fille de ma marraine, elle m\u00eame soeur de ma maman, elle faisait partie du cercle familial<\/h2>\n<h2 style=\"text-align: justify;\">Inutile de pr\u00e9ciser que ses parents, sa grand-m\u00e8re, son fr\u00e8re sont dans le d\u00e9sarroi le plus total. Les fr\u00e8res et soeurs, cousins et cousines, belles soeurs et beaux fr\u00e8res formaient une grande famille qui se retrouvait souvent, notamment l&rsquo;\u00e9t\u00e9 \u00e0 St Etienne de Tin\u00e9e.<\/h2>\n<h2 style=\"text-align: justify;\">Camille ne nous y rejoindra plus.<\/h2>\n<h2 style=\"text-align: justify;\">84 femmes, hommes et enfants ont perdu la vie. Des dizaines de familles ont \u00e9t\u00e9 frapp\u00e9es au coeur.<\/h2>\n<h2 style=\"text-align: justify;\">Et aujourd&rsquo;hui \u00e0 midi, \u00e0 Nice, lors d&rsquo;une manifestation qui s&rsquo;annon\u00e7ait comme un moment de recueillement, des participant.e.s t\u00e9l\u00e9guid\u00e9.e.s par Estrosi et le Front National ont hu\u00e9 et siffl\u00e9 Valls et les membres pr\u00e9sents du gouvernement. Veulent-ils, comme Henri Guaino, \u00e9quiper les forces de l&rsquo;ordre de lance-roquettes ?<\/h2>\n<h2 style=\"text-align: justify;\">Des slogans anti-arabes et islamophobes ont \u00e9t\u00e9 lanc\u00e9s et diff\u00e9rentes manifestations d&rsquo;hostilit\u00e9 envers les musulman.e.s ont eu lieu depuis 48h (source France-Culture)<\/h2>\n<h2 style=\"text-align: justify;\"><strong><span style=\"color: #008000;\">J&rsquo;ai le sentiment que Camille est morte deux fois<\/span>,<\/strong> victime de la folie th\u00e9ocratique qui veut abolir l&rsquo;humanit\u00e9 et du vent mauvais qui souffle en Europe et particuli\u00e8rement dans notre r\u00e9gion.<\/h2>\n<h2 style=\"text-align: justify;\">Merci pour vos t\u00e9moignages de sympathie et de solidarit\u00e9..<\/h2>\n<h2 style=\"text-align: justify;\">Nous devons \u00eatre fier.e.s de nos engagements en faveur d&rsquo;une humanit\u00e9 \u00e9mancip\u00e9e.<\/h2>\n<h2 style=\"text-align: justify;\">Avec mes amiti\u00e9s<\/h2>\n<h2 style=\"text-align: justify;\"><span style=\"color: #0000ff;\"><em>Guy\u00a0\u00a0\u00a0\u00a0\u00a0\u00a0\u00a0\u00a0\u00a0\u00a0\u00a0\u00a0\u00a0\u00a0\u00a0\u00a0\u00a0\u00a0\u00a0\u00a0\u00a0\u00a0\u00a0\u00a0\u00a0\u00a0\u00a0\u00a0\u00a0\u00a0\u00a0\u00a0\u00a0\u00a0\u00a0\u00a0\u00a0\u00a0\u00a0\u00a0\u00a0\u00a0\u00a0\u00a0\u00a0\u00a0\u00a0\u00a0\u00a0\u00a0\u00a0\u00a0\u00a0\u00a0\u00a0\u00a0\u00a0\u00a0\u00a0\u00a0\u00a0\u00a0\u00a0\u00a0\u00a0\u00a0\u00a0\u00a0\u00a0\u00a0\u00a0\u00a0\u00a0\u00a0\u00a0\u00a0\u00a0\u00a0\u00a0\u00a0\u00a0\u00a0\u00a0\u00a0\u00a0\u00a0\u00a0\u00a0\u00a0\u00a0\u00a0\u00a0\u00a0\u00a0\u00a0\u00a0\u00a0\u00a0 18 juillet 2016<\/em><\/span><\/h2>\n<h2><!--more--><\/h2>\n<h2><span style=\"color: #339966;\"><em><strong>Le t\u00e9moignage d&rsquo;Anne Marie, qui vit quelque part dans les Alpes Maritimes (une cinquantaine de kms de Nice), nous dit combien le chemin est et sera dur . . .<\/strong><\/em><\/span><\/h2>\n<h2><a href=\"http:\/\/alternatifs81.fr\/wp-content\/uploads\/un-fran\u00e7ais-dorigine-tunisienne.jpg\"  rel=\"lightbox[18069] attachment wp-att-18094\"><img loading=\"lazy\" decoding=\"async\" class=\"alignleft wp-image-18094 size-medium\" src=\"http:\/\/alternatifs81.fr\/wp-content\/uploads\/un-fran\u00e7ais-dorigine-tunisienne-289x300.jpg\" alt=\"un fran\u00e7ais d'origine tunisienne\" width=\"289\" height=\"300\" srcset=\"https:\/\/alternatifs81.fr\/wp-content\/uploads\/un-fran\u00e7ais-dorigine-tunisienne-289x300.jpg 289w, https:\/\/alternatifs81.fr\/wp-content\/uploads\/un-fran\u00e7ais-dorigine-tunisienne.jpg 381w\" sizes=\"auto, (max-width: 289px) 100vw, 289px\" \/><\/a>C&rsquo;est un message de dignit\u00e9 de Guy.<\/h2>\n<div>\n<div>\n<div>\n<div>\n<div>\n<h2 style=\"text-align: justify;\">Nous avons fait notre minute de silence au si\u00e8ge de la communaut\u00e9 de communes, avec une introduction tr\u00e8s chaleureuse, imm\u00e9diatement suivie par des discussions anim\u00e9es. Une trentaine de personnes.<\/h2>\n<\/div>\n<h2 style=\"text-align: justify;\">C&rsquo;est assez terrible d&rsquo;entendre la violence et le contenu des r\u00e9actions.<\/h2>\n<h2 style=\"text-align: justify;\">Et difficile de faire entendre une voix un peu raisonnable, un peu apais\u00e9e.<\/h2>\n<\/div>\n<h2 style=\"text-align: justify;\">Le \u00ab\u00a0vivre ensemble\u00a0\u00bb leur para\u00eet une provocation.<\/h2>\n<\/div>\n<h2 style=\"text-align: justify;\">\u00a0 L&rsquo;extr\u00eame droite a de beaux jours devant elle, et nous, des temps difficiles !<\/h2>\n<\/div>\n<h2 style=\"text-align: justify;\">Amicalement, Anne-Marie<\/h2>\n<\/div>\n<h1>PS : <span style=\"color: #008000;\"><em>le beau texte publi\u00e9 par l&rsquo;Institut d\u2019\u00c9tudes Occitanes (bilingue) :<br \/>\n<\/em><\/span><\/h1>\n<h1 style=\"text-align: center;\"><span style=\"color: #808000;\">Ni\u00e7a si plora<\/span><\/h1>\n<h3 style=\"text-align: center;\"><em><span style=\"text-decoration: underline;\">Nice pleure<\/span><\/em><\/h3>\n<h2 style=\"text-align: justify;\"><strong><a href=\"http:\/\/alternatifs81.fr\/wp-content\/uploads\/siau_nica-241c5.jpg\"  rel=\"lightbox[18069] attachment wp-att-18086\"><img loading=\"lazy\" decoding=\"async\" class=\"alignleft wp-image-18086 size-medium\" src=\"http:\/\/alternatifs81.fr\/wp-content\/uploads\/siau_nica-241c5-300x300.jpg\" alt=\"siau_nica-241c5\" width=\"300\" height=\"300\" srcset=\"https:\/\/alternatifs81.fr\/wp-content\/uploads\/siau_nica-241c5-300x300.jpg 300w, https:\/\/alternatifs81.fr\/wp-content\/uploads\/siau_nica-241c5-150x150.jpg 150w, https:\/\/alternatifs81.fr\/wp-content\/uploads\/siau_nica-241c5.jpg 320w\" sizes=\"auto, (max-width: 300px) 100vw, 300px\" \/><\/a>Cars amics, cars s\u00f2cis,<\/strong><\/h2>\n<h2 style=\"text-align: justify;\"><strong>Vos presentam \u00e7ai-sota un t\u00e8xte dau n\u00f2stre president que reven sus lo chaple de Ni\u00e7a.<\/strong><\/h2>\n<h2 style=\"text-align: justify;\"><strong>Lo t\u00e8xte es biling\u00fce coma lo f\u00e8m sempre en la n\u00f2stra cr\u00f2nica de Ribon-Ribanha dins un esprit de dubertura a l\u2019autre. En bas d\u2019article troveretz tanben una traduccion en italian.<\/strong><\/h2>\n<h2 style=\"text-align: justify;\">Ni\u00e7a si plora.<\/h2>\n<h2 style=\"text-align: justify;\">Av\u00e8m emparat l\u2019informacion dau n\u00f2stre enfant que nen son\u00e8t de l\u2019autra man de Fran\u00e7a, de nuech, per aver de n\u00f2vas&#8230; De l\u2019ostalada degun l\u2019i \u00e8ra mas de segur de monde que conoiss\u00e8m son tocats, Ni\u00e7a es un vilatge&#8230;<\/h2>\n<h2 style=\"text-align: justify;\">Que faire, quora d\u2019unu an minga resp\u00e8ct de la vida, an laissat tota umanitat&#8230;<br \/>\nN\u2019i a que parlan de bandieras. Non si\u00e1u ieu que anerai metre quauqua sigue bandiera.<\/h2>\n<h2 style=\"text-align: justify;\">Capissi ben la demanda de si faire veire en cada luec, de si metre en avant.<\/h2>\n<h2 style=\"text-align: justify;\">Aquelu qu\u2019an besonh de bandieras, li laissi. Aquelu caps de carta pista que son lu premiers a si metre sus la f\u00f2to \u00f2 a escriure de comunicats, li laissi la pla\u00e7a.<\/h2>\n<h2 style=\"text-align: justify;\">Cau ben veire que d\u2019accions coma aquesta de dij\u00f2us son menadi ren contra una persona, una ciutat, un pa\u00eds&#8230;. Es l\u2019umanitat entiera qu\u2019es dins la mira.<\/h2>\n<h2 style=\"text-align: justify;\">P\u00f2rti lo d\u00f2u de la joveneta que, gaire de temps fa, a l\u2019esc\u00f2la, portava de proj\u00e8cts per la sieu vida e que m\u2019emparan ancuei que fugu\u00e8t sagatada &#8230;<\/h2>\n<h2 style=\"text-align: justify;\">P\u00f2rti lo d\u00f2u au dedins dau mieu c\u00f2r e lo partissi m\u00e9 l\u2019enfant lo mendre que deu cr\u00e9isser m\u2019aquelu imatges de violen\u00e7a que non sab\u00e8m encara li espranhar, que sigue aqu\u00ed au n\u00f2stre \u00f2 dins quauque pa\u00eds que sigue dau n\u00f2stre jardinet de la tant b\u00e8la t\u00e8rra, pura.<\/h2>\n<h2 style=\"text-align: justify;\">De que sierve d\u2019assaupre se li victimas son ni\u00e7ardi \u00f2 forestieri ? Una vida a mai de pes qu\u2019una autra ? Venon toti dau p\u00f2ble dei \u00f2mes, segadi d\u2019azard, e li planh\u00e8m.<\/h2>\n<h2 style=\"text-align: justify;\">Aimi mai que si p\u00f2rge un brot d\u2019olivier que mila bandieras, que son, soventi fes, arboradi per devidre lo monde.<\/h2>\n<h2 style=\"text-align: justify;\">Cen que capissi encara mai ben la noblessa dau resp\u00e8ct per cada persona. Cadun a la sieu m\u00f2da a besonh d\u2019exprimir la pena prefonda. Lo Royer dins la sieu cronica canta <em>\u00d2 la mieu paura Ni\u00e7a, regina de li plors<\/em>&#8230; Lo Gilli torn\u00e8t legir lo t\u00e8xte de Fran\u00e7on Dalbera e estamp\u00e8t <em>Plora, Ni\u00e7a, esto sera<\/em>&#8230; per lo pegar sus la p\u00f2rta de l\u2019imuble. Mi venon li paraulas de Mistral <em>O Santi Maria \/ Que poudes en flour \/ Chanja n\u00f2sti plour \/ Clinas l\u00e8u l\u2019auriho \/ De-vers ma dolour&#8230;<\/em><\/h2>\n<h2 style=\"text-align: justify;\">La n\u00f2stra associacion, coma tant d\u2019autri, saluda la mem\u00f2ria dei victimas innocenti de la barbaria e partisse la dolor dei familhas que ploran la sieu parent\u00e8la, lu sieus enfants venguts faire f\u00e8sta de la n\u00f2stra Rep\u00fablica francea sus la Prom\u2019.<\/h2>\n<h2 style=\"text-align: justify;\">Lo ciel flamejava de colors. L\u2019escurantisme un c\u00f2up mai jit\u00e8t un vel negre sus lo p\u00f2ble.<\/h2>\n<h2 style=\"text-align: justify;\">Siam de c\u00f2r emb\u00e9 aquelu que son estats macats \u00f2 c\u00f2r macat.<\/h2>\n<h2 style=\"text-align: justify;\">Av\u00e8m besonh sobretot de paraulas apaisanti &#8211; se\u2019n trovan de tant b\u00e8li dins mantuni lengas\u00a0-, coma li sabon dire lu c\u00f2rs aimants e li rasons rasonanti, av\u00e8m besonh de si recampar per portar mai aut li valors n\u00f2stri : amor, paratge, conviven\u00e7a.<\/h2>\n<h2 style=\"text-align: justify;\">Que faire ? Per nautres, si dev\u00e8m d\u2019anar de l\u2019avant, sensa fin, mostrar lo n\u00f2stre bonur de viure ensems, partir li n\u00f2stri diferen\u00e7as, faire con\u00f3isser li riquessas de la n\u00f2stra lenga e de la n\u00f2stra curtura, laurar la n\u00f2stra amistat, descurbir d\u2019orizonts nov\u00e8us, viure lu n\u00f2stres proj\u00e8cts m\u00e9 gaug, semenar de granas d\u2019amor, recampar li gents, educar a la toleren\u00e7a e a la fraternitat&#8230;<\/h2>\n<h2 style=\"text-align: justify;\">Catarina e Marianna si donan la man e siam dap\u00e9 d\u2019eli per faire viure la democracia.<br \/>\nSi\u00e1u Ni\u00e7a. Siam Ni\u00e7a. Siam un monde gener\u00f3s e frairau&#8230; Donem-nos la man.<\/h2>\n<h2 style=\"text-align: justify;\"><span style=\"color: #0000ff;\"><em><strong>Joan-P\u00e8ire Spies<\/strong><\/em><\/span><br \/>\n<span style=\"color: #0000ff;\"><em> President de l\u2019IEO-06<\/em><\/span><\/h2>\n<h2 style=\"text-align: justify;\"><span style=\"color: #008000;\">Nous avons appris l\u2019information par notre fils qui nous a appel\u00e9s<a href=\"http:\/\/alternatifs81.fr\/wp-content\/uploads\/petits-anges-de-la-baie1-b9e9d.jpg\"  rel=\"lightbox[18069] attachment wp-att-18085\"><img loading=\"lazy\" decoding=\"async\" class=\"alignright wp-image-18085 size-medium\" src=\"http:\/\/alternatifs81.fr\/wp-content\/uploads\/petits-anges-de-la-baie1-b9e9d-209x300.jpg\" alt=\"petits-anges-de-la-baie1-b9e9d\" width=\"209\" height=\"300\" srcset=\"https:\/\/alternatifs81.fr\/wp-content\/uploads\/petits-anges-de-la-baie1-b9e9d-209x300.jpg 209w, https:\/\/alternatifs81.fr\/wp-content\/uploads\/petits-anges-de-la-baie1-b9e9d.jpg 420w\" sizes=\"auto, (max-width: 209px) 100vw, 209px\" \/><\/a> de l\u2019autre bout de la France, en pleine nuit, pour avoir des nouvelles&#8230;<\/span><br \/>\n<span style=\"color: #008000;\"> De notre famille personne n\u2019y \u00e9tait mais bien s\u00fbr nous connaissons des gens qui sont concern\u00e9s directement, Nice est un village&#8230;<\/span><\/h2>\n<h2 style=\"text-align: justify;\"><span style=\"color: #008000;\">Que faire, quand des individus n\u2019ont aucun respect de la vie, quand ils ont abandonn\u00e9 toute humanit\u00e9&#8230;<\/span><br \/>\n<span style=\"color: #008000;\"> Il y en a qui parlent de drapeaux.<\/span><br \/>\n<span style=\"color: #008000;\"> Ce n\u2019est pas moi qui irai mettre quelque drapeau que ce soit.<\/span><\/h2>\n<h2 style=\"text-align: justify;\"><span style=\"color: #008000;\">Je comprends bien la demande de se montrer partout, de se mettre en avant.<\/span><br \/>\n<span style=\"color: #008000;\"> Ceux qui ont besoin de drapeaux, je les leur laisse. Ces petits chefs de carnaval qui sont les premiers \u00e0 se mettre sur la photo ou \u00e0 \u00e9crire des communiqu\u00e9s, je leur laisse la place.<\/span><\/h2>\n<h2 style=\"text-align: justify;\"><span style=\"color: #008000;\">Il faut bien se rendre compte que des actions comme celle de jeudi ne sont pas faites contre une personne, une ville, un pays&#8230;. C\u2019est l\u2019humanit\u00e9 toute enti\u00e8re qui est vis\u00e9e.<\/span><br \/>\n<span style=\"color: #008000;\"> Je porte le deuil d\u2019une adolescente qui, il y a peu, \u00e0 l\u2019\u00e9cole, faisait des projets pour sa vie et dont j\u2019apprends aujourd\u2019hui qu\u2019elle a \u00e9t\u00e9 assassin\u00e9e&#8230;<\/span><\/h2>\n<h2 style=\"text-align: justify;\"><span style=\"color: #008000;\">Je porte le deuil au fond de mon c\u0153ur et je le partage avec le moindre des enfants qui devra grandir avec ces images de violence que nous ne savons pas encore lui \u00e9pargner, qu\u2019il se trouve ici chez nous ou dans quelque pays que ce soit du jardin de notre terre qui pourrait \u00eatre si belle, pourtant.<\/span><\/h2>\n<h2 style=\"text-align: justify;\"><span style=\"color: #008000;\">A quoi nous sert de savoir si les victimes sont ni\u00e7oises ou viennent d\u2019ailleurs ? Une vie a plus de poids qu\u2019une autre ? Elles sont toutes du peuple des hommes, fauch\u00e9es au hasard, et nous les pleurons.<\/span><\/h2>\n<h2 style=\"text-align: justify;\"><span style=\"color: #008000;\">Je pr\u00e9f\u00e8re qu\u2019il leur soit port\u00e9 un brin d\u2019olivier que mille drapeaux, qui sont, souvent, brandis pour diviser les gens.<\/span><\/h2>\n<h2 style=\"text-align: justify;\"><span style=\"color: #008000;\">Ce que je comprends encore mieux, c\u2019est la noblesse du respect d\u00fb \u00e0 chaque personne. Chacun \u00e0 sa mani\u00e8re a besoin d\u2019exprimer sa peine profonde. Royer dans sa chronique chante <em>Oh ma pauvre Nice, reine des pleurs<\/em>&#8230; Gilli a relu le texte de Fran\u00e7on Dalbera et a imprim\u00e9 <em>Pleure, Nice, ce soir<\/em>&#8230; pour le mettre sur la porte de son immeuble. Me viennent les vers de Mistral <em>Oh Saintes Maries \/ Qui pouvez en fleurs \/ Changer nos pleurs \/ Penchez vite l\u2019oreille \/ Vers ma douleur<\/em>&#8230;<\/span><\/h2>\n<h2 style=\"text-align: justify;\"><span style=\"color: #008000;\">Notre association, parmi tant d\u2019autres voix, salue la m\u00e9moire des victimes innocentes de la barbarie et partage la douleur des familles qui pleurent leurs proches, leurs enfants venus c\u00e9l\u00e9brer la f\u00eate de notre R\u00e9publique fran\u00e7aise sur la Prom\u2019.<\/span><br \/>\n<span style=\"color: #008000;\"> Le ciel \u00e9tait flamboyant de couleurs. L\u2019obscurantisme une nouvelle fois a jet\u00e9 un voile noir sur le peuple.<\/span><br \/>\n<span style=\"color: #008000;\"> Nous sommes de tout c\u0153ur aupr\u00e8s de ceux qui ont \u00e9t\u00e9 meurtris dans leur chair ou dans leur c\u0153ur.<\/span><\/h2>\n<h2 style=\"text-align: justify;\"><span style=\"color: #008000;\">Nous avons besoin surtout de mots apaisants -il en existe de si beaux dans toutes les langues-, comme savent en dire les c\u0153urs aimants et les esprits raisonnants, nous avons besoin de nous rassembler pour porter plus haut les valeurs qui nous sont ch\u00e8res : amour, noblesse de c\u0153ur, vivre ensemble.<\/span><\/h2>\n<h2 style=\"text-align: justify;\"><span style=\"color: #008000;\">Que faire ? Pour nous, il faut continuer, sans cesse, \u00e0 montrer notre bonheur de vivre ensemble, \u00e0 partager nos diff\u00e9rences, \u00e0 faire conna\u00eetre les richesses de notre langue et de notre culture, \u00e0 cultiver notre amiti\u00e9, \u00e0 d\u00e9couvrir des horizons nouveaux, \u00e0 construire joyeusement nos projets, \u00e0 semer des graines d\u2019amour, \u00e0 rassembler les gens, \u00e0 \u00e9duquer \u00e0 la tol\u00e9rance et \u00e0 la fraternit\u00e9&#8230;<\/span><\/h2>\n<h2 style=\"text-align: justify;\"><span style=\"color: #008000;\">Catherine et Marianne se donnent la main et nous sommes aupr\u00e8s d\u2019elles pour faire vivre la d\u00e9mocratie.<\/span><\/h2>\n<h2 style=\"text-align: justify;\"><span style=\"color: #008000;\">Je suis Nice. Nous sommes Nice. Nous sommes un monde g\u00e9n\u00e9reux et fraternel&#8230; Donnons-nous la main.<\/span><\/h2>\n<h2 style=\"text-align: justify;\"><span style=\"color: #008000;\">Jean-Pierre Spies<\/span><br \/>\n<span style=\"color: #008000;\"> pr\u00e9sident de l\u2019IEO-06<\/span><\/h2>\n<h2><span style=\"text-decoration: underline;\">Collectif anti-guerre :\u00a0<\/span>\u00a0 <span style=\"color: #008000;\"><em>une proposition de communiqu\u00e9<\/em><\/span><\/h2>\n<p>&nbsp;<\/p>\n<h1 style=\"text-align: center;\"><span style=\"color: #808000;\">Halte \u00e0 la guerre, Halte \u00e0 l&rsquo;\u00e9tat de guerre<\/span><\/h1>\n<p>&nbsp;<\/p>\n<h2 style=\"text-align: justify;\"><a href=\"http:\/\/alternatifs81.fr\/wp-content\/uploads\/51794791_p.jpg\"  rel=\"lightbox[18069] attachment wp-att-17499\"><img loading=\"lazy\" decoding=\"async\" class=\"alignleft wp-image-17499 size-medium\" src=\"http:\/\/alternatifs81.fr\/wp-content\/uploads\/51794791_p-222x300.jpg\" alt=\"51794791_p\" width=\"222\" height=\"300\" \/><\/a>Les charognards se l\u00e2chent!<\/h2>\n<h2 style=\"text-align: justify;\">Alors que tout indique que le carnage est l\u2019acte d\u2019un individu en \u00e9tat de d\u00e9mence. Que les vies d\u00e9truites par sa d\u00e9mence valent toutes les vies.<\/h2>\n<h2 style=\"text-align: justify;\">Alors que l\u2019on sait, maintenant, que le m\u00eame individu, de nationalit\u00e9 tunisienne, a fini par trouver un v\u00e9ritable exutoire \u00e0 sa d\u00e9mence dans les appels de DAESH \u00e0 ex\u00e9cuter par n\u2019importe quel moyen des attentats dans les pays impliqu\u00e9s dans la coalition internationale qui bombardent quotidiennement en Syrie ou en Irak et provoquent les m\u00eames carnages que ceux de Nice, de Paris ou de Bruxelles.<\/h2>\n<h2 style=\"text-align: justify;\">Alors que l\u2019on sait que dans son discours \u00e0 la nation, le pr\u00e9sident Hollande, en pleine possession de tous ses moyens, a d\u00e9roul\u00e9 la feuille de route pour les prochains carnages annonc\u00e9s \u00e0 Mossoul avec l\u2019appareillage, outre d\u2019un porte avions, de tout l\u2019attirail militaire dont dispose le troisi\u00e8me marchand de canons au monde, qu\u2019est la France.<\/h2>\n<h2 style=\"text-align: justify;\">Alors que cet acte sans nom, qu\u2019aucune \u00ab politique s\u00e9curitaire \u00bb <span style=\"color: #ff0000;\"><em>(et la ville d\u2019Estrosi avec ses\u00a0 dizaines milliers de cam\u00e9ras et sa police municipale arm\u00e9e fut dans l\u2019incapacit\u00e9 de pr\u00e9venir sa r\u00e9alisation)<\/em><\/span> ne peut \u00ab pr\u00e9voir \u00bb, ni contrecarrer; parce que personne ne peut emp\u00eacher un d\u00e9ment de se faire exploser au milieu d\u2019une foule; les charognards du monde des m\u00e9dias, ou du monde des bateleurs d\u2019estrades que l\u2019on nomme \u00e0 tord \u00ab politique \u00bb reprennent en coeur la m\u00eame litanie du \u00ab tout s\u00e9curitaire \u00bb.<\/h2>\n<h2 style=\"text-align: justify;\">Les m\u00eame bateleurs d\u2019estrades et leur chiens de garde n\u2019en finissent pas d\u2019agiter, en v\u00e9ritable pousse au crime, de nouvelles propositions en mati\u00e8re de fichage extr\u00eame, de centres de r\u00e9tention pour les fiches \u00ab S \u00bb, de centres de \u00ab d\u00e9radicalisation \u00bb, d\u2019expulsions de masses et la stigmatisation de \u00ab musulmans \u00bb qui servent de paillassons, sur le dos desquels tout ce que ce pays compte de cr\u00e9tins, se croit permis de s\u2019essuyer les pieds.<\/h2>\n<h2 style=\"text-align: justify;\">Gageons que ce sont les strat\u00e8ges de Daesh qui se frottent les<a href=\"http:\/\/alternatifs81.fr\/wp-content\/uploads\/PC120064-Small-1.jpg\"  rel=\"lightbox[18069] attachment wp-att-9767\"><img loading=\"lazy\" decoding=\"async\" class=\"alignright wp-image-9767 size-medium\" src=\"http:\/\/alternatifs81.fr\/wp-content\/uploads\/PC120064-Small-1-300x204.jpg\" alt=\"OLYMPUS DIGITAL CAMERA\" width=\"300\" height=\"204\" srcset=\"https:\/\/alternatifs81.fr\/wp-content\/uploads\/PC120064-Small-1-300x204.jpg 300w, https:\/\/alternatifs81.fr\/wp-content\/uploads\/PC120064-Small-1.jpg 609w\" sizes=\"auto, (max-width: 300px) 100vw, 300px\" \/><\/a> mains en \u00e9tant s\u00fbr d\u2019une chose: la \u00ab pompe \u00e0 haine \u00bb continuera \u00e0 leur faire gagner de nouvelles all\u00e9geances parmi les \u00ab fous de dieu \u00bb et les \u00ab fous \u00bb tout court.<\/h2>\n<h2 style=\"text-align: justify;\">Aucune voix, si ce n\u2019est dans les milieux qui s\u2019opposent depuis plusieurs mois \u00e0 l\u2019 \u00ab \u00e9tat de guerre \u00bb int\u00e9rieur: Loi d\u2019urgence (prorog\u00e9e pour encore quelques mois); Loi Travail impos\u00e9e par la guillotine du 49\/3 etc; ne s\u2019est \u00e9lev\u00e9e pour d\u00e9noncer les nouvelles rodomontades d\u2019un ex\u00e9cutif aux abois, \u00e0 quelques mois de l\u2019\u00e9ch\u00e9ance pr\u00e9sidentielle.<\/h2>\n<h2 style=\"text-align: justify;\">Oui il y a urgence, celle d\u2019arr\u00eater les carnages annonc\u00e9s et qui viendront endeuiller, apr\u00e8s ceux ex\u00e9cut\u00e9s apr\u00e8s les attentats de Paris,\u00a0 non des dizaines de familles, mais des milliers, voir des dizaines de milliers de familles.<\/h2>\n<h2 style=\"text-align: justify;\">Et l\u00e0, ce sont des bombes fran\u00e7aises, europ\u00e9ennes, russes ou am\u00e9ricaines largu\u00e9es par des \u00e9tat-majors militaires ex\u00e9cutant des ordres \u00e9manant des ex\u00e9cutifs euro\/russo\/am\u00e9ricains.<\/h2>\n<h2 style=\"text-align: justify;\">Les familles elles sont irakiennes, syriennes, kurdes de toutes confessions, et payent depuis des ann\u00e9es le prix fort de la d\u00e9mence des dirigeants des puissances qui nous gouvernent.<\/h2>\n<h2 style=\"text-align: justify;\">Halte \u00e0 la guerre, Halte \u00e0 l\u2019\u00e9tat de guerre.<\/h2>\n<h2 style=\"text-align: justify;\"><\/h2>\n<p>&nbsp;<\/p>\n<h1 style=\"text-align: justify;\" align=\"center\"><span style=\"color: #808000;\"><span style=\"text-decoration: underline; color: #000000;\">AFPS :<\/span><em> Apr\u00e8s la tuerie de Nice, il faut s\u2019opposer \u00e0 la r\u00e9cup\u00e9ration ind\u00e9cente par Isra\u00ebl et ses soutiens<\/em><\/span><\/h1>\n<h2 style=\"text-align: justify;\" align=\"center\"><span id=\"OBJ_PREFIX_DWT544_com_zimbra_url\" class=\"Object\"><a class=\"moz-txt-link-freetext\" href=\"http:\/\/www.france-palestine.org\/Apres-la-tuerie-de-Nice-il-faut-s-opposer-a-la-recuperation-indecente-par\" target=\"_blank\">http:\/\/www.france-palestine.org\/Apres-la-tuerie-de-Nice-il-faut-s-opposer-a-la-recuperation-indecente-par<\/a><\/span><\/h2>\n<h2 style=\"text-align: justify;\">Le choc de l\u2019attentat de Nice suscite des r\u00e9actions extr\u00eamement inqui\u00e9tantes parmi les responsables politiques et singuli\u00e8rement chez certains \u00e9lus des Alpes-Maritimes.<\/h2>\n<h2 style=\"text-align: justify;\">Venant d\u2019h<a href=\"http:\/\/alternatifs81.fr\/wp-content\/uploads\/logo_nat.gif\"  rel=\"lightbox[18069] attachment wp-att-6466\"><img loading=\"lazy\" decoding=\"async\" class=\"alignleft wp-image-6466\" src=\"http:\/\/alternatifs81.fr\/wp-content\/uploads\/logo_nat.gif\" alt=\"logo_nat\" width=\"160\" height=\"172\" \/><\/a>abituels supporters inconditionnels de la politique isra\u00e9lienne, nous ne sommes pas surpris de les voir jour apr\u00e8s jour montrer en mod\u00e8le l\u2019exemple isra\u00e9lien en mati\u00e8re de lutte contre le terrorisme, la France ayant comme le dit savamment l\u2019un d\u2019eux \u00ab les m\u00eames ennemis (sic) \u00bb. Ces propos sonnent comme une insulte aux victimes et \u00e0 leurs familles qui m\u00e9ritent autre chose que ce genre de business sur leur dos.<\/h2>\n<h2 style=\"text-align: justify;\">Pour tel \u00ab penseur \u00bb de haut vol qui se l\u00e2che dans \u00ab Le Figaro \u00bb, il faut \u00ab restreindre le spectre des libert\u00e9s fondamentales \u00bb, \u00ab passer au niveau sup\u00e9rieur dans la r\u00e9pression et s\u2019inspirer de l\u2019exemple d\u2019Isra\u00ebl confront\u00e9 \u00e0 cette situation depuis 40 ans \u00bb.<\/h2>\n<h2 style=\"text-align: justify;\">Non, nous ne sommes pas confront\u00e9s \u00e0 la m\u00eame situation : ce n\u2019est pas \u00e0 l\u2019organisation de \u00ab\u00a0l\u2019\u00c9tat Islamique\u00a0\u00bb que l\u2019\u00c9tat d\u2019Isra\u00ebl est confront\u00e9, mais \u00e0 un peuple, le peuple palestinien, dont il continue \u00e0 confisquer la terre, qu\u2019il occupe, colonise, assi\u00e8ge, et plonge dans la mis\u00e8re et la r\u00e9volte.<\/h2>\n<h2 style=\"text-align: justify;\">Et non, nous ne voulons en aucun cas \u00eatre prendre mod\u00e8le sur l\u2019\u00c9tat d\u2019Isra\u00ebl : jamais dans l\u2019histoire le pouvoir isra\u00e9lien, dont toutes les r\u00e9f\u00e9rences morales ont disparu au profit de l\u2019occupation et de la colonisation de la Palestine, ne s\u2019est autant attaqu\u00e9 aux libert\u00e9s de ses propres citoyens, au point qu\u2019un ancien Premier ministre d\u00e9clare y d\u00e9celer des \u00ab\u00a0germes de fascisme\u00a0\u00bb.<\/h2>\n<h2 style=\"text-align: justify;\">Non, nous ne devons pas nous inspirer de l\u2019\u00a0\u00bbexemple isra\u00e9lien\u00a0\u00bb, mais au contraire cesser toute coop\u00e9ration militaire et s\u00e9curitaire avec l\u2019\u00c9tat d\u2019Isra\u00ebl tant que ce pays viole le droit international. Pour \u00e9viter de voir \u00e0 nouveau les familles de Gaza massacr\u00e9es par des missiles isra\u00e9liens utilisant des composants fran\u00e7ais, comme vient de le mettre en \u00e9vidence la plainte d\u2019une famille de Gaza soutenue par l\u2019ACAT (association des chr\u00e9tiens pour l\u2019abolition de la torture).<\/h2>\n<h2 style=\"text-align: justify;\">Et parce que le combat pour la s\u00e9curit\u00e9 ne peut pas \u00eatre s\u00e9par\u00e9 du combat pour le droit.<\/h2>\n<h2 style=\"text-align: justify;\">Le Bureau national<\/h2>\n<p>&nbsp;<\/p>\n<h2 class=\"moz-signature\" style=\"text-align: justify;\"><em>&#8212;<\/em><br \/>\n<em> <b>Association France Palestine Solidarit\u00e9 (AFPS)<\/b><\/em><br \/>\n<em> 21 ter Rue Voltaire 75011 Paris<\/em><br \/>\n<em> T\u00e9l. : 01 43 72 15 79<\/em><br \/>\n<em> Fax. : 09 56 03 15 79<\/em><br \/>\n<em> Suivez l&rsquo;AFP<\/em>S sur <span id=\"OBJ_PREFIX_DWT545_com_zimbra_url\" class=\"Object\"><a href=\"http:\/\/www.france-palestine.org\/\" target=\"_blank\">www.france-palestine.org<\/a><\/span><a>, <\/a><span id=\"OBJ_PREFIX_DWT546_com_zimbra_url\" class=\"Object\"><a href=\"https:\/\/www.facebook.com\/AFPS-Association-France-Palestine-Solidarit%C3%A9-124250694261509\/timeline\/\" target=\"_blank\">Facebook<\/a><\/span><a> et <\/a><span id=\"OBJ_PREFIX_DWT547_com_zimbra_url\" class=\"Object\"><a href=\"https:\/\/twitter.com\/afpsofficiel\" target=\"_blank\">Twitter<\/a><\/span><a><br \/>\n<\/a><\/h2>\n<h1><strong><span style=\"color: #808000;\">Paris, Bruxelles, Nice, mais aussi Beyrouth, Bagdad, Istanbul, Orlando et tant d&rsquo;autres&#8230;<\/span> <\/strong><\/h1>\n<h2 style=\"text-align: justify;\"><strong>L&rsquo;Association Europ\u00e9enne pour la d\u00e9fense des Droits de l&rsquo;Homme<\/strong> condamne ce qui ne peut \u00eatre consid\u00e9r\u00e9 que comme un crime horrible. L&rsquo;AEDH s&rsquo;incline devant les victimes et assure leurs proches de sa solidarit\u00e9. Les actes violents \u00e0 l\u2019encontre d\u2019autres \u00eatres humains restent injustifiables, o\u00f9 qu&rsquo;ils soient, quels qu&rsquo;ils soient. Mais ils pourraient avoir un but : diviser et s\u00e9parer, instaurer la peur et faire croire qu&rsquo;une communaut\u00e9 de destins et de vie ne peut se construire que dans le rejet, la guerre et la mort des autres. En la mati\u00e8re, alors que la base territoriale revendiqu\u00e9e des commanditaires semble en passe d&rsquo;\u00eatre liquid\u00e9e, le danger persiste : accul\u00e9 \u00e0 la d\u00e9fensive, Daesh d\u00e9veloppe de nouvelles m\u00e9thodes faites d&rsquo;armes par destination mues par des auteurs difficilement identifiables.<\/h2>\n<h2 style=\"text-align: justify;\">L&rsquo;AEDH d\u00e9nonce d\u00e8s lors le maintien d&rsquo;un discours qui fait croire \u00e0 l&rsquo;assurance illusoire de la s\u00e9curit\u00e9 au prix des libert\u00e9s et des droits. Mensonge, surench\u00e8re et danger : telles en sont les caract\u00e9ristiques. Car la d\u00e9monstration est faite que l&rsquo;affaiblissement des droits civiques et des libert\u00e9s publiques n&rsquo;est pas une solution, et ne fait que favoriser la naissance de ces actes horribles. Car la surench\u00e8re et la pr\u00e9sentation de fausses solutions face aux peurs de la population sont le fonds de commerce habituel de ces politiques qui utilisent ces m\u00eames peurs pour leur (re)conqu\u00eate du pouvoir. Car le danger est de faire croire aux uns et aux autres que l&rsquo;avenir est dans la s\u00e9paration entre les groupes au nom d&rsquo;une origine assign\u00e9e et d&rsquo;une religion impos\u00e9e.<\/h2>\n<h2 style=\"text-align: justify;\">L&rsquo;AEDH exprime tout son soutien \u00e0 son organisation membre en France. Elle consid\u00e8re comme valables pour tous en Europe et dans le monde les phrases du communiqu\u00e9 de presse de la LDH : \u00ab Face \u00e0 la violence et \u00e0 la strat\u00e9gie de la tension auxquelles nous sommes confront\u00e9s, elle appelle \u00e0 r\u00e9sister \u00e0 la tentation d\u2019y r\u00e9pondre par une restriction de la vie d\u00e9mocratique et des libert\u00e9s publiques. C\u2019est bien la capacit\u00e9 de mobilisation de la soci\u00e9t\u00e9 civile s\u2019appuyant sur les principes de droits et de libert\u00e9s qui constitue la meilleure garantie pour pr\u00e9server les fondements de notre choix collectif de soci\u00e9t\u00e9 \u00bb, qui ne peut \u00eatre que fond\u00e9e sur la dignit\u00e9 humaine, la libert\u00e9, l\u2019\u00e9galit\u00e9, et la fraternit\u00e9 entre les peuples.<\/h2>\n<h2 style=\"text-align: right;\"><span style=\"color: #0000ff;\"><em>Bruxelles, le 18 juillet 2016<\/em><\/span><\/h2>\n<p>&nbsp;<\/p>\n<table border=\"0\" cellspacing=\"0\" cellpadding=\"0\">\n<tbody>\n<tr>\n<td><\/td>\n<td>\n<h2 class=\"post-title\" style=\"text-align: center;\"><span id=\"OBJ_PREFIX_DWT730_com_zimbra_url\" class=\"Object\"><a href=\"http:\/\/worldpeacethreatened.com\/2016\/07\/18\/ni-islam-ni-folie-la-terreur-est-politique\/\" target=\"_blank\">Ni islam, ni folie, la terreur est\u00a0politique<\/a><\/span><\/h2>\n<p>&nbsp;<\/td>\n<\/tr>\n<\/tbody>\n<\/table>\n<div class=\"post-content\">\n<h3><em><span style=\"color: #0000ff;\">par Bruno Guigue<\/span><\/em><\/h3>\n<h3><span id=\"OBJ_PREFIX_DWT732_com_zimbra_date\" class=\"Object\"><em><span style=\"color: #0000ff;\">18 juillet 2016<\/span> <\/em><br \/>\n<\/span><\/h3>\n<h2><span id=\"OBJ_PREFIX_DWT733_com_zimbra_url\" class=\"Object\"><a href=\"http:\/\/arretsurinfo.ch\/ni-islam-ni-folie-la-terreur-est-politique-par-bruno-guigue\/\" target=\"_blank\" rel=\"nofollow\">http:\/\/arretsurinfo.ch\/ni-islam-ni-folie-la-terreur-est-politique-par-bruno-guigue\/<\/a><\/span><\/h2>\n<h2 style=\"text-align: justify;\"><span id=\"OBJ_PREFIX_DWT734_com_zimbra_url\" class=\"Object\"><a href=\"https:\/\/worldpeacethreatened.files.wordpress.com\/2016\/07\/nice-camion-crible-de-balles-de-l-auteur-de-l-attentat-sanglant-de-nice-le-15-juillet-2016_5638915.jpg\" target=\"_blank\" rel=\"lightbox[18069]\"><img decoding=\"async\" class=\"size-medium wp-image-688 alignleft\" src=\"https:\/\/worldpeacethreatened.files.wordpress.com\/2016\/07\/nice-camion-crible-de-balles-de-l-auteur-de-l-attentat-sanglant-de-nice-le-15-juillet-2016_5638915.jpg?w=300\" alt=\"nice-camion-crible-de-balles-de-l-auteur-de-l-attentat-sanglant-de-nice-le-15-juillet-2016_5638915\" border=\"0\" \/><\/a><\/span>Des premiers \u00e9l\u00e9ments de l\u2019enqu\u00eate, il ressort que l\u2019auteur de l\u2019ignoble tuerie de Nice se moquait de la religion comme d\u2019une guigne, ne faisait pas la pri\u00e8re, ne respectait pas le je\u00fbne du ramadan, collectionnait les conqu\u00eates masculines et f\u00e9minines, menait une vie dissolue, affectionnait les sites internet violents et avait une f\u00e2cheuse tendance \u00e0 r\u00e9gler ses diff\u00e9rends au pistolet automatique. Il est temps, me semble-t-il, de tirer quelques enseignements d\u2019un tel portrait, qui est d\u00e9sormais de l\u2019ordre des faits, et d\u2019analyser les dommages collat\u00e9raux qu\u2019il ne peut manquer d\u2019exercer quant \u00e0 leur interpr\u00e9tation.<\/h2>\n<h2 style=\"text-align: justify;\">A des ann\u00e9es-lumi\u00e8re de la pratique islamique la plus courante, ce portrait de l\u2019auteur de la tuerie du 14 juillet en jouisseur compulsif, irascible et sans tabou, en effet, n\u2019est pas sans int\u00e9r\u00eat. Il couvre de ridicule, c\u2019est le moins qu\u2019on puisse dire, la meute des t\u00e9l\u00e9-experts prompts \u00e0 d\u00e9nicher la qu\u00eate du frisson apocalyptique chez n\u2019importe quelle petite frappe du djihad global. Pour ceux qui ne veulent voir dans le terrorisme que le stade supr\u00eame du fanatisme religieux, le d\u00e9menti est cat\u00e9gorique et sans appel. Difficile, d\u00e9sormais, de soutenir la th\u00e8se de la responsabilit\u00e9 imm\u00e9moriale de l\u2019islam, quand on sait que le meurtrier \u00e9tait musulman comme les Borgia \u00e9taient catholiques et que 10 des 84 victimes du massacre de Nice, en revanche, \u00e9taient bien de confession musulmane.<\/h2>\n<h2 style=\"text-align: justify;\">Cet examen impitoyable des faits renvoie aussi dans les cordes ces politiciens avides qui se jettent sur l\u2019islam comme sur une proie facile au moindre \u00e9v\u00e9nement susceptible de jeter de l\u2019huile sur le feu. R\u00eavant sans doute de d\u00e9passer le FN sur sa droite en se livrant \u00e0 une man\u0153uvre audacieuse, ils ne voient pas qu\u2019ils se couvrent de honte tout en creusant leur tombe, politiquement s\u2019entend. Lorsque l\u2019un d\u2019eux r\u00e9clame \u00e0 cor et \u00e0 cri l\u2019interdiction du voile islamique, en France, pour lutter contre le terrorisme, on ne sait d\u2019ailleurs s\u2019il faut en rire ou en pleurer, tant le propos est grotesque et la tentative de manipulation si patente.<\/h2>\n<h2 style=\"text-align: justify;\">A l\u2019\u00e9vidence, l\u2019auteur de l\u2019abominable crime de Nice avait en lui une violence sourde. Nourrie de ses \u00e9checs et de ses frustrations, cette violence, le tueur de la Promenade des Anglais l\u2019a soudain d\u00e9cha\u00een\u00e9e en commettant un acte horrible, un meurtre de masse. Mais pourquoi ? Au fond, nul ne le sait exactement. On pourra gloser sans fin sur ses motivations, recourir aux expertises les plus savantes, mobiliser toutes les ressources de la psychologie et de la sociologie, l\u2019objet d\u2019\u00e9tude a disparu avec l\u2019acte qui l\u2019a fait na\u00eetre. Le faisceau de ses justifications s\u2019est volatilis\u00e9 avec lui, dissipant \u00e0 jamais toute explication exhaustive. Que nous le voulions ou non, l\u2019engrenage qui conduisit au drame du 14 juillet risque de demeurer nimb\u00e9 de myst\u00e8re.<\/h2>\n<h2 style=\"text-align: justify;\">Cela ne signifie pas pour autant qu\u2019il n\u2019y ait rien \u00e0 comprendre. On a invoqu\u00e9 \u00e0 juste titre l\u2019absence de motivation politique explicite de la part du tueur. Mais tous les terroristes ne laissent pas \u00e0 l\u2019usage de la post\u00e9rit\u00e9 un testament politique destin\u00e9 \u00e0 justifier leurs forfaits. L\u2019absence de discours, en l\u2019occurrence, peut valoir tous les discours. Et puis, il faut bien admettre que cette lecture a-politique du geste criminel du 14 juillet est s\u00e9rieusement battue en br\u00e8che par sa revendication a posteriori. La justification de l\u2019acte par l\u2019organisation terroriste transforme l\u2019acte lui-m\u00eame \u00e0 l\u2019insu de son auteur, elle en dissipe l\u2019ambigu\u00eft\u00e9 initiale. Formul\u00e9e par Daech, cette revendication, dit-on, serait opportuniste. Mais qui peut le prouver ? Et cette preuve serait-elle fournie, que faudrait-il en d\u00e9duire ?<\/h2>\n<h2 style=\"text-align: justify;\">Ajout\u00e9 au mode op\u00e9ratoire utilis\u00e9 (le camion-b\u00e9lier), l\u2019endossement de l\u2019attentat par l\u2019organisation terroriste, sans l\u2019exclure absolument, para\u00eet invalider l\u2019hypoth\u00e8se d\u2019un acte isol\u00e9, d\u00e9nu\u00e9 de toute signification politique et commis sous l\u2019effet d\u2019un acc\u00e8s de folie. Oui, un attentat a bien \u00e9t\u00e9 accompli par un individu d\u00e9cid\u00e9 \u00e0 tuer aveugl\u00e9ment, et ce crime a \u00e9t\u00e9 revendiqu\u00e9 par une organisation terroriste internationale qui ne cesse d\u2019inviter ses affid\u00e9s \u00e0 le faire. Disposant de partisans diss\u00e9min\u00e9s partout et nulle part, Daech, en r\u00e9alit\u00e9, n\u2019a nul besoin d\u2019organiser les attentats en amont, puisqu\u2019il lui suffit de s\u2019en attribuer la paternit\u00e9 en aval, la violence de ces adeptes pass\u00e9s \u00e0 l\u2019acte s\u2019inscrivant spontan\u00e9ment dans le projet de subversion par la terreur qui constitue le fonds de commerce djihadiste depuis la cr\u00e9ation d\u2019Al-Qaida sous parrainage am\u00e9ricano-saoudien.<\/h2>\n<h2 style=\"text-align: justify;\">C\u2019est pourquoi l\u2019auteur du crime (individuel) et son parrain (collectif) en partagent clairement la responsabilit\u00e9. Ils coproduisent cette monstruosit\u00e9, l\u2019un parce qu\u2019il l\u2019a commise, l\u2019autre parce qu\u2019il la revendique. Le terrorisme n\u2019existe que parce qu\u2019il y a des petites frappes pour accomplir la sale besogne, mais il n\u2019y aurait pas de petites frappes s\u2019il n\u2019y avait aucune organisation pour diffuser des mots d\u2019ordre. On ne se lassera jamais de le r\u00e9p\u00e9ter : le terrorisme est une entreprise politique, et s\u2019il fournit \u00e0 des individus d\u00e9sax\u00e9s le moyen d\u2019exhaler leur mal-\u00eatre, c\u2019est parce que l\u2019organisation pr\u00e9existe \u00e0 cette pi\u00e9taille et l\u2019utilise comme \u00ab\u00a0soldats du djihad\u00a0\u00bb.<\/h2>\n<h2 style=\"text-align: justify;\">En interpr\u00e9tant le terrorisme sur le mode psychiatrique, au contraire, on s\u2019offre un alibi qui en occulte la signification. Exempt\u00e9 de toute rationalit\u00e9, y compris meurtri\u00e8re, le djihadisme est r\u00e9duit au statut de curiosit\u00e9 anthropologique. On en fait une sorte de trou noir de la pens\u00e9e, une aberration sans cause assignable, comme si rien ne pouvait l\u2019expliquer hormis le d\u00e9rangement mental de ses acteurs. On veut condamner les terroristes pour ce qu\u2019ils font, mais on les d\u00e9poss\u00e8de, en m\u00eame temps, de toute responsabilit\u00e9 politique. Comme celle qui n\u2019y voit que l\u2019empreinte de l\u2019islam, cette interpr\u00e9tation du ph\u00e9nom\u00e8ne djihadiste, en occultant sa motivation premi\u00e8re, le soustrait \u00e0 toute analyse rationnelle. Et elle jette un \u00e9cran de fum\u00e9e devant les raisons de ce p\u00e9ril mortel que nos dirigeants, par cynisme et l\u00e2chet\u00e9, ont fait cro\u00eetre en pr\u00e9tendant le combattre.<\/h2>\n<h2 style=\"text-align: justify;\"><span id=\"OBJ_PREFIX_DWT735_com_zimbra_url\" class=\"Object\"><a href=\"http:\/\/arretsurinfo.ch\/authors\/bruno-guigue\/\" target=\"_blank\">Bruno\u00a0Guigue,<\/a><\/span>\u00a0<span style=\"color: #008000;\"><em>ancien \u00e9l\u00e8ve de l\u2019\u00c9cole Normale Sup\u00e9rieure et de l\u2019ENA,\u00a0Haut fonctionnaire d\u2019Etat fran\u00e7ais, essayiste et politologue, professeur de philosophie dans l\u2019enseignement secondaire, charg\u00e9 de cours en relations internationales \u00e0 l\u2019Universit\u00e9 de La R\u00e9union. Il est\u00a0l\u2019auteur de cinq ouvrages, dont \u00ab\u00a0Aux origines du conflit isra\u00e9lo-arabe, L\u2019invisible remords de l\u2019Occident, L\u2019Harmattan, 2002\u00a0\u00bb, et de centaines d\u2019articles.<\/em><\/span><\/h2>\n<\/div>\n<h2 class=\"meta\" style=\"text-align: justify;\"><strong><span id=\"OBJ_PREFIX_DWT736_com_zimbra_url\" class=\"Object\"><a href=\"http:\/\/worldpeacethreatened.com\/author\/rensivo\/\" target=\"_blank\">Ivo Rens<\/a><\/span><\/strong> | <span id=\"OBJ_PREFIX_DWT737_com_zimbra_date\" class=\"Object\">18 juillet 2016<\/span><\/h2>\n<p>&nbsp;<\/p>\n<h1><span style=\"color: #808000;\"><strong>La Quadrature du Net<\/strong><\/span><\/h1>\n<h2><a href=\"https:\/\/www.laquadrature.net\/fr\/encore-une-fois\" target=\"_blank\">https:\/\/www.laquadrature.net\/fr\/encore-une-fois<\/a><\/h2>\n<h2 style=\"text-align: justify;\">Paris, 18 juillet 2016 \u2014<span style=\"color: #008000;\"> <strong>La Quadrature du Net publie ici une tribune de Philippe Aigrain, co-fondateur et pr\u00e9sident de La Quadrature du Net.<\/strong><\/span><\/h2>\n<h2 style=\"text-align: justify;\">Encore une fois. Mais encore quoi ? On ne sait m\u00eame pas. Encore des dizaines de morts, des bless\u00e9s en plus grand nombre. Encore un \u00eatre humain<a id=\"footnoteref1_sn50t1c\" class=\"\" title=\"Oui, il vaut mieux regarder en face le fait que ce sont des \u00eatres humains qui commettent ces massacres.\" href=\"https:\/\/www.laquadrature.net\/fr\/encore-une-fois#footnote1_sn50t1c\" target=\"_blank\">1<\/a> qui les a emport\u00e9s dans sa trajectoire de violence et d&rsquo;autodestruction et qu&rsquo;on pr\u00e9sente comme soldat d&rsquo;une cause dont on ne sait m\u00eame pas si et quand il l&rsquo;aurait d\u00e9couverte.<\/h2>\n<h2 style=\"text-align: justify;\">Mais aussi encore une occasion de plus pour des politiciens de se livrer \u00e0 une comp\u00e9tition obsc\u00e8ne dans la destruction des valeurs qu&rsquo;ils osent affirmer d\u00e9fendre. La commission d&rsquo;enqu\u00eate parlementaire sur les attentats de janvier et novembre 2015 vient de conclure \u00e0 l&rsquo;inutilit\u00e9 de l&rsquo;application de l&rsquo;\u00e9tat d&rsquo;urgence pour lutter contre la r\u00e9p\u00e9tition des attentats, le pr\u00e9sident de la R\u00e9publique vient d&rsquo;annoncer sa suppression et voil\u00e0 qu&rsquo;on le remet, qu&rsquo;on remobilise une dizaine de milliers de soldats \u00e0 soi-disant rassurer, c&rsquo;est-\u00e0-dire \u00e0 instituer l&rsquo;\u00e9tat de peur permanente. Et les candidats \u00e0 occuper les m\u00eames postes en remettent une couche en ressortant l&rsquo;internement pr\u00e9ventif des fich\u00e9s S \u00e0 l&rsquo;occasion de l&rsquo;acte de quelqu&rsquo;un qui ne l&rsquo;\u00e9tait pas. Et le mot \u00ab guerre \u00bb dix fois par minute, dans toutes les bouches. La double invocation d&rsquo;un ennemi ext\u00e9rieur qui n&rsquo;existe que des d\u00e9sastres ant\u00e9rieurs de nos politiques et d&rsquo;un ennemi int\u00e9rieur encore inexistant mais qu&rsquo;on finira bien par arriver \u00e0 cr\u00e9er en suivant les le\u00e7ons de nos amis am\u00e9ricains. Bref, un gigantesque concours \u00e0 r\u00e9aliser pr\u00e9cis\u00e9ment ce que souhaitent les strat\u00e8ges qui revendiquent ces attaques : rendre notre propre univers invivable pour qu&rsquo;il ressemble \u00e0 la caricature qu&rsquo;ils en font.<\/h2>\n<h2 style=\"text-align: justify;\">Alors que peut dire une organisation comme La Quadrature du Net qui se consacre tout enti\u00e8re \u00e0 promouvoir ce qui pourrait faire sens dans le monde \u00e0 venir ?<\/h2>\n<h2 style=\"text-align: justify;\">Un monde qui pourrait ressembler \u00e0 celui qui existe d\u00e9j\u00e0 dans les pratiques de tant de gens de toutes origines mais qu&rsquo;on semble avoir comme seul souci de nier.<\/h2>\n<h2 style=\"text-align: justify;\"><span style=\"color: #808000;\">Un monde o\u00f9 l&rsquo;on produit des communs et du commun. O\u00f9 l&rsquo;on consid\u00e8re que les trajectoires du devenir sont ouvertes pourvu qu&rsquo;on pose les bonnes questions, qu&rsquo;il s&rsquo;agisse des technologies ou des modes de production et de consommation, des capacit\u00e9s et de l&rsquo;expression de chacun et de ce \u00e0 quoi on accorde valeur.<\/span><\/h2>\n<h2 style=\"text-align: justify;\">Nous pouvons juste dire ce que nous avons d\u00e9j\u00e0 dit : ce qu&rsquo;il reste de dignit\u00e9 dans les parlementaires se comptera au nombre de ceux qui voteront contre la prolongation de l&rsquo;\u00e9tat d&rsquo;urgence. Ce qu&rsquo;il reste de raison et de justice dans notre soci\u00e9t\u00e9 se comptera au nombre de ceux qui refuseront de faire exister la guerre pour pouvoir dire ensuite qu&rsquo;on n&rsquo;a plus que le choix de la faire.<\/h2>\n<h2 style=\"text-align: justify;\">Et nous allons continuer \u00e0 labourer le sol des possibles pendant que c&rsquo;est l&rsquo;id\u00e9e m\u00eame du politique que certains enterrent.<\/h2>\n<h2 align=\"right\">Philippe Aigrain, 18 juillet 2016<\/h2>\n<ul class=\"\">\n<li id=\"footnote1_sn50t1c\" class=\"\">\n<h2><span style=\"color: #008000;\"><a class=\"\" style=\"color: #008000;\" href=\"https:\/\/www.laquadrature.net\/fr\/encore-une-fois#footnoteref1_sn50t1c\" target=\"_blank\">1.<\/a> Oui, il vaut mieux regarder en face le fait que ce sont des \u00eatres humains qui commettent ces massacres.<\/span><\/h2>\n<\/li>\n<\/ul>\n<h2 style=\"text-align: justify;\">\u00a0Eric CANTONA attaque SARKOZY, HOLLANDE, Marine LE PEN<\/h2>\n<p>&nbsp;<\/p>\n<h2 style=\"text-align: justify;\">Voici les vrais responsables de nos malheurs (Sarkozy, Hollande et Marine\u2026). Jusqu\u2019\u00e0 Jacques Chirac, la France n\u2019avait que des amis et des alli\u00e9s dans le monde arabe. La France \u00e9tait per\u00e7ue comme une nation qui partout favorisait la paix et le dialogue.<\/h2>\n<h2 style=\"text-align: justify;\">Puis Sarkozy est arriv\u00e9 et tout a chang\u00e9. Nos amis d\u2019hier sont devenus nos ennemis. Nos alli\u00e9s d\u2019hier sont devenus nos adversaires d\u2019aujourd\u2019hui.<\/h2>\n<h2 style=\"text-align: justify;\">En Afghanistan, en Irak, en Libye, au Tchad, en Syrie nous avons sem\u00e9 la mort et la terreur. Nous avons voulu imposer \u201cla d\u00e9mocratie\u201d \u00e0 coups de bombes \u00e0 des peuples qui n\u2019en veulent pas. Nous avons voulu exporter des valeurs auxquelles nous-m\u00eames ne croyons plus. Nous avons inflig\u00e9 tellement de souffrances qu\u2019aujourd\u2019hui nous r\u00e9coltons ce que nous avons sem\u00e9.<\/h2>\n<h2 style=\"text-align: justify;\">Nos politiciens font les guerres au lieu de s\u2019occuper des probl\u00e8mes graves de notre pays. Le ch\u00f4mage explose, la mis\u00e8re s\u2019\u00e9tend, nos retrait\u00e9s font les poubelles pour pouvoir survivre, notre jeunesse n\u2019a plus d\u2019espoir et nos gouvernements d\u00e9pensent des milliards \u00e0 bombarder des pays et des peuples \u00e9trangers.<\/h2>\n<h2 style=\"text-align: justify;\">Arr\u00eatons de nous m\u00ealer des affaires du monde. Nous ne sommes ni des exemples \u00e0 suivre ni des justiciers.<\/h2>\n<h2 style=\"text-align: justify;\">Il est temps d\u2019ouvrir les yeux : \u00e0 force de semer la haine, le racisme et la mort, nous, nous r\u00e9coltons le terrorisme et la peur.<\/h2>\n<h2 style=\"text-align: justify;\">Et ces politiciens irresponsables qui nous conduisent vers l\u2019ab\u00eeme, ces pompiers pyromanes, profitent du terrorisme pour nous infliger l\u2019\u00e9tat d\u2019urgence, r\u00e9duire nos libert\u00e9s et nous dresser les uns contre les autres au risque de provoquer une guerre civile dans notre propre pays.<\/h2>\n<h2 style=\"text-align: justify;\">Ces politiciens qui nous gouvernent ne m\u00e9ritent pas notre confiance car ils nous ont tous trahis. Il n\u2019y en a pas un pour sauver l\u2019autre.<\/h2>\n<h2 style=\"text-align: justify;\">Malgr\u00e9 la peine immense, la l\u00e9gitime col\u00e8re et la tristesse que nous \u00e9prouvons tous, nous devons rester lucides et unis.<\/h2>\n<h2 style=\"text-align: justify;\">Ne nous trompons pas d\u2019ennemis et ne faisons pas payer \u00e0 nos compatriotes musulmans, les cons\u00e9quences de la folie guerri\u00e8re de nos gouvernements. Nous sommes gouvern\u00e9s par des pompiers pyromanes qui sont les vrais responsables de ce que nous sommes en train de vivre.<\/h2>\n<h2 style=\"text-align: justify;\">Ne nous laissons pas \u00e9garer par l\u2019\u00e9motion et laissons plut\u00f4t place \u00e0 la lucidit\u00e9 et la RAISON.<\/h2>\n<h2 style=\"text-align: justify;\">Ces politiciens ne sont pas qualifi\u00e9s pour garantir notre s\u00e9curit\u00e9 car leur politique de guerre ne fera que favoriser encore plus le terrorisme.<\/h2>\n<h2 style=\"text-align: justify;\">Eric Cantona<\/h2>\n<gcse:search><\/gcse:search>","protected":false},"excerpt":{"rendered":"<p>Guy, avec qui beaucoup d&rsquo;entre nous avons longtemps milit\u00e9 au sein des Alternatifs, nous parle de Camille, sa petite cousine, assassin\u00e9e avec 83 autres personnes jeudi soir \u00e0 NICE. A l&rsquo;horreur de la perte de cette jeune personne vient s&rsquo;ajouter celle des propos entendus de toutes parts. Camille Bonjour, J&rsquo;ai h\u00e9sit\u00e9 avant d&rsquo;\u00e9crire ce petit [&hellip;]<\/p>\n","protected":false},"author":1,"featured_media":0,"comment_status":"open","ping_status":"open","sticky":false,"template":"","format":"standard","meta":{"footnotes":""},"categories":[217,173],"tags":[43,103,117,98],"class_list":["post-18069","post","type-post","status-publish","format-standard","hentry","category-libertes","category-no-pasaran","tag-appel","tag-demarche-citoyenne","tag-democratie","tag-palestine"],"_links":{"self":[{"href":"https:\/\/alternatifs81.fr\/index.php?rest_route=\/wp\/v2\/posts\/18069","targetHints":{"allow":["GET"]}}],"collection":[{"href":"https:\/\/alternatifs81.fr\/index.php?rest_route=\/wp\/v2\/posts"}],"about":[{"href":"https:\/\/alternatifs81.fr\/index.php?rest_route=\/wp\/v2\/types\/post"}],"author":[{"embeddable":true,"href":"https:\/\/alternatifs81.fr\/index.php?rest_route=\/wp\/v2\/users\/1"}],"replies":[{"embeddable":true,"href":"https:\/\/alternatifs81.fr\/index.php?rest_route=%2Fwp%2Fv2%2Fcomments&post=18069"}],"version-history":[{"count":0,"href":"https:\/\/alternatifs81.fr\/index.php?rest_route=\/wp\/v2\/posts\/18069\/revisions"}],"wp:attachment":[{"href":"https:\/\/alternatifs81.fr\/index.php?rest_route=%2Fwp%2Fv2%2Fmedia&parent=18069"}],"wp:term":[{"taxonomy":"category","embeddable":true,"href":"https:\/\/alternatifs81.fr\/index.php?rest_route=%2Fwp%2Fv2%2Fcategories&post=18069"},{"taxonomy":"post_tag","embeddable":true,"href":"https:\/\/alternatifs81.fr\/index.php?rest_route=%2Fwp%2Fv2%2Ftags&post=18069"}],"curies":[{"name":"wp","href":"https:\/\/api.w.org\/{rel}","templated":true}]}}