{"id":18032,"date":"2016-07-13T23:05:31","date_gmt":"2016-07-13T22:05:31","guid":{"rendered":"http:\/\/alternatifs81.fr\/?p=18032"},"modified":"2016-08-07T21:51:27","modified_gmt":"2016-08-07T20:51:27","slug":"les-lilas-sont-fleuris","status":"publish","type":"post","link":"https:\/\/alternatifs81.fr\/?p=18032","title":{"rendered":"LES LILAS SONT FLEURIS"},"content":{"rendered":"<div class=\"main\">\n<div class=\"wrapper hfeed\">\n<div id=\"content\" class=\"content hentry\">\n<p class=\"arbo\"><strong class=\"on\">\u00a0<\/strong><\/p>\n<div class=\"texte surlignable clearfix\">\n<h2><strong><a href=\"http:\/\/alternatifs81.fr\/wp-content\/uploads\/04-02-2011-1-Small-283x3001.jpg\"  rel=\"lightbox[18032] attachment wp-att-15344\"><img loading=\"lazy\" decoding=\"async\" class=\"alignleft wp-image-15344 size-medium\" src=\"http:\/\/alternatifs81.fr\/wp-content\/uploads\/04-02-2011-1-Small-283x3001-283x300.jpg\" alt=\"04-02-2011-1-Small--283x300\" width=\"283\" height=\"300\" \/><\/a><a class=\"spip_url spip_out auto\" href=\"http:\/\/www.liberation.fr\/debats\/2016\/07\/08\/que-vienne-le-temps-des-lilas_1464733\" rel=\"nofollow external\">http:\/\/www.liberation.fr\/debats\/2016\/07\/08\/que-vienne-le-temps-des-lilas_1464733<\/a><\/strong><\/h2>\n<h2>UN NOUVEL APPEL POUR UNE GAUCHE ALTERNATIVE, un de plus, mais sais-t-on jamais &#8230;<\/h2>\n<h3 id=\"yui_3_16_0_ym19_1_1468348173983_21991\" align=\"center\"><strong>Faire part de naissance du collectif<\/strong><br \/>\n<strong>\u00ab\u00a0Le temps des Lilas\u00a0\u00bb<\/strong><\/h3>\n<h1 id=\"yui_3_16_0_ym19_1_1468348173983_22024\" align=\"center\"><span style=\"color: #808000;\"><em>Libres d\u2019inventer les autres solutions<\/em><\/span><\/h1>\n<div id=\"yui_3_16_0_ym19_1_1468348173983_22027\" align=\"center\"><img loading=\"lazy\" decoding=\"async\" id=\"yui_3_16_0_ym19_1_1468348173983_22026\" src=\"http:\/\/www.lilas.org\/wp-content\/uploads\/2016\/07\/logo_lilas_email.jpg\" alt=\"le temps des lilas, logo\" width=\"600\" height=\"214\" \/><\/div>\n<h2 style=\"text-align: justify;\"><span style=\"color: #008000;\"><strong>Peut-\u00eatre que, comme nous, vous pensez que le 7 <span id=\"OBJ_PREFIX_DWT2672_com_zimbra_date\" class=\"Object\"><span id=\"OBJ_PREFIX_DWT2686_com_zimbra_date\" class=\"Object\">mai 20<\/span><\/span><\/strong>1<strong>7, <\/strong><strong>quel que soit le r\u00e9sultat de la pr\u00e9sidentielle, rien ne changera, alors qu&rsquo;il faudrait tout changer<\/strong>.<\/span> Peut-\u00eatre que, comme nous, vous ne croyez plus au PS depuis longtemps mais que vous pensez aussi que les partis de la gauche de la gauche sont largement responsables de l\u2019absence de perspective. Au-del\u00e0 de leurs divisions, ils n&rsquo;arrivent pas \u00e0 porter une vraie alternative, \u00e0 la rendre cr\u00e9dible ni m\u00eame d\u00e9sirable. Et pourtant il y aurait tellement \u00e0 faire, nous avons tellement besoin d&rsquo;<em>un autre monde<\/em>&#8230;<\/h2>\n<p><!--more--><\/p>\n<h2 style=\"text-align: justify;\">Nous avons donc le plaisir de vous annoncer la naissance du collectif \u00ab\u00a0Le temps des lilas\u00a0\u00bb qui publie <span id=\"OBJ_PREFIX_DWT2673_com_zimbra_date\" class=\"Object\"><span id=\"OBJ_PREFIX_DWT2687_com_zimbra_date\" class=\"Object\">ce vendredi<\/span><\/span> 8 juillet son texte de lancement dans <em>Lib\u00e9ration (<\/em><span id=\"OBJ_PREFIX_DWT2674_com_zimbra_url\" class=\"Object\"><span id=\"OBJ_PREFIX_DWT2688_com_zimbra_url\" class=\"Object\"><a href=\"http:\/\/www.liberation.fr\/debats\/2016\/07\/08\/que-vienne-le-temps-des-lilas_1464733\" target=\"_blank\" rel=\"nofollow\">lire ici<\/a><\/span><\/span><em>). <\/em><\/h2>\n<h2 style=\"text-align: justify;\"><span style=\"color: #008000;\"><strong>Il se veut une r\u00e9ponse au TINA<\/strong>, ce fameux \u00ab\u00a0There is no alternative\u00a0\u00bb. <strong>Parce que nous sommes justement \u00ab\u00a0libres d\u2019inventer les autres solutions\u00a0\u00bb (LILAS)<\/strong>. <\/span>Loin du tourbillon de la pr\u00e9sidentielle, <span id=\"OBJ_PREFIX_DWT2675_com_zimbra_url\" class=\"Object\"><span id=\"OBJ_PREFIX_DWT2689_com_zimbra_url\" class=\"Object\"><a href=\"http:\/\/www.lilas.org\/notre-demarche\/\" target=\"_blank\" rel=\"nofollow\">nous proposons un cadre pour prendre le temps de r\u00e9fl\u00e9chir aux <em>autres solutions<\/em><\/a><\/span><\/span>. Comme l\u2019a montr\u00e9 l\u2019\u00e9chec de l\u2019exp\u00e9rience grecque, l\u2019impr\u00e9paration \u00e0 l\u2019application concr\u00e8te d\u2019un programme alternatif conduit in\u00e9vitablement \u00e0 l\u2019\u00e9chec<span style=\"color: #008000;\">. <\/span><strong><span style=\"color: #008000;\">Posons-nous d\u00e8s maintenant la question du comment, anticipons les obstacles pour proposer un projet (programme et organisation) qui fasse vraiment r\u00eaver, qui fasse vraiment gagner, et qui change vraiment les choses.<\/span><br \/>\n<\/strong><\/h2>\n<h2 style=\"text-align: justify;\"><span id=\"OBJ_PREFIX_DWT2676_com_zimbra_url\" class=\"Object\"><span id=\"OBJ_PREFIX_DWT2690_com_zimbra_url\" class=\"Object\"><a href=\"http:\/\/www.lilas.org\/nos-chantiers\/\" target=\"_blank\" rel=\"nofollow\">Nous lancerons en septembre plusieurs chantiers\u00a0<\/a><\/span><\/span>: des rencontres, une ressourcerie num\u00e9rique, des argumentaires contre les id\u00e9es re\u00e7ues, une s\u00e9rie de pr\u00e9sentation des alternatives qui existent d\u00e9j\u00e0 et qui permettent d&rsquo;ouvrir le champ des possibles\u2026 L\u2019ensemble est en cours de construction et fonctionnera de mani\u00e8re participative. Nous proposons \u00e9galement sur notre site internet une rubrique d\u00e9cal\u00e9e\u00a0: <span id=\"OBJ_PREFIX_DWT2677_com_zimbra_url\" class=\"Object\"><span id=\"OBJ_PREFIX_DWT2691_com_zimbra_url\" class=\"Object\"><a href=\"http:\/\/www.lilas.org\/oupopo\/\" target=\"_blank\" rel=\"nofollow\">l\u2019oupopo (ouvroir de politique potentielle)<\/a><\/span><\/span> o\u00f9 la politique se dit avec d&rsquo;autres mots, sous forme de textes satiriques, po\u00e8mes, vid\u00e9os\u2026<\/h2>\n<h2 style=\"text-align: justify;\">Le temps des lilas ne se fera pas sans vous&#8230; Rejoignez-nous ! <span id=\"OBJ_PREFIX_DWT2678_com_zimbra_url\" class=\"Object\"><span id=\"OBJ_PREFIX_DWT2692_com_zimbra_url\" class=\"Object\"><a href=\"http:\/\/www.lilas.org\/\" target=\"_blank\" rel=\"nofollow\">Inscrivez-vous d\u00e8s aujourd&rsquo;hui \u00e0 notre lettre d&rsquo;information <\/a><\/span><\/span>et participez \u00e0 nos diff\u00e9rents chantiers&#8230;<\/h2>\n<div><\/div>\n<h2><span style=\"color: #0000ff;\">Le temps des Lilas<\/span><br \/>\n<span id=\"OBJ_PREFIX_DWT2679_com_zimbra_url\" class=\"Object\"><span id=\"OBJ_PREFIX_DWT2693_com_zimbra_url\" class=\"Object\"><a href=\"http:\/\/www.lilas.org\/\" target=\"_blank\" rel=\"nofollow\">www.lilas.org<\/a><\/span><\/span><br \/>\n<span id=\"OBJ_PREFIX_DWT2680_com_zimbra_url\" class=\"Object\"><span id=\"OBJ_PREFIX_DWT2694_com_zimbra_url\" class=\"Object\"><a href=\"http:\/\/www.twitter.com\/letempsdeslilas\" target=\"_blank\" rel=\"nofollow\">http:\/\/www.twitter.com\/letempsdeslilas<\/a><\/span><\/span><br \/>\n<span id=\"OBJ_PREFIX_DWT2681_com_zimbra_url\" class=\"Object\"><span id=\"OBJ_PREFIX_DWT2695_com_zimbra_url\" class=\"Object\"><a href=\"http:\/\/www.facebook.com\/letempsdeslilas\" target=\"_blank\" rel=\"nofollow\">http:\/\/www.facebook.com\/letempsdeslilas<\/a><\/span><\/span><span id=\"OBJ_PREFIX_DWT2682_com_zimbra_url\" class=\"Object\"><span id=\"OBJ_PREFIX_DWT2696_com_zimbra_url\" class=\"Object\"><a href=\"http:\/\/www.lilas.org\/\" target=\"_blank\" rel=\"nofollow\"><br \/>\n<\/a><\/span><\/span><\/h2>\n<h3 style=\"text-align: justify;\"><strong><span id=\"OBJ_PREFIX_DWT2683_com_zimbra_url\" class=\"Object\"><span id=\"OBJ_PREFIX_DWT2697_com_zimbra_url\" class=\"Object\"><a href=\"http:\/\/www.lilas.org\/teamlilas\" target=\"_blank\" rel=\"nofollow\">#TeamLilas<\/a><\/span><\/span><\/strong><br \/>\nSylvie Aebischer, Alberto Amo, Alexis Cukier, Guillaume Floris, Mathilde Larr\u00e8re, Fr\u00e9d\u00e9ric Lemaire, Fabien Marcot, Quitterie Tabard, C\u00e9cile Tavan, Flavia Verri, Alexis Vilanova, Alice Vintenon<\/h3>\n<div><\/div>\n<h3><strong>Bonus #1<\/strong> &#8211; Ils nous le r\u00e9p\u00e8tent en boucle. Quand est-ce qu&rsquo;on leur prouve qu&rsquo;il y a d&rsquo;autres solutions ?<\/h3>\n<div><span id=\"OBJ_PREFIX_DWT2684_com_zimbra_url\" class=\"Object\"><span id=\"OBJ_PREFIX_DWT2698_com_zimbra_url\" class=\"Object\"><a class=\"yiv1028752898ox-2dc3ff1106-ox-a4830c7c15-ox-c0decb0ac3-ox-41a9e0be4c-ox-64617e2a6f-ox-1caa0356b2-ox-5702ae1fb2-ox-321b39735a-ox-8c8012748d-ox-c531e790fc-ox-05643d99df-ox-e55eb6fd67-ox-a523e13e41-ox-8aca75f2c3-ox-630dd3f8e7-ox-5feb8f213a-playable\" href=\"https:\/\/www.youtube.com\/watch?v=QhES5X2MqJM\" target=\"_blank\" rel=\"nofollow\"><img loading=\"lazy\" decoding=\"async\" src=\"http:\/\/www.lilas.org\/wp-content\/uploads\/2016\/07\/tina.jpg\" alt=\"video indiana jones\" width=\"500\" height=\"250\" \/><\/a><\/span><\/span><\/div>\n<h3><\/h3>\n<h3><strong>Bonus #2<\/strong> &#8211; Quand Indiana Jones tente d&rsquo;affronter le temple du TINA&#8230;<\/h3>\n<div><span id=\"OBJ_PREFIX_DWT2685_com_zimbra_url\" class=\"Object\"><span id=\"OBJ_PREFIX_DWT2699_com_zimbra_url\" class=\"Object\"><a class=\"yiv1028752898ox-2dc3ff1106-ox-a4830c7c15-ox-c0decb0ac3-ox-41a9e0be4c-ox-64617e2a6f-ox-1caa0356b2-ox-5702ae1fb2-ox-321b39735a-ox-8c8012748d-ox-c531e790fc-ox-05643d99df-ox-e55eb6fd67-ox-a523e13e41-ox-8aca75f2c3-ox-630dd3f8e7-ox-5feb8f213a-playable\" href=\"https:\/\/www.youtube.com\/watch?v=ksrrxCWJ1sA\" target=\"_blank\" rel=\"nofollow\"><img loading=\"lazy\" decoding=\"async\" src=\"http:\/\/www.lilas.org\/wp-content\/uploads\/2016\/07\/indianajones.jpg\" alt=\"video indiana jones\" width=\"500\" height=\"250\" \/><\/a><\/span><\/span><\/div>\n<\/div>\n<\/div>\n<\/div>\n<\/div>\n<p>&nbsp;<\/p>\n<gcse:search><\/gcse:search>","protected":false},"excerpt":{"rendered":"<p>\u00a0 http:\/\/www.liberation.fr\/debats\/2016\/07\/08\/que-vienne-le-temps-des-lilas_1464733 UN NOUVEL APPEL POUR UNE GAUCHE ALTERNATIVE, un de plus, mais sais-t-on jamais &#8230; Faire part de naissance du collectif \u00ab\u00a0Le temps des Lilas\u00a0\u00bb Libres d\u2019inventer les autres solutions Peut-\u00eatre que, comme nous, vous pensez que le 7 mai 2017, quel que soit le r\u00e9sultat de la pr\u00e9sidentielle, rien ne changera, alors qu&rsquo;il [&hellip;]<\/p>\n","protected":false},"author":1,"featured_media":0,"comment_status":"open","ping_status":"open","sticky":false,"template":"","format":"standard","meta":{"footnotes":""},"categories":[348],"tags":[43,103,117],"class_list":["post-18032","post","type-post","status-publish","format-standard","hentry","category-construire-des-alternatives","tag-appel","tag-demarche-citoyenne","tag-democratie"],"_links":{"self":[{"href":"https:\/\/alternatifs81.fr\/index.php?rest_route=\/wp\/v2\/posts\/18032","targetHints":{"allow":["GET"]}}],"collection":[{"href":"https:\/\/alternatifs81.fr\/index.php?rest_route=\/wp\/v2\/posts"}],"about":[{"href":"https:\/\/alternatifs81.fr\/index.php?rest_route=\/wp\/v2\/types\/post"}],"author":[{"embeddable":true,"href":"https:\/\/alternatifs81.fr\/index.php?rest_route=\/wp\/v2\/users\/1"}],"replies":[{"embeddable":true,"href":"https:\/\/alternatifs81.fr\/index.php?rest_route=%2Fwp%2Fv2%2Fcomments&post=18032"}],"version-history":[{"count":0,"href":"https:\/\/alternatifs81.fr\/index.php?rest_route=\/wp\/v2\/posts\/18032\/revisions"}],"wp:attachment":[{"href":"https:\/\/alternatifs81.fr\/index.php?rest_route=%2Fwp%2Fv2%2Fmedia&parent=18032"}],"wp:term":[{"taxonomy":"category","embeddable":true,"href":"https:\/\/alternatifs81.fr\/index.php?rest_route=%2Fwp%2Fv2%2Fcategories&post=18032"},{"taxonomy":"post_tag","embeddable":true,"href":"https:\/\/alternatifs81.fr\/index.php?rest_route=%2Fwp%2Fv2%2Ftags&post=18032"}],"curies":[{"name":"wp","href":"https:\/\/api.w.org\/{rel}","templated":true}]}}