{"id":18023,"date":"2016-07-12T23:32:44","date_gmt":"2016-07-12T22:32:44","guid":{"rendered":"http:\/\/alternatifs81.fr\/?p=18023"},"modified":"2016-07-23T09:03:14","modified_gmt":"2016-07-23T08:03:14","slug":"appel-a-la-participation-aux-2e-rencontres-euro-mediterraneennes-de-leconomie-des-travailleurs-usine-vio-me-thessalonique-grece-28-29-30-octobre-2016","status":"publish","type":"post","link":"https:\/\/alternatifs81.fr\/?p=18023","title":{"rendered":"Appel \u00e0 la participation aux 2e Rencontres euro-m\u00e9diterran\u00e9ennes de l\u2019\u00e9conomie des travailleurs : Usine Vio.Me, Thessalonique, Gr\u00e8ce, 28-29-30 octobre 2016"},"content":{"rendered":"<h2 style=\"text-align: justify;\"><a href=\"http:\/\/alternatifs81.fr\/wp-content\/uploads\/l105-1-1.jpg\"  rel=\"lightbox[18023] attachment wp-att-18028\"><img loading=\"lazy\" decoding=\"async\" class=\"alignleft wp-image-18028\" src=\"http:\/\/alternatifs81.fr\/wp-content\/uploads\/l105-1-1-150x120.jpg\" alt=\"l105-1\" width=\"250\" height=\"170\" \/><\/a>La premi\u00e8re rencontre internationale de l\u2019\u00e9conomie des travailleur-ses s\u2019est tenue en 2007 en Argentine. Elle a r\u00e9uni des travailleurs et des travailleuses d\u2019usines r\u00e9cup\u00e9r\u00e9es et des collectifs de travail, des activistes sociaux et politiques, des syndicalistes et des universitaires. Depuis, ces rencontres internationales se tiennent tout les deux ans et\u00a0 constituent un espace de rencontres, de discussions et de r\u00e9flexions sur les d\u00e9fis auxquels les travailleur-se-s sont confront\u00e9-e-s pour d\u00e9fendre par l\u2019autogestion leurs moyens de subsistance contre les attaques du capitalisme mondialis\u00e9.<\/h2>\n<h2 style=\"text-align: justify;\">Dans plusieurs pays d\u2019Am\u00e9rique latine, la brutale restructuration n\u00e9olib\u00e9rale de l\u2019\u00e9conomie des ann\u00e9es 1990 a entra\u00een\u00e9 une rapide d\u00e9sindustrialisation et une hausse vertigineuse du ch\u00f4mage. Combin\u00e9es \u00e0 l\u2019absence de protections sociales et \u00e0 l\u2019attaque g\u00e9n\u00e9ralis\u00e9e sur les classes ouvri\u00e8res, ces conditions ont cr\u00e9\u00e9 les conditions de l\u2019agitation sociale. La \u00ab\u00a0r\u00e9cup\u00e9ration\u00a0\u00bb, c\u2019est \u00e0 dire<a href=\"http:\/\/alternatifs81.fr\/wp-content\/uploads\/Autogestion-ya.png\"  rel=\"lightbox[18023] attachment wp-att-18027\"><img loading=\"lazy\" decoding=\"async\" class=\"alignright wp-image-18027 size-full\" src=\"http:\/\/alternatifs81.fr\/wp-content\/uploads\/Autogestion-ya.png\" alt=\"Autogestion-ya\" width=\"222\" height=\"255\" \/><\/a> l\u2019occupation d\u2019entreprises abandonn\u00e9es et l\u2019autogestion de la production par les travailleur-ses, font partie int\u00e9grante de la contre-attaque populaire men\u00e9e en r\u00e9ponse \u00e0 la crise g\u00e9n\u00e9rale, comme en Argentine, au Br\u00e9sil, en Uruguay, au Venezuela et au Mexique.<\/h2>\n<h2 style=\"text-align: justify;\">Ces derni\u00e8res ann\u00e9es, les conditions qui ont d\u00e9bouch\u00e9 sur le mouvement de r\u00e9cup\u00e9ration des lieux de travail en Am\u00e9rique latine se sont r\u00e9pandues en Europe et dans le reste du monde en proie \u00e0 la crise du capitalisme mondial.<\/h2>\n<p><!--more--><\/p>\n<h2 style=\"text-align: justify;\">\u00c0 partir des p\u00e9riph\u00e9ries europ\u00e9ennes, et en utilisant la dette comme pr\u00e9texte, les programmes d\u2019 \u00ab\u00a0ajustements structurels\u00a0\u00bb ont r\u00e9organis\u00e9 les relations sociales en faveur des pouvoirs \u00e9conomiques, ont intensifi\u00e9 le pillage de l\u2019\u00e9pargne et des quelques biens des classes populaires, ont promu l\u2019appropriation priv\u00e9e des biens sociaux et publics, ont favoris\u00e9 la sp\u00e9culation aux d\u00e9pends de l\u2019environnement, d\u00e9valu\u00e9 la force de travail, aboli le droit du travail et les droits sociaux et d\u00e9mocratiques, d\u00e9mantel\u00e9 les usines productives et condamn\u00e9 au ch\u00f4mage et \u00e0 la pr\u00e9carit\u00e9 une \u00ab\u00a0arm\u00e9e de r\u00e9serve\u00a0\u00bb toujours plus importante.<\/h2>\n<h2 style=\"text-align: justify;\"><a href=\"http:\/\/alternatifs81.fr\/wp-content\/uploads\/Aff_coul-724x1024-1.jpg\"  rel=\"lightbox[18023] attachment wp-att-18025\"><img loading=\"lazy\" decoding=\"async\" class=\"alignleft wp-image-18025 size-medium\" src=\"http:\/\/alternatifs81.fr\/wp-content\/uploads\/Aff_coul-724x1024-1-212x300.jpg\" alt=\"Aff_coul-724x1024\" width=\"212\" height=\"300\" srcset=\"https:\/\/alternatifs81.fr\/wp-content\/uploads\/Aff_coul-724x1024-1-212x300.jpg 212w, https:\/\/alternatifs81.fr\/wp-content\/uploads\/Aff_coul-724x1024-1.jpg 724w\" sizes=\"auto, (max-width: 212px) 100vw, 212px\" \/><\/a>L\u2019occupation et la r\u00e9cup\u00e9ration des usines et des entreprises dont le capital s\u2019est d\u00e9barrass\u00e9 est une r\u00e9ponse appropri\u00e9e et un acte de r\u00e9sistance des travailleur-se-s euro-m\u00e9diterran\u00e9ennes. C\u2019est en premier lieu le moyen de pr\u00e9server leurs emplois et leurs moyens d\u2019existence, mais \u00e9galement, sur le long terme, un instrument de transformation sociale et de cr\u00e9ation d\u2019une nouvelle \u00e9conomie lib\u00e9r\u00e9e de l\u2019exploitation et tourn\u00e9e vers la satisfaction des besoins sociaux.<\/h2>\n<h1 style=\"text-align: justify;\"><span style=\"color: #808000;\"><strong>Pourquoi une rencontre de l\u2019 \u00ab\u00a0\u00e9conomie des travailleurs en Europe\u00a0\u00bb ?<\/strong><\/span><\/h1>\n<h2 style=\"text-align: justify;\">Les premi\u00e8res rencontres europ\u00e9ennes ont eu lieu en 2014 dans l\u2019usine de conditionnement de th\u00e9 et d\u2019infusion de Fralib, pr\u00e8s de Marseille \u2013 occup\u00e9e \u00e0 l\u2019\u00e9poque, l\u2019entreprise a \u00e9t\u00e9 ensuite r\u00e9cup\u00e9r\u00e9e par les travailleur-ses. Avaient particip\u00e9 \u00e0 cette rencontre des travailleur-ses d\u2019usines occup\u00e9es d\u2019Italie, de France et de Gr\u00e8ce qui faisaient les premiers pas vers l\u2019autogestion, des syndicats, des universitaires et des activistes soutenant l\u2019autogestion ouvri\u00e8re. Aujourd\u2019hui, apr\u00e8s deux ann\u00e9es, ces projets ont \u00e9t\u00e9 consolid\u00e9s et de nouvelles exp\u00e9riences ont \u00e9merg\u00e9 en Bosnie, en Turquie et en Croatie.<\/h2>\n<h2 style=\"text-align: justify;\">Les 2e Rencontres euro-m\u00e9diterran\u00e9ennes de l\u2019\u00e9conomie des <a href=\"http:\/\/alternatifs81.fr\/wp-content\/uploads\/VioMet-1.jpg\"  rel=\"lightbox[18023] attachment wp-att-18029\"><img loading=\"lazy\" decoding=\"async\" class=\"alignright wp-image-18029 size-medium\" src=\"http:\/\/alternatifs81.fr\/wp-content\/uploads\/VioMet-1-233x300.jpg\" alt=\"VioMet\" width=\"233\" height=\"300\" srcset=\"https:\/\/alternatifs81.fr\/wp-content\/uploads\/VioMet-1-233x300.jpg 233w, https:\/\/alternatifs81.fr\/wp-content\/uploads\/VioMet-1.jpg 300w\" sizes=\"auto, (max-width: 233px) 100vw, 233px\" \/><\/a>travailleur-ses se tiendront en Gr\u00e8ce, \u00e0 Thessalonique, dans l\u2019usine r\u00e9cup\u00e9r\u00e9e de Vio.Me. D\u2019une part, la Gr\u00e8ce est depuis six ans un laboratoire des politiques n\u00e9olib\u00e9rales d\u2019aust\u00e9rit\u00e9 ; ce sont ces m\u00eames politiques qui sont \u00e0 l\u2019origine de la crise syst\u00e9mique et qui sont aujourd\u2019hui pr\u00e9sent\u00e9es comme des \u00absolutions\u00bb alors qu\u2019elles ont d\u00e9j\u00e0 vou\u00e9 une grande partie de la population \u00e0 la pauvret\u00e9 et au ch\u00f4mage. D\u2019autre part, la Gr\u00e8ce a aussi \u00e9t\u00e9 un laboratoire d\u2019exp\u00e9rimentations sociales et de r\u00e9sistances fond\u00e9es sur la solidarit\u00e9 et les initiatives \u00e0 caract\u00e8re sociale. De plus, la population grecque, prise au pi\u00e8ge entre les guerres imp\u00e9rialistes au Moyen-Orient et les politiques inhumaines de l\u2019Union europ\u00e9enne en mati\u00e8re d\u2019immigration est appel\u00e9e \u00e0 r\u00e9pondre avec des ressources limit\u00e9es \u00e0 la trag\u00e9die humaine des r\u00e9fugi\u00e9-e-s et des migrant-e-s fuyant l\u2019horreur des conflits arm\u00e9s.<\/h2>\n<h2 style=\"text-align: justify;\">Dans le m\u00eame temps,\u00a0 bien que socialement consolid\u00e9e et productive, la lutte embl\u00e9matique des Vio.Me est menac\u00e9e par un processus de vente aux ench\u00e8res et de liquidation, attaqu\u00e9e quotidiennement par le syst\u00e8me politique et \u00e9conomique en d\u00e9pit des promesses et des d\u00e9clarations des gouvernements successifs.<\/h2>\n<h1 style=\"text-align: justify;\"><span style=\"color: #808000;\"><strong>L\u2019importance de l\u2019\u00e9conomie des\u00a0 travailleur-ses aujourd\u2019hui<\/strong><\/span><\/h1>\n<h2 style=\"text-align: justify;\"><a href=\"http:\/\/alternatifs81.fr\/wp-content\/uploads\/affiche-LIP-marche.jpg\"  rel=\"lightbox[18023] attachment wp-att-18026\"><img loading=\"lazy\" decoding=\"async\" class=\"alignleft wp-image-18026 size-full\" src=\"http:\/\/alternatifs81.fr\/wp-content\/uploads\/affiche-LIP-marche.jpg\" alt=\"affiche LIP marche\" width=\"189\" height=\"267\" \/><\/a>De l\u2019Argentine et du Br\u00e9sil \u00e0 la Turquie et au Kurdistan, en d\u00e9pit des diff\u00e9rences sociales et culturelles, les usines r\u00e9cup\u00e9r\u00e9es et les collectifs de travail constituent des actes de r\u00e9sistance \u00e0 la d\u00e9valorisation de la force de travail et \u00e0 la destruction des structures productives ainsi qu\u2019une r\u00e9ponse au ch\u00f4mage et \u00e0 la marginalisation. Et en m\u00eame temps, elles donnent corps \u00e0 une autre \u00e9conomie, alternative au mode capitaliste de production : une \u00ab\u00a0\u00e9conomie des travailleur-ses\u00a0\u00bb bas\u00e9e sur l\u2019autogestion et visant \u00e0 la d\u00e9fense des int\u00e9r\u00eats de celles et ceux qui vivent de leur travail. Ces exp\u00e9riences sont repr\u00e9sent\u00e9es par les usines r\u00e9cup\u00e9r\u00e9es, par certaines coop\u00e9ratives, par les cliniques solidaires, par les formes d\u2019\u00e9conomies collaboratives et par les luttes pour l\u2019auto-organisation du travail et l\u2019autogestion de l\u2019\u00e9conomie.<\/h2>\n<h2 style=\"text-align: justify;\">Le mouvement accompagnant et soutenant ces efforts conteste la domination de la \u00ab main invisible\u00bb du march\u00e9 et pose sans ambigu\u00eft\u00e9 les questions suivantes: Que produisons-nous ? Comment produisons-nous ? Pour qui produisons-nous ? Au travers de processus horizontaux, la soci\u00e9t\u00e9 tout enti\u00e8re peut devenir partie prenante de la production et de la distribution de la richesse. Ainsi, la d\u00e9mocratie directe, le contr\u00f4le des travailleurs, le contr\u00f4le et social et l\u2019autogestion cessent d\u2019\u00eatre des concepts abstraits pour devenir des instruments pour retrouver notre dignit\u00e9, pour pr\u00e9server nos moyens d\u2019existence et pour cr\u00e9er des relations \u00e9conomiques et sociales diff\u00e9rentes.<\/h2>\n<h2 style=\"text-align: justify;\">Cependant, les conditions particuli\u00e8res des usines r\u00e9cup\u00e9r\u00e9es et des coop\u00e9ratives, qui coexistent avec le capitalisme tout en l\u2019interrogeant au travers de la pratique quotidienne, soul\u00e8vent une s\u00e9rie d\u2019interrogations et de d\u00e9fis. Les th\u00e8mes propos\u00e9s par la 2e Rencontre euro-m\u00e9diterran\u00e9enne de l\u2019\u00e9conomie des travailleurs et des travailleuses comprendront notamment les questions suivantes\u00a0:<\/h2>\n<ul style=\"text-align: justify;\">\n<li>\n<h2><strong><em>Crise globale du capitalisme, aust\u00e9rit\u00e9, d\u00e9valuation de la force <a href=\"http:\/\/alternatifs81.fr\/wp-content\/uploads\/autogestion-1-1.jpg\"  rel=\"lightbox[18023] attachment wp-att-17930\"><img loading=\"lazy\" decoding=\"async\" class=\"alignright wp-image-17930 size-medium\" src=\"http:\/\/alternatifs81.fr\/wp-content\/uploads\/autogestion-1-1-300x216.jpg\" alt=\"autogestion 1\" width=\"300\" height=\"216\" srcset=\"https:\/\/alternatifs81.fr\/wp-content\/uploads\/autogestion-1-1-300x216.jpg 300w, https:\/\/alternatifs81.fr\/wp-content\/uploads\/autogestion-1-1-768x553.jpg 768w, https:\/\/alternatifs81.fr\/wp-content\/uploads\/autogestion-1-1.jpg 800w\" sizes=\"auto, (max-width: 300px) 100vw, 300px\" \/><\/a>de travail et r\u00e9sistances populaires<\/em><\/strong> : analyses \u00e0 partir de la perspective de l\u2019\u00e9conomie des travailleurs et des travailleuses. Le sens et le r\u00f4le de l\u2019autogestion dans un contexte mondial changeant.<\/h2>\n<\/li>\n<li>\n<h2><em><strong>Travail autog\u00e9r\u00e9, entreprises r\u00e9cup\u00e9r\u00e9es et collectifs ouvriers<\/strong> <\/em>: probl\u00e8mes, possibilit\u00e9s et d\u00e9fis dans leurs interaction avec le march\u00e9. R\u00e9pression, cooptation et revendications envers l\u2019\u00c9tat. Convergences et divergences avec le mouvement coop\u00e9ratif traditionnel.<\/h2>\n<\/li>\n<li>\n<h2><strong><em>Autogestion de la distribution et r\u00e9seaux alternatifs de commerce<\/em><\/strong> : un espace de r\u00e9sistance et d\u2019organisation.<\/h2>\n<\/li>\n<li>\n<h2><strong><em>Productions autog\u00e9r\u00e9es<\/em><\/strong> : Faire face aux d\u00e9fis administratifs, productifs, technologiques et l\u00e9gaux en l\u2019absence d\u2019expertise financi\u00e8re et technique. Le r\u00f4le du partage et de la mise en r\u00e9seau.<\/h2>\n<\/li>\n<li>\n<h2><strong>S<em>urmonter la marginalit\u00e9 et renforcer la capacit\u00e9 d\u2019agir des travailleurs et des travailleuses pratiquant l\u2019autogestion sur et dans l\u2019\u00e9conomie<\/em><\/strong> : coop\u00e9ration, solidarit\u00e9, soutenabilit\u00e9 et efficacit\u00e9 productive.<\/h2>\n<\/li>\n<li>\n<h2><strong><em>\u00ab\u00a0L\u2019Europe forteresse\u00a0\u00bb, \u00ab\u00a0mobilit\u00e9 du travail\u00a0\u00bb et relations Nord\/Sud<\/em><\/strong> : d\u00e9passer les fronti\u00e8res et construire de nouveaux liens dans l\u2019espace euro-m\u00e9diterran\u00e9en.<\/h2>\n<\/li>\n<li>\n<h2><strong><em><a href=\"http:\/\/alternatifs81.fr\/wp-content\/uploads\/autogestion-2-1.jpg\"  rel=\"lightbox[18023] attachment wp-att-17738\"><img loading=\"lazy\" decoding=\"async\" class=\"alignleft wp-image-17738 size-medium\" src=\"http:\/\/alternatifs81.fr\/wp-content\/uploads\/autogestion-2-1-300x282.jpg\" alt=\"autogestion 2\" width=\"300\" height=\"282\" srcset=\"https:\/\/alternatifs81.fr\/wp-content\/uploads\/autogestion-2-1-300x282.jpg 300w, https:\/\/alternatifs81.fr\/wp-content\/uploads\/autogestion-2-1-768x721.jpg 768w, https:\/\/alternatifs81.fr\/wp-content\/uploads\/autogestion-2-1.jpg 800w\" sizes=\"auto, (max-width: 300px) 100vw, 300px\" \/><\/a>Les d\u00e9fis pour le mouvement ouvrier du 21e si\u00e8cle<\/em><\/strong> : bureaucratisation syndicale, pr\u00e9carit\u00e9, auto-entrepreneuriat, ch\u00f4mage et hausse du travail informel. Les r\u00e9ponses autogestionnaires et les nouvelles formes de syndicalisme.<\/h2>\n<\/li>\n<li>\n<h2><strong><em>Surmonter les in\u00e9galit\u00e9s raciales, de genre et sociales<\/em><\/strong> et aborder la question de la reproduction sociale dans les initiatives autog\u00e9r\u00e9es.<\/h2>\n<\/li>\n<\/ul>\n<h2 style=\"text-align: justify;\"><strong>Organisation et appel \u00e0 participation<\/strong><\/h2>\n<h2 style=\"text-align: justify;\">Cette rencontre est con\u00e7ue comme une partie d\u2019un large processus qui vise un changement social bas\u00e9 sur l\u2019\u00e9galit\u00e9, la solidarit\u00e9, la libert\u00e9 et l\u2019autogestion. Refl\u00e9tant l\u2019organisation des entreprises r\u00e9cup\u00e9r\u00e9es et collaboratives, la rencontre est construite suivant un processus horizontal par un r\u00e9seau europ\u00e9en et m\u00e9diterran\u00e9en d\u2019entreprises r\u00e9cup\u00e9r\u00e9es et de coop\u00e9ratives, ainsi que par leurs soutiens.<\/h2>\n<h2 style=\"text-align: justify;\">Elle est financ\u00e9e par les mouvements sociaux et les mouvements de travailleurs et de travailleuses ainsi que par les contributions individuelles et collectives. Le soutien financier d\u2019organisations gouvernementales ou intergouvernementales est exclu.<\/h2>\n<h2 style=\"text-align: justify;\">Si l\u2019objet premier de la rencontre est la concerne la r\u00e9cup\u00e9ration des moyens de production et leur gestion par les travailleurs et les travailleuses, nous invitons \u00e9galement d\u2019autres exp\u00e9riences participant \u00e0 l\u2019\u00e9conomie des travailleurs et des travailleuses et qui partagent le cadre organisationnel ou les imp\u00e9ratifs politiques des usines r\u00e9cup\u00e9r\u00e9es, tel que des collectifs ouvriers autog\u00e9r\u00e9s. De m\u00eame, nous accueilleront les exp\u00e9riences des structures de solidarit\u00e9 et les r\u00e9seaux \u00e9conomiques alternatifs.<\/h2>\n<h2 style=\"text-align: justify;\">Nous invitons \u00e9galement les membres des organisations politiques<a href=\"http:\/\/alternatifs81.fr\/wp-content\/uploads\/30-heures-4-jours.jpg\"  rel=\"lightbox[18023] attachment wp-att-17735\"><img loading=\"lazy\" decoding=\"async\" class=\"alignright wp-image-17735 size-medium\" src=\"http:\/\/alternatifs81.fr\/wp-content\/uploads\/30-heures-4-jours-300x221.jpg\" alt=\"30 heures, 4 jours\" width=\"300\" height=\"221\" srcset=\"https:\/\/alternatifs81.fr\/wp-content\/uploads\/30-heures-4-jours-300x221.jpg 300w, https:\/\/alternatifs81.fr\/wp-content\/uploads\/30-heures-4-jours-768x565.jpg 768w, https:\/\/alternatifs81.fr\/wp-content\/uploads\/30-heures-4-jours.jpg 800w\" sizes=\"auto, (max-width: 300px) 100vw, 300px\" \/><\/a> et sociales, des collectifs et des syndicats, qui ont comme imp\u00e9ratif politique central le contr\u00f4le de la soci\u00e9t\u00e9 par les travailleurs et les travailleuses et l\u2019autogestion et qui soutiennent ceux qui m\u00e8nent ces luttes et ceux qui les \u00e9tudient. Enfin, nous invitons les travailleurs et les travailleuses\u00a0 qui ont choisi une autre voie pour la d\u00e9fense de leurs moyens d\u2019existence, au-del\u00e0 de l\u2019autogestion \u2013 comme la cogestion \u2013 a une discussion \u00e9galitaire et intellectuellement honn\u00eate et \u00e0 un \u00e9change d\u2019exp\u00e9riences.<\/h2>\n<h1 style=\"text-align: justify;\"><span style=\"color: #008000;\"><strong>Organisation de la rencontre<\/strong><\/span><\/h1>\n<h2 style=\"text-align: justify;\">Les rencontres internationales et r\u00e9gionales de l\u2019\u00e9conomie des travailleurs et des travailleuses ont d\u00e9velopp\u00e9 une m\u00e9thodologie de d\u00e9bat et de dialogue afin de faciliter la participation et de promouvoir des discussions minutieuses sur les axes th\u00e9matiques centraux.<\/h2>\n<h2 style=\"text-align: justify;\"><a href=\"http:\/\/alternatifs81.fr\/wp-content\/uploads\/Decideurs1-224x300-1.jpg\"  rel=\"lightbox[18023] attachment wp-att-17600\"><img loading=\"lazy\" decoding=\"async\" class=\"alignleft wp-image-17600 size-medium\" src=\"http:\/\/alternatifs81.fr\/wp-content\/uploads\/Decideurs1-224x300-1-224x300.jpg\" alt=\"Decideurs1-224x300\" width=\"224\" height=\"300\" \/><\/a>Les champs th\u00e9matiques cit\u00e9s ci-dessus ne sont qu\u2019un instrument d\u2019orientation et n\u2019ont en aucun cas pour fonction de limiter l\u2019\u00e9tendue des questions \u00e0 discuter. \u00c9tant donn\u00e9 la diversit\u00e9 des participant-e-s \u2013 travailleur-ses, membre de mouvements sociaux et politiques, universitaires \u2013, nous proposons trois m\u00e9thodes de discussion, en plus des activit\u00e9s d\u2019informations et de l\u2019animation culturelle:<\/h2>\n<ul style=\"text-align: justify;\">\n<li>\n<h2><strong><em>Des discussions centrales<\/em><\/strong> : les participant-e-s proposeront des pr\u00e9sentations et des analyses, s\u00e9lectionn\u00e9es par le groupe de pilotage international, sur la base des principaux axes th\u00e9matiques. Les intervenant-e-s venant de Gr\u00e8ce et de l\u2019\u00e9tranger li\u00e9s \u00e0 des lieux de travail, \u00e0 des mouvements et \u00e0 des \u00e9coles de pens\u00e9e en rapport avec l\u2019\u00e9conomie des travailleurs et des travailleuses pourront y exprimer leur point de vue. Ces discussions centrales serviront \u00e0 susciter le d\u00e9bat. Il est pr\u00e9vu pour chacune d\u2019entre-elles un temps de pr\u00e9sentation et un temps de questions ou de commentaires de l\u2019assistance. Tout en \u00e9tant les espaces centraux de la rencontre, ces discussions ne chevaucheront pas d\u2019autres activit\u00e9s.<\/h2>\n<\/li>\n<li>\n<h2><em><strong>Des ateliers<\/strong> <\/em>: ce sont des espaces de d\u00e9bat sur des sujets pratiques sp\u00e9cifiques qui se tiendront en parall\u00e8le. Ils combineront analyses, pr\u00e9sentations d\u2019exp\u00e9riences et dialogues ouverts. Chaque individu ou collectif engag\u00e9 dans la rencontre peut sugg\u00e9rer des sujets pour un atelier, dans la mesure o\u00f9 ils sont orient\u00e9s vers la pratique.<\/h2>\n<\/li>\n<li>\n<h2><strong><em>Des commissions<\/em><\/strong> : ce sont des espaces sans orateurs ou oratrices pr\u00e9d\u00e9fini-e-s o\u00f9 seront discut\u00e9es des questions \u00e9mergeant de la rencontre. Elles doivent permettre de discuter en profondeur des aspects sp\u00e9cifiques des probl\u00e9matiques soulev\u00e9es dans les discussions centrales et les ateliers.<\/h2>\n<\/li>\n<\/ul>\n<h2 style=\"text-align: justify;\">La rencontre laissera \u00e9galement de l\u2019espace et du temps pour une <a href=\"http:\/\/alternatifs81.fr\/wp-content\/uploads\/arton317-cdc0b-1.jpg\"  rel=\"lightbox[18023] attachment wp-att-17553\"><img loading=\"lazy\" decoding=\"async\" class=\"alignright wp-image-17553\" src=\"http:\/\/alternatifs81.fr\/wp-content\/uploads\/arton317-cdc0b-1.jpg\" alt=\"arton317-cdc0b\" width=\"150\" height=\"219\" \/><\/a>r\u00e9union en assembl\u00e9e o\u00f9 les travailleurs et les travailleuses des usines r\u00e9cup\u00e9r\u00e9es pourront avancer vers des d\u00e9cisions conjointes sur des sujets potentiellement arriv\u00e9s \u00e0 maturit\u00e9, \u00e0 partir des discussions des ateliers et des commissions, ainsi que de la pr\u00e9paration en amont par le r\u00e9seau euro-m\u00e9diterran\u00e9en.<\/h2>\n<h2 style=\"text-align: justify;\">Nous encourageons les collectifs ou les individus qui souhaitent participer aux discussions centrales \u00e0 envoyer un r\u00e9sum\u00e9 de leur pr\u00e9sentation, qui peut \u00eatre li\u00e9e aux axes soulev\u00e9s ci-dessus mais qui ne doit pas obligatoirement se limiter \u00e0 eux.<\/h2>\n<h2 style=\"text-align: justify;\">Nous invitons \u00e9galement les personnes int\u00e9ress\u00e9es \u00e0 envoyer des propositions pour l\u2019organisation d\u2019atelier de travail. Celles-ci doivent concerner des enjeux pratiques de l\u2019autogestion et de la r\u00e9cup\u00e9ration, et \u00eatre orient\u00e9es vers l\u2019\u00e9change d\u2019exp\u00e9riences et le d\u00e9bat.<\/h2>\n<h1 style=\"text-align: justify;\"><span style=\"color: #808000;\"><strong>Comment participer\u00a0?<\/strong><\/span><\/h1>\n<h2 style=\"text-align: justify;\">Les propositions de pr\u00e9sentations ou pour l\u2019organisation d\u2019atelier ne doivent pas exc\u00e9der 300 mots et doivent \u00eatre r\u00e9dig\u00e9es en grec, en italien, en anglais, en fran\u00e7ais, en espagnol, ou en serbo-croate \u00e0 l\u2019adresse :<\/h2>\n<h2 style=\"text-align: justify;\"><a href=\"mailto:submissions@euromedworkerseconomy.net\">submissions@euromedworkerseconomy.net<\/a><\/h2>\n<h2 style=\"text-align: justify;\">La date limite pour la soumission des r\u00e9sum\u00e9s est fix\u00e9e au 31 ao\u00fbt 2016<\/h2>\n<h1 style=\"text-align: justify;\"><span style=\"color: #808000;\"><strong>Informations pratiques<\/strong><\/span><\/h1>\n<h2 style=\"text-align: justify;\"><strong><em>Date et lieu <\/em><\/strong>: 28, 29 et 30 octobre 2016 dans l\u2019usine de Vio.Me, situ\u00e9e \u00e0 10 km au sud de Thessalonique, pr\u00e8s de l\u2019a\u00e9roport.<\/h2>\n<h2 style=\"text-align: justify;\"><strong><em>Acc\u00e8s et enregistrement<\/em><\/strong> : cette rencontre est gratuite et ouverte \u00e0 tous. Les informations sur l\u2019enregistrement et les indications sur le lieu seront bient\u00f4t mises en ligne.<\/h2>\n<h2 style=\"text-align: justify;\"><strong><em>Traduction<\/em><\/strong>: une traduction simultan\u00e9e sans fil des discussions centrales sera faite en grec et en anglais, tandis qu\u2019une traduction simultan\u00e9e filaire sera faite pour les autres langues, comme le fran\u00e7ais, l\u2019italien, l\u2019espagnol, le turque et le serbo-croate, suivant les besoins. Dans les ateliers et les commissions, des interpr\u00e8tes seront r\u00e9partis en fonction de la composition des participant-e-s.<\/h2>\n<h2 style=\"text-align: justify;\"><strong><em>Voyage<\/em><\/strong> : un petit fond de solidarit\u00e9 est pr\u00e9vu pour couvrir les co\u00fbts de transport pour la rencontre ; la priorit\u00e9 sera donn\u00e9e aux travailleur-ses des usines r\u00e9cup\u00e9r\u00e9es et principalement \u00e0 ceux des pays \u00e0 bas revenus.<\/h2>\n<h2 style=\"text-align: justify;\"><em><strong>H\u00e9bergement<\/strong> <\/em>: les organisateur-rice-s ont pour objectif de fournir un h\u00e9bergement \u00e0 celles et ceux qui en feront la demande\u00a0 demandent, chez des particuliers ou dans un lieu d\u00e9di\u00e9 au sein de l\u2019usine. Ils et elles peuvent \u00e9galement recommander des h\u00f4tels ou des auberges \u00e0 bas prix, pour celles et ceux qui veulent organiser leur h\u00e9bergement.<\/h2>\n<h2 style=\"text-align: justify;\">Pour ce qui concerne l\u2019h\u00e9bergement et le voyage, \u00e9crire avant le 30 septembre 2016 \u00e0 l\u2019adresse\u00a0 :<br \/>\n<a href=\"mailto:logistics@euromedworkerseconomy.net\">logistics@euromedworkerseconomy.net<\/a><\/h2>\n<h2 style=\"text-align: justify;\"><\/h2>\n<h2 style=\"text-align: justify;\"><em><strong>Nourriture et Boisson<\/strong> <\/em>: des repas de qualit\u00e9 et \u00e0 des prix abordables pr\u00e9par\u00e9s par une cuisine autog\u00e9r\u00e9e seront disponible deux fois par jour.<\/h2>\n<h2 style=\"text-align: justify;\"><strong><em>Solidarit\u00e9 <\/em><\/strong>: des stands avec les produits et les activit\u00e9s des projets solidaires, locaux et internationaux seront install\u00e9s pour toute la dur\u00e9e de l\u2019\u00e9v\u00e9nement. Pour r\u00e9server un stand, envoyez une br\u00e8ve pr\u00e9sentation de votre organisation et de vos besoins \u00e0 :<\/h2>\n<h2 style=\"text-align: justify;\"><a href=\"mailto:logistics@euromedworkerseconomy.net\">logistics@euromedworkerseconomy.net<\/a><\/h2>\n<h2 style=\"text-align: justify;\"><em><strong>Projections vid\u00e9os<\/strong> <\/em>: une s\u00e9lection soigneusement faite de films sur l\u2019autogestion et les lieux de travail r\u00e9cup\u00e9r\u00e9s sera diffus\u00e9e. Si vous voulez que votre film soit inclus, envoyez (via un service de transfert de fichier) une copie de haute qualit\u00e9, avec un bref descriptif et des sous-titres en anglais \u00e0 :<\/h2>\n<h2 style=\"text-align: justify;\"><a href=\"mailto:films@euromedworkerseconomy.net\">films@euromedworkerseconomy.net<\/a><\/h2>\n<h2 style=\"text-align: justify;\"><strong><em>Autres activit\u00e9s<\/em><\/strong> : des repr\u00e9sentations musicales et th\u00e9\u00e2trales d\u2019artistes locaux et internationaux sont pr\u00e9vues au sein de l\u2019usine, les nuits des vendredi et samedi.<\/h2>\n<h2 style=\"text-align: justify;\">Pour toute autre question concernant les deuxi\u00e8mes rencontres euro-m\u00e9diterran\u00e9enne de l\u2019\u00e9conomie des travailleurs et des travailleuses, \u00e9crire \u00e0 :<\/h2>\n<h2 style=\"text-align: justify;\"><a href=\"mailto:info@euromedworkerseconomy.net\">info@euromedworkerseconomy.net<\/a><\/h2>\n<h2 style=\"text-align: justify;\"><strong>La groupe d\u2019organisation international est form\u00e9 de :<\/strong><\/h2>\n<h2 style=\"text-align: justify;\">\u2013 workerscontrol.net international project.<\/h2>\n<h2 style=\"text-align: justify;\">\u2013 Argentine : Facultad Abierta<\/h2>\n<h2 style=\"text-align: justify;\">\u2013 Bosnie : Workers\u2019 University \/ Dita<\/h2>\n<h2 style=\"text-align: justify;\">\u2013 Croatie : Organisation for Workers\u2019 Initiative &amp; Democratization<\/h2>\n<h2 style=\"text-align: justify;\"><strong>\u2013 France : Association pour l\u2019Autogestion, Union syndicale Solidaires<\/strong><\/h2>\n<h2 style=\"text-align: justify;\">\u2013 Gr\u00e8ce : Vio.Me Workers Coop &amp; Solidarity Initiative, \u00ab\u00a0 Robin Wood\u00a0 \u00bb recuperated factory, Network of Athens Work Collectives<\/h2>\n<h2 style=\"text-align: justify;\">\u2013 Italie : Ri.Maflow, Officine Zero, Camere del Lavoro Autonomo e Precario, Il manifesto<\/h2>\n<h2 style=\"text-align: justify;\">\u2013 Espagne : CNT, Solidaridad Obrera, CGT, ICEA\/ Econom\u00eda Cr\u00edtica<\/h2>\n<gcse:search><\/gcse:search>","protected":false},"excerpt":{"rendered":"<p>La premi\u00e8re rencontre internationale de l\u2019\u00e9conomie des travailleur-ses s\u2019est tenue en 2007 en Argentine. Elle a r\u00e9uni des travailleurs et des travailleuses d\u2019usines r\u00e9cup\u00e9r\u00e9es et des collectifs de travail, des activistes sociaux et politiques, des syndicalistes et des universitaires. Depuis, ces rencontres internationales se tiennent tout les deux ans et\u00a0 constituent un espace de rencontres, [&hellip;]<\/p>\n","protected":false},"author":1,"featured_media":0,"comment_status":"open","ping_status":"open","sticky":false,"template":"","format":"standard","meta":{"footnotes":""},"categories":[15,348,1],"tags":[43,398,117,16],"class_list":["post-18023","post","type-post","status-publish","format-standard","hentry","category-autogestion","category-construire-des-alternatives","category-non-classe","tag-appel","tag-autogestion","tag-democratie","tag-economie"],"_links":{"self":[{"href":"https:\/\/alternatifs81.fr\/index.php?rest_route=\/wp\/v2\/posts\/18023","targetHints":{"allow":["GET"]}}],"collection":[{"href":"https:\/\/alternatifs81.fr\/index.php?rest_route=\/wp\/v2\/posts"}],"about":[{"href":"https:\/\/alternatifs81.fr\/index.php?rest_route=\/wp\/v2\/types\/post"}],"author":[{"embeddable":true,"href":"https:\/\/alternatifs81.fr\/index.php?rest_route=\/wp\/v2\/users\/1"}],"replies":[{"embeddable":true,"href":"https:\/\/alternatifs81.fr\/index.php?rest_route=%2Fwp%2Fv2%2Fcomments&post=18023"}],"version-history":[{"count":0,"href":"https:\/\/alternatifs81.fr\/index.php?rest_route=\/wp\/v2\/posts\/18023\/revisions"}],"wp:attachment":[{"href":"https:\/\/alternatifs81.fr\/index.php?rest_route=%2Fwp%2Fv2%2Fmedia&parent=18023"}],"wp:term":[{"taxonomy":"category","embeddable":true,"href":"https:\/\/alternatifs81.fr\/index.php?rest_route=%2Fwp%2Fv2%2Fcategories&post=18023"},{"taxonomy":"post_tag","embeddable":true,"href":"https:\/\/alternatifs81.fr\/index.php?rest_route=%2Fwp%2Fv2%2Ftags&post=18023"}],"curies":[{"name":"wp","href":"https:\/\/api.w.org\/{rel}","templated":true}]}}