{"id":17989,"date":"2016-07-05T22:24:32","date_gmt":"2016-07-05T21:24:32","guid":{"rendered":"http:\/\/alternatifs81.fr\/?p=17989"},"modified":"2016-07-05T22:24:32","modified_gmt":"2016-07-05T21:24:32","slug":"samedi-9-juillet-2016-a-10h30-cercle-de-silence-mazamet","status":"publish","type":"post","link":"https:\/\/alternatifs81.fr\/?p=17989","title":{"rendered":"samedi 9 juillet 2016 \u00e0 10h30, cercle de silence MAZAMET"},"content":{"rendered":"<h2><span style=\"font-family: sans-serif;\"><span style=\"font-size: medium;\">Comme le collectif, <i><b><span style=\"color: #808000;\">Exil\u00e9s\u00a0: l\u2019accueil d\u2019abord<\/span>,<\/b><\/i> le Cercle de Silence de Mazamet demande que les personnes qui fuient la guerre, la haine et la mis\u00e8re soient accueillis humainement.<\/span><\/span><span style=\"font-family: sans-serif;\"><span style=\"font-size: medium;\">Voil\u00e0 pourquoi\u00a0<\/span><\/span><span style=\"color: #0000ff;\"><span id=\"OBJ_PREFIX_DWT649_com_zimbra_date\" class=\"Object\">samedi 9 juillet 2016<\/span> \u00e0 10h30<\/span>,<span style=\"font-family: sans-serif;\"><span style=\"font-size: medium;\"> comme tous les 2<sup>\u00e8mes<\/sup> samedis du mois depuis 6 ans, nous nous r\u00e9unirons en silence au milieu du march\u00e9 de Mazamet<\/span><\/span><\/h2>\n<p><img loading=\"lazy\" decoding=\"async\" class=\"aligncenter\" src=\"https:\/\/webmail.laposte.net\/service\/home\/%7E\/?auth=co&amp;id=176696&amp;part=2\" alt=\"Images int\u00e9gr\u00e9es 1\" width=\"560\" height=\"267\" \/> <br clear=\"left\" \/><\/p>\n<h2><span style=\"font-family: sans-serif;\"><span style=\"font-size: medium;\">Les femmes, les enfants, les hommes qui fuient un pays ravag\u00e9 par les guerres et leur cort\u00e8ge d\u2019atrocit\u00e9s, sont contraints \u00e0 l\u2019exil car c\u2019est pour eux l\u2019unique voie vers la libert\u00e9, l\u2019avenir, la vie.<br \/>\n<\/span><\/span><\/h2>\n<p><!--more--><\/p>\n<h2><span style=\"font-family: sans-serif;\"><span style=\"font-size: medium;\">La France, comme beaucoup d\u2019autres pays d\u2019Europe, se cantonne \u00e0 un accueil parcimonieux, \u00e9troit, qui n\u2019est \u00e0 la hauteur ni de ses principes, ni de la situation, ni de l\u2019avenir.<\/span><\/span><\/h2>\n<h2><span style=\"font-family: sans-serif;\"><span style=\"font-size: medium;\">Pour accueillir les exil\u00e9s, la R\u00e9publique doit et peut faire mieux.<\/span><\/span><\/h2>\n<h2 style=\"text-align: justify;\">Face au drame historique qui se d\u00e9roule sous nos yeux, la France doit faire plus et mieux pour accueillir les femmes, les enfants, les hommes, qui fuient au p\u00e9ril de leur vie leur pays d\u00e9vast\u00e9 et qui cherchent refuge.<\/h2>\n<h2 style=\"text-align: justify;\">Comme beaucoup d\u2019autres pays d\u2019Europe, la France se cantonne pour l\u2019instant \u00e0 un accueil parcimonieux, \u00e9troit, qui n\u2019est \u00e0 la hauteur ni de ses principes, ni de la situation, ni de l\u2019avenir.<\/h2>\n<h2 style=\"text-align: justify;\">\u00c0 l\u2019occasion de la f\u00eate nationale du 14 juillet, qui rassemble tous les fran\u00e7ais autour de la devise Libert\u00e9, \u00e9galit\u00e9, fraternit\u00e9, un collectif intitul\u00e9 <em>Exil\u00e9s : l\u2019accueil d\u2019abord !<\/em>, initi\u00e9 par l\u2019\u00c9glise protestante unie de France, appelle \u00e0 un accueil conforme aux principes r\u00e9publicains et aux capacit\u00e9s de la France.<\/h2>\n<h2 style=\"text-align: justify;\"><strong>Deux actions sont men\u00e9es dans ce but :<\/strong><\/h2>\n<ul style=\"text-align: justify;\">\n<li>\n<h2><strong>l\u2019affichage d\u2019une banni\u00e8re sur les fa\u00e7ades des \u00e9glises, temples, associations et b\u00e2timents pour porter ce message,<\/strong><\/h2>\n<\/li>\n<li>\n<h2><strong>l\u2019interpellation des \u00e9lus sur les r\u00e9seaux sociaux ou par courrier pour un engagement concret dans les communes, les d\u00e9partements et l\u2019\u00c9tat.<\/strong><\/h2>\n<\/li>\n<\/ul>\n<h2 style=\"text-align: justify;\">le Collectif <em>Exil\u00e9s : l\u2019accueil d\u2019abord ! <\/em><\/h2>\n<h2 style=\"text-align: justify;\"><em>Un dossier complet<\/em><em> <span id=\"OBJ_PREFIX_DWT650_com_zimbra_url\" class=\"Object\"><a href=\"http:\/\/www.lacimade.org\/wp-content\/uploads\/2016\/07\/dossier-complet-BdF.pdf\" target=\"_blank\">http:\/\/www.lacimade.org\/wp-content\/uploads\/2016\/07\/dossier-complet-BdF.pdf<\/a><\/span><\/em><\/h2>\n<gcse:search><\/gcse:search>","protected":false},"excerpt":{"rendered":"<p>Comme le collectif, Exil\u00e9s\u00a0: l\u2019accueil d\u2019abord, le Cercle de Silence de Mazamet demande que les personnes qui fuient la guerre, la haine et la mis\u00e8re soient accueillis humainement.Voil\u00e0 pourquoi\u00a0samedi 9 juillet 2016 \u00e0 10h30, comme tous les 2\u00e8mes samedis du mois depuis 6 ans, nous nous r\u00e9unirons en silence au milieu du march\u00e9 de Mazamet [&hellip;]<\/p>\n","protected":false},"author":1,"featured_media":0,"comment_status":"open","ping_status":"open","sticky":false,"template":"","format":"standard","meta":{"footnotes":""},"categories":[217],"tags":[119],"class_list":["post-17989","post","type-post","status-publish","format-standard","hentry","category-libertes","tag-cercle-du-silence"],"_links":{"self":[{"href":"https:\/\/alternatifs81.fr\/index.php?rest_route=\/wp\/v2\/posts\/17989","targetHints":{"allow":["GET"]}}],"collection":[{"href":"https:\/\/alternatifs81.fr\/index.php?rest_route=\/wp\/v2\/posts"}],"about":[{"href":"https:\/\/alternatifs81.fr\/index.php?rest_route=\/wp\/v2\/types\/post"}],"author":[{"embeddable":true,"href":"https:\/\/alternatifs81.fr\/index.php?rest_route=\/wp\/v2\/users\/1"}],"replies":[{"embeddable":true,"href":"https:\/\/alternatifs81.fr\/index.php?rest_route=%2Fwp%2Fv2%2Fcomments&post=17989"}],"version-history":[{"count":0,"href":"https:\/\/alternatifs81.fr\/index.php?rest_route=\/wp\/v2\/posts\/17989\/revisions"}],"wp:attachment":[{"href":"https:\/\/alternatifs81.fr\/index.php?rest_route=%2Fwp%2Fv2%2Fmedia&parent=17989"}],"wp:term":[{"taxonomy":"category","embeddable":true,"href":"https:\/\/alternatifs81.fr\/index.php?rest_route=%2Fwp%2Fv2%2Fcategories&post=17989"},{"taxonomy":"post_tag","embeddable":true,"href":"https:\/\/alternatifs81.fr\/index.php?rest_route=%2Fwp%2Fv2%2Ftags&post=17989"}],"curies":[{"name":"wp","href":"https:\/\/api.w.org\/{rel}","templated":true}]}}