{"id":17976,"date":"2016-07-03T22:24:30","date_gmt":"2016-07-03T21:24:30","guid":{"rendered":"http:\/\/alternatifs81.fr\/?p=17976"},"modified":"2016-07-23T09:01:37","modified_gmt":"2016-07-23T08:01:37","slug":"retour-sur-le-proces-du-barrage-de-sivens-tribune-libre-de-jean-claude-egidio","status":"publish","type":"post","link":"https:\/\/alternatifs81.fr\/?p=17976","title":{"rendered":"Retour sur le proc\u00e8s du barrage de Sivens. . . et sur les circonstances de la mort de R\u00e9mi FRAISSE"},"content":{"rendered":"<h2 style=\"text-align: justify;\"><a href=\"http:\/\/alternatifs81.fr\/wp-content\/uploads\/SIVENS-juillet-2016.jpg\"  rel=\"lightbox[17976] attachment wp-att-17978\"><img loading=\"lazy\" decoding=\"async\" class=\"alignleft wp-image-17978\" src=\"http:\/\/alternatifs81.fr\/wp-content\/uploads\/SIVENS-juillet-2016-300x176.jpg\" alt=\"SIVENS juillet 2016\" width=\"375\" height=\"219\" srcset=\"https:\/\/alternatifs81.fr\/wp-content\/uploads\/SIVENS-juillet-2016-300x176.jpg 300w, https:\/\/alternatifs81.fr\/wp-content\/uploads\/SIVENS-juillet-2016-768x449.jpg 768w, https:\/\/alternatifs81.fr\/wp-content\/uploads\/SIVENS-juillet-2016.jpg 800w\" sizes=\"auto, (max-width: 375px) 100vw, 375px\" \/><\/a><span style=\"text-decoration: underline;\"><span style=\"color: #808000; text-decoration: underline;\">Le point de vue de Jean Claude EGIDIO:<\/span><\/span><\/h2>\n<h2 style=\"text-align: justify;\">Le jugement que le TA de Toulouse vient de rendre, suite \u00e0 l\u2019audience du 24 juin 2016, est extraordinaire au moins pour 2 raisons.<\/h2>\n<h2 style=\"text-align: justify;\">Rappelons en les termes\u00a0: la d\u00e9claration d\u2019utilit\u00e9 publique (DUP) est annul\u00e9e.<\/h2>\n<h2 style=\"text-align: justify;\">La d\u00e9claration autorisant la d\u00e9rogation \u00e0 la loi sur des esp\u00e8ces animales prot\u00e9g\u00e9es est annul\u00e9e.<\/h2>\n<h2 style=\"text-align: justify;\">La d\u00e9claration autorisant le d\u00e9boisement est annul\u00e9e.<\/h2>\n<h2 style=\"text-align: justify;\">Mais, concernant la demande d\u2019annulation de la d\u00e9claration d\u2019int\u00e9r\u00eat g\u00e9n\u00e9ral (DIG), le juge a prononc\u00e9 un non-lieu.<\/h2>\n<h2 style=\"text-align: justify;\">Ce jugement est extraordinaire en cela qu\u2019il donne tort \u00e0 la pr\u00e9f\u00e8te et au pr\u00e9fet qui ont sign\u00e9 les autorisations, tort aux 43 conseillers g\u00e9n\u00e9raux qui se sont align\u00e9s sur la position de Thierry Carcenac leur pr\u00e9sident au d\u00e9partement, tort \u00e0 la CACG, \u00e0 la fois experte en analyse des besoins en eau et fabricante de barrage, tort aux quelques producteurs de ma\u00efs qui escomptaient profiter \u00e0 moindre frais de l\u2019investissement public.<\/h2>\n<p><!--more--><\/p>\n<h2 style=\"text-align: justify;\">Le corollaire de tout ceci \u00e9tant que ce jugement donne raison aux opposants, aussi bien \u00e0 ceux qui ont d\u2019abord instruit la contre-expertise, qu\u2019\u00e0 ceux qui ont occup\u00e9 le site pour retarder les machines et donner le temps \u00e0 la justice de se prononcer.<\/h2>\n<h2 style=\"text-align: justify;\">C\u2019est en quelque sorte un d\u00e9but de r\u00e9habilitation des occupants, qui furent parfois tenus pour d\u00e9linquants au point d\u2019\u00eatre condamn\u00e9s en justice. C\u2019est aussi un encouragement pour d\u2019autres luttes, en cours ou \u00e0 venir.<\/h2>\n<h2 style=\"text-align: justify;\">Mais le jugement est extraordinaire aussi en cela que le juge a refus\u00e9 de statuer sur l\u2019autre demande d\u2019annulation, celle qui a trait \u00e0 la DIG (d\u00e9claration d\u2019int\u00e9r\u00eat g\u00e9n\u00e9ral).<\/h2>\n<h2 style=\"text-align: justify;\">Pr\u00e9cisons ici que si la DUP se rapporte au projet, son financement, son utilit\u00e9, et les op\u00e9rations immobili\u00e8res qu\u2019il pr\u00e9suppose, la DIG se rapporte plus pr\u00e9cis\u00e9ment \u00e0 sa mise en \u0153uvre concr\u00e8te.<\/h2>\n<h2 style=\"text-align: justify;\">Ainsi donc, le projet de barrage est jug\u00e9 incoh\u00e9rent et par cons\u00e9quent annul\u00e9,<strong> alors que le chantier qui le met en \u0153uvre \u00a0\u00e9chappe au jugement, et n\u2019est pas consid\u00e9r\u00e9 comme ill\u00e9gal.<\/strong> Si bien que nous nous trouvons dans une situation quasi schizophr\u00e9nique.<\/h2>\n<h2 style=\"text-align: justify;\">C\u2019est ici qu\u2019il convient de mod\u00e9rer son sentiment de triomphe : le non-lieu sur la DIG met hors d\u2019examen de la justice les exactions, les destructions, toutes les violences d\u2019Etat qui ont accompagn\u00e9 les travaux. Les responsabilit\u00e9s ne seront pas \u00e9tablies, les dommages ne seront pas chiffr\u00e9s, ni les r\u00e9parations effectu\u00e9es.<\/h2>\n<h2 style=\"text-align: justify;\">L\u2019accord sign\u00e9 entre l\u2019Etat et le d\u00e9partement en d\u00e9cembre 2015 a sold\u00e9 le conflit de Sivens, apur\u00e9 le contentieux financier et prononc\u00e9 l\u2019abrogation de la fameuse DIG, abrogation que le Collectif Testet et FNE avaient eux-m\u00eames demand\u00e9e d\u00e8s novembre 2014.<\/h2>\n<h2 style=\"text-align: justify;\">La victoire n\u2019est totale que pour ces deux associations, lesquelles, juste apr\u00e8s la mort de R\u00e9mi Fraisse, ont habilement man\u0153uvr\u00e9, \u00e0 l\u2019instigation de S\u00e9gol\u00e8ne Royal, \u00e0 la fois pour faire abandonner le projet de barrage initial et pour am\u00e9nager une sortie de crise aux principaux responsables de la gabegie.<\/h2>\n<blockquote class=\"wp-embedded-content\" data-secret=\"SkGu9oa8qj\"><p><a href=\"https:\/\/tantquilyauradesbouilles.wordpress.com\/2016\/07\/04\/4-juillet-2016-communique-de-presse-du-collectif\/\">4 Juillet 2016 : communiqu\u00e9 de presse du&nbsp;Collectif<\/a><\/p><\/blockquote>\n<p><iframe loading=\"lazy\" class=\"wp-embedded-content\" sandbox=\"allow-scripts\" security=\"restricted\" style=\"position: absolute; clip: rect(1px, 1px, 1px, 1px);\" title=\"&laquo;&nbsp;4 Juillet 2016 : communiqu\u00e9 de presse du&nbsp;Collectif&nbsp;&raquo; &#8212; Tant qu&#039;il y aura des bouilles\" src=\"https:\/\/tantquilyauradesbouilles.wordpress.com\/2016\/07\/04\/4-juillet-2016-communique-de-presse-du-collectif\/embed\/#?secret=Nctfv9hKf8#?secret=SkGu9oa8qj\" data-secret=\"SkGu9oa8qj\" width=\"500\" height=\"282\" frameborder=\"0\" marginwidth=\"0\" marginheight=\"0\" scrolling=\"no\"><\/iframe><\/p>\n<h3>http:\/\/www.collectif-testet.org\/index.php<\/h3>\n<p>&nbsp;<\/p>\n<h3><span style=\"text-decoration: underline; color: #808000;\"><span style=\"text-decoration: underline;\"><strong><em>R\u00e9action d&rsquo;A&amp;A 81 du 1er juillet 2016<\/em><\/strong><\/span><\/span><\/h3>\n<ul>\n<li class=\"hentry clearfix text-left\" dir=\"ltr\">\n<div class=\"introduction entry-content\">\n<h2 style=\"text-align: justify;\"><a href=\"http:\/\/alternatifs81.fr\/wp-content\/uploads\/p1120278-e14453673942121.jpg\"  rel=\"lightbox[17976] attachment wp-att-16277\"><img loading=\"lazy\" decoding=\"async\" class=\"alignleft wp-image-16277 size-full\" src=\"http:\/\/alternatifs81.fr\/wp-content\/uploads\/p1120278-e14453673942121.jpg\" alt=\"p1120278-e1445367394212\" width=\"225\" height=\"300\" \/><\/a>\u00ab\u00a0C\u2019est gagn\u00e9 . .\u00a0\u00bb Mais, \u00e0 quel prix<\/h2>\n<h2 style=\"text-align: justify;\">Le barrage n&rsquo;\u00e9tait pas d&rsquo;utilit\u00e9 publique !<\/h2>\n<h2 style=\"text-align: justify;\">Le d\u00e9cret de \u00ab\u00a0d\u00e9claration d&rsquo;utilit\u00e9 publique\u00a0\u00bb annul\u00e9 par le tribunal administratif. <br class=\"autobr\" \/> Plus d\u2019infos et analyses un peu plus tard<\/h2>\n<h2 style=\"text-align: justify;\"><br class=\"autobr\" \/> Nous pensons tr\u00e8s fort \u00e0 R\u00e9mi , \u00e0 sa famille<\/h2>\n<h2 style=\"text-align: justify;\">Nous pensons \u00e0 Nadine, Pierre et leur famille et \u00e0 tou.te.s celles et tous ceux qui s&rsquo;opposent, parfois depuis longtemps, \u00e0 ce projet calamiteux. . .<br \/>\nLa question de l&rsquo;eau se pose. . Pour quoi en faire et comment ? D&rsquo;autres solutions existent, \u00e0 d\u00e9battre.. . .<\/h2>\n<h2 style=\"text-align: justify;\">Comme doivent \u00eatre d\u00e9battues , par exemple, les alternatives au projet autoroutier Castres-Toulouse . . .<\/h2>\n<h2 style=\"text-align: justify;\">Un premier succ\u00e8s qui en appelle d&rsquo;autres, ailleurs. . .<\/h2>\n<\/div>\n<h2 style=\"text-align: justify;\">http:\/\/www.collectif-testet.org\/actualite-334-le-barrage-n-etait-pas-d-utilite-publique.html<\/h2>\n<\/li>\n<li class=\"hentry clearfix text-left\" dir=\"ltr\">\n<h2><span style=\"text-decoration: underline;\">http:\/\/www.lemonde.fr\/societe\/article\/2016\/07\/01\/barrage-de-sivens-la-justice-annule-la-declaration-d-utilite-publique-selon-les-avocats_4962126_3224.html<\/span><\/h2>\n<\/li>\n<\/ul>\n<h2>https:\/\/reporterre.net\/Remi-Fraisse-il-y-avait-une-equipe-fantome<\/h2>\n<h2>https:\/\/reporterre.net\/Remi-Fraisse-les-gendarmes-ont-tente-de-saboter-l-enquete-Voici-comment<\/h2>\n<h2>https:\/\/reporterre.net\/Mort-de-Remi-Fraisse-les-responsables-sont-a-Matignon-et-place-Beauvau<\/h2>\n<p>&nbsp;<\/p>\n<gcse:search><\/gcse:search>","protected":false},"excerpt":{"rendered":"<p>Le point de vue de Jean Claude EGIDIO: Le jugement que le TA de Toulouse vient de rendre, suite \u00e0 l\u2019audience du 24 juin 2016, est extraordinaire au moins pour 2 raisons. Rappelons en les termes\u00a0: la d\u00e9claration d\u2019utilit\u00e9 publique (DUP) est annul\u00e9e. La d\u00e9claration autorisant la d\u00e9rogation \u00e0 la loi sur des esp\u00e8ces animales [&hellip;]<\/p>\n","protected":false},"author":1,"featured_media":0,"comment_status":"open","ping_status":"open","sticky":false,"template":"","format":"standard","meta":{"footnotes":""},"categories":[434],"tags":[338,103,117,23],"class_list":["post-17976","post","type-post","status-publish","format-standard","hentry","category-projets-nuisibles-et-inutiles","tag-barrage-de-sivens","tag-demarche-citoyenne","tag-democratie","tag-luttes"],"_links":{"self":[{"href":"https:\/\/alternatifs81.fr\/index.php?rest_route=\/wp\/v2\/posts\/17976","targetHints":{"allow":["GET"]}}],"collection":[{"href":"https:\/\/alternatifs81.fr\/index.php?rest_route=\/wp\/v2\/posts"}],"about":[{"href":"https:\/\/alternatifs81.fr\/index.php?rest_route=\/wp\/v2\/types\/post"}],"author":[{"embeddable":true,"href":"https:\/\/alternatifs81.fr\/index.php?rest_route=\/wp\/v2\/users\/1"}],"replies":[{"embeddable":true,"href":"https:\/\/alternatifs81.fr\/index.php?rest_route=%2Fwp%2Fv2%2Fcomments&post=17976"}],"version-history":[{"count":0,"href":"https:\/\/alternatifs81.fr\/index.php?rest_route=\/wp\/v2\/posts\/17976\/revisions"}],"wp:attachment":[{"href":"https:\/\/alternatifs81.fr\/index.php?rest_route=%2Fwp%2Fv2%2Fmedia&parent=17976"}],"wp:term":[{"taxonomy":"category","embeddable":true,"href":"https:\/\/alternatifs81.fr\/index.php?rest_route=%2Fwp%2Fv2%2Fcategories&post=17976"},{"taxonomy":"post_tag","embeddable":true,"href":"https:\/\/alternatifs81.fr\/index.php?rest_route=%2Fwp%2Fv2%2Ftags&post=17976"}],"curies":[{"name":"wp","href":"https:\/\/api.w.org\/{rel}","templated":true}]}}