{"id":17954,"date":"2016-07-01T01:06:58","date_gmt":"2016-07-01T00:06:58","guid":{"rendered":"http:\/\/alternatifs81.fr\/?p=17954"},"modified":"2016-07-15T08:08:08","modified_gmt":"2016-07-15T07:08:08","slug":"une-forte-envie-de-relire-ce-texte","status":"publish","type":"post","link":"https:\/\/alternatifs81.fr\/?p=17954","title":{"rendered":"Une forte envie de relire ce texte . . ."},"content":{"rendered":"<h3 style=\"text-align: justify;\"><span style=\"color: #008000;\"><em>. . . et de le partager avec chacun.e de nous. . . Savoir si, \u00e0 la lumi\u00e8re de ce que nous vivons, de ce que nous faisons, dans nos luttes actuelles (Loi-travail, Nuit Debout, grands projets nuisibles et autres localement &#8211; ou nationalement &#8211; . . .), cela \u00ab\u00a0correspond\u00a0\u00bb? cela nous aide ? cela nous est \u00e9tranger ? \u00e9loign\u00e9 ? <\/em><\/span><\/h3>\n<h3 style=\"text-align: justify;\"><span style=\"color: #008000;\"><em>Savoir si nous pourrions (devrions ?) le compl\u00e9ter? l&rsquo;am\u00e9liorer? <\/em><\/span><\/h3>\n<h3 style=\"text-align: justify;\"><span style=\"color: #008000;\"><em>Bref tout un tas de questions qui s&rsquo;adressent <\/em><\/span><span style=\"color: #008000;\"><em>\u00e0 chacun.e de nous, que nous soyons adh\u00e9rent.e, sympathisant.e ou &#8211; parfois &#8211; compagne ou compagnon de route et de lutte. . .<\/em><\/span><\/h3>\n<h1 align=\"center\"><span style=\"color: #808000;\"><b>A &amp; A\u00a0: Un Congr\u00e8s pas comme les autres<\/b><\/span><\/h1>\n<h2 style=\"text-align: justify;\"><a href=\"http:\/\/alternatifs81.fr\/wp-content\/uploads\/Logo-Alternatives-et-Autogestion.jpg\"  rel=\"lightbox[17954] attachment wp-att-17401\"><img loading=\"lazy\" decoding=\"async\" class=\"alignleft wp-image-17401 size-full\" src=\"http:\/\/alternatifs81.fr\/wp-content\/uploads\/Logo-Alternatives-et-Autogestion.jpg\" alt=\"Logo Alternatives et Autogestion\" width=\"215\" height=\"122\" \/><\/a>Voil\u00e0 en quelques mots le sentiment g\u00e9n\u00e9ral que les participants ont retir\u00e9 de ce congr\u00e8s qui nous a rassembl\u00e9 les 6 et <span id=\"OBJ_PREFIX_DWT2157_com_zimbra_date\" class=\"Object\">7 f\u00e9vrier 2016<\/span>, 40 rue de malte \u00e0 Paris.<\/h2>\n<h2 style=\"text-align: justify;\">L\u2019ordre du jour \u00e9tait copieux et vari\u00e9, les d\u00e9bats anim\u00e9s et respectueux et\u2026 se sont d\u00e9roul\u00e9s dans une ambiance \u00e0 la fois s\u00e9rieuse, conviviale et \u2026 joyeuse\u00a0: nous \u00e9tions tout simplement heureux d\u2019\u00eatre ensemble.<\/h2>\n<h2 style=\"text-align: justify;\">Des m\u00e9thodes d\u2019\u00e9ducation populaire ont permis \u00e0 toutes et tous de s\u2019exprimer, de faire entendre leurs pr\u00e9occupations, de prendre le temps d\u2019\u00e9couter les autres et de participer \u00e0 la construction d\u2019un mouvement bas\u00e9 sur des valeurs fondamentales et qui se r\u00e9sument par ces quelques mots\u00a0: solidarit\u00e9, \u00e9cologie, f\u00e9minisme, vivre ensemble, autogestion.<\/h2>\n<h2 style=\"text-align: justify;\">Nous avons affin\u00e9 en quelque sorte <span style=\"color: #808000;\"><b>notre carte de visite <\/b><\/span>dont vous trouverez le texte sur le site. Le texte de cette carte sera pr\u00e9c\u00e9d\u00e9 d\u2019un petit papillon qui r\u00e9sume notre d\u00e9marche\u00a0:<\/h2>\n<h1><span style=\"color: #808000;\"><i>R\u00e9sister \u2013 Proposer \u2013 Se R\u00e9volter \u2013\u00a0 <a href=\"http:\/\/alternatifs81.fr\/wp-content\/uploads\/autogestion-2-1.jpg\"  rel=\"lightbox[17954] attachment wp-att-17738\"><img loading=\"lazy\" decoding=\"async\" class=\"alignright wp-image-17738 size-medium\" src=\"http:\/\/alternatifs81.fr\/wp-content\/uploads\/autogestion-2-1-300x282.jpg\" alt=\"autogestion 2\" width=\"300\" height=\"282\" srcset=\"https:\/\/alternatifs81.fr\/wp-content\/uploads\/autogestion-2-1-300x282.jpg 300w, https:\/\/alternatifs81.fr\/wp-content\/uploads\/autogestion-2-1-768x721.jpg 768w, https:\/\/alternatifs81.fr\/wp-content\/uploads\/autogestion-2-1.jpg 800w\" sizes=\"auto, (max-width: 300px) 100vw, 300px\" \/><\/a>Exp\u00e9rimenter \u2013 Coordonner<\/i><\/span><\/h1>\n<h2 style=\"text-align: justify;\">Et pour celles et ceux qui estiment que cette carte de visite est trop simpliste nous avons pris la d\u00e9cision de r\u00e9diger <span style=\"color: #808000;\"><b>un manifeste<\/b><\/span> qui sera en quelque sorte une trame d\u2019une douzaine de th\u00e8mes \u00e9nonc\u00e9s de fa\u00e7on positive <em>\u00ab\u00a0nous sommes pour\u00a0\u00bb<\/em> et non pas<em> \u00ab\u00a0nous sommes contre\u00a0\u00bb .<br \/>\n<\/em><\/h2>\n<p><!--more--><\/p>\n<h2 style=\"text-align: justify;\">Il s\u2019agira en quelque sorte de revendiquer des droits nouveaux, de dire ce qui fait sens pour nous, les articulations avec les luttes, les groupes et la soci\u00e9t\u00e9.<\/h2>\n<h2 style=\"text-align: justify;\">Par ailleurs nous poursuivrons notre travail au niveau <span style=\"color: #808000;\"><b>du r\u00e8glement int\u00e9rieur.<\/b><\/span><\/h2>\n<h2 style=\"text-align: justify;\"><span style=\"color: #008000;\"><b><a href=\"http:\/\/alternatifs81.fr\/wp-content\/uploads\/lib\u00e9rons-la-parole-1.jpg\"  rel=\"lightbox[17954] attachment wp-att-17847\"><img loading=\"lazy\" decoding=\"async\" class=\"alignleft wp-image-17847 size-medium\" src=\"http:\/\/alternatifs81.fr\/wp-content\/uploads\/lib\u00e9rons-la-parole-1-300x245.jpg\" alt=\"lib\u00e9rons la parole\" width=\"300\" height=\"245\" srcset=\"https:\/\/alternatifs81.fr\/wp-content\/uploads\/lib\u00e9rons-la-parole-1-300x245.jpg 300w, https:\/\/alternatifs81.fr\/wp-content\/uploads\/lib\u00e9rons-la-parole-1-768x628.jpg 768w, https:\/\/alternatifs81.fr\/wp-content\/uploads\/lib\u00e9rons-la-parole-1.jpg 800w\" sizes=\"auto, (max-width: 300px) 100vw, 300px\" \/><\/a>Le groupe finances <\/b><\/span>a \u00e9galement rendu compte <em>(justificatifs \u00e0 l\u2019appui<\/em>) d\u2019une mani\u00e8re claire de la situation de <span style=\"color: #808000;\">tr\u00e9sorerie<\/span> et des pr\u00e9visions pour le futur. Les certificats de d\u00e9ductibilit\u00e9 fiscale ont \u00e9t\u00e9 \u00e9tablis. Il a \u00e9t\u00e9 notamment d\u00e9cid\u00e9 de reverser 40% des cotisations aux f\u00e9d\u00e9rations constitu\u00e9es et qui le demanderaient.<\/h2>\n<h2 style=\"text-align: justify;\">Ces quelques \u00e9l\u00e9ments devraient nous permettre d\u2019asseoir nos bases de travail et de militance.<\/h2>\n<h2 style=\"text-align: justify;\">A ce niveau nous avons pu constater que notre mouvement existe v\u00e9ritablement, qu\u2019il s\u2019appuie \u00e0 la fois sur des bases s\u00e9rieuses, des moyens \u00e0 la fois humains et financiers certes modestes mais r\u00e9els.<\/h2>\n<h2 style=\"text-align: justify;\">ET nous nous sommes rendus compte qu\u2019il s\u2019agit pour le futur de nous appuyer sur cette r\u00e9alit\u00e9 pour poursuivre notre route et nous ouvrir \u00e0 celles et ceux qui nous entourent.<\/h2>\n<h1 style=\"text-align: justify;\"><span style=\"color: #008000;\"><b>La communication externe<\/b> <b>doit \u00eatre un objectif important et m\u00eame essentiel pour le futur<\/b>.<\/span><\/h1>\n<h2 style=\"text-align: justify;\">Des id\u00e9es, des propositions ont \u00e9t\u00e9 \u00e9mises qu\u2019il s\u2019agit maintenant de s\u2019approprier et de mettre en pratique compte tenu de nos possibilit\u00e9s, mais aussi de nos limites. Il a notamment \u00e9t\u00e9 propos\u00e9 de\u00a0:<\/h2>\n<ul>\n<li>\n<h2 style=\"text-align: justify;\">Faire des clips de pr\u00e9sentation du mouvement.\u00a0\u00a0\u00a0\u00a0 <a href=\"http:\/\/alternatifs81.fr\/wp-content\/uploads\/radio-1.jpg\"  rel=\"lightbox[17954] attachment wp-att-17848\"><img loading=\"lazy\" decoding=\"async\" class=\"alignright wp-image-17848 size-medium\" src=\"http:\/\/alternatifs81.fr\/wp-content\/uploads\/radio-1-300x203.jpg\" alt=\"radio 1\" width=\"300\" height=\"203\" srcset=\"https:\/\/alternatifs81.fr\/wp-content\/uploads\/radio-1-300x203.jpg 300w, https:\/\/alternatifs81.fr\/wp-content\/uploads\/radio-1-768x519.jpg 768w, https:\/\/alternatifs81.fr\/wp-content\/uploads\/radio-1.jpg 800w\" sizes=\"auto, (max-width: 300px) 100vw, 300px\" \/><\/a><\/h2>\n<\/li>\n<li style=\"text-align: justify;\">\n<h2>Dresser un r\u00e9pertoire d\u2019exp\u00e9riences qui correspondent \u00e0 nos valeurs.<\/h2>\n<\/li>\n<li style=\"text-align: justify;\">\n<h2>Recenser et relancer les personnes, collectifs et r\u00e9seaux les plus proches et leur envoyer le journal.<\/h2>\n<\/li>\n<li style=\"text-align: justify;\">\n<h2>Reprendre les ventes militantes.<\/h2>\n<\/li>\n<li style=\"text-align: justify;\">\n<h2>Utiliser les outils de communication pour se faire connaitre\u00a0: la presse r\u00e9gionale plus ouverte que la presse nationale, les radios locales.<\/h2>\n<\/li>\n<li style=\"text-align: justify;\">\n<h2>Utiliser et d\u00e9velopper notre pr\u00e9sence sur les r\u00e9seaux sociaux (Facebook et Twitter).<\/h2>\n<\/li>\n<li style=\"text-align: justify;\">\n<h2>Cr\u00e9er et d\u00e9velopper notre site internet<\/h2>\n<\/li>\n<li style=\"text-align: justify;\">\n<h2>Cr\u00e9er des \u00e9v\u00e8nements, des r\u00e9unions, des forums sur des th\u00e8mes qui nous concernent.<\/h2>\n<\/li>\n<\/ul>\n<h2 style=\"text-align: justify;\">Nous avons \u00e9galement pris le temps d\u2019\u00e9couter certain-e-s qui n\u2019ont pas particip\u00e9 au congr\u00e8s\u2026notamment un texte significatif de Marie Fran\u00e7oise\u00a0:<\/h2>\n<h2 style=\"text-align: justify;\">\u00ab\u00a0Je voulais vous faire part de ma r\u00e9flexion personnelle sur deux points qui me tiennent \u00e0 c\u0153ur plus particuli\u00e8rement <span id=\"OBJ_PREFIX_DWT2158_com_zimbra_date\" class=\"Object\">aujourd\u2019hui<\/span>\u00a0:<\/h2>\n<ol style=\"text-align: justify;\">\n<li>\n<h2>Les \u00e9lections et notre participation aux institutions\u00a0: dans le Tarn je fais partie des sceptiques qui ne croient plus aux \u00e9lections. Je ne crois plus <span id=\"OBJ_PREFIX_DWT2159_com_zimbra_date\" class=\"Object\">aujourd\u2019hui<\/span> au pouvoir de d\u00e9l\u00e9gation et de repr\u00e9sentation\u00a0; j\u2019y ai longtemps cru, et je me suis longtemps battu pour aller voter, mais \u00e0 force d\u2019avaler des couleuvres et de voir que rien ne bouge <span id=\"OBJ_PREFIX_DWT2160_com_zimbra_date\" class=\"Object\">aujourd\u2019hui<\/span> je n\u2019ai plu envie d\u2019aller voter. Quant \u00e0 la question de notre pr\u00e9sence dans nos institutions, pour moi la question n\u2019est pas l\u00e0. La question est\u00a0: O\u00f9 pouvons nous r\u00e9ellement agir pour construire un autre monde. Si nous pensons que nous pouvons faire bouger des choses en allant dans un conseil municipal ou d\u00e9partemental alors il faut y aller.<\/h2>\n<\/li>\n<li>\n<h2>L\u2019autogestion\u00a0: L\u2019autogestion reste pour moi quelque chose qui <a href=\"http:\/\/alternatifs81.fr\/wp-content\/uploads\/autogestion-1.jpg\"  rel=\"lightbox[17954] attachment wp-att-17736\"><img loading=\"lazy\" decoding=\"async\" class=\"alignleft wp-image-17736 size-medium\" src=\"http:\/\/alternatifs81.fr\/wp-content\/uploads\/autogestion-1-300x216.jpg\" alt=\"autogestion 1\" width=\"300\" height=\"216\" srcset=\"https:\/\/alternatifs81.fr\/wp-content\/uploads\/autogestion-1-300x216.jpg 300w, https:\/\/alternatifs81.fr\/wp-content\/uploads\/autogestion-1-768x553.jpg 768w, https:\/\/alternatifs81.fr\/wp-content\/uploads\/autogestion-1.jpg 800w\" sizes=\"auto, (max-width: 300px) 100vw, 300px\" \/><\/a>n\u2019est pas \u00e9vident \u00e0 mettre en place. En effet il me semble que nous avons \u00e9t\u00e9 tous format\u00e9s, nous n\u2019avons pas appris au cours de notre vie \u00e0 devenir autogestionnaire\u2026..Tous au cours de notre vie nous votons pour confier le pouvoir politique \u00e0 quelqu\u2019un d\u2019autre, vous avouerez que cela n\u2019 rien de v\u00e9ritablement autogestionnaire. Fonctionner en autogestion est pour moi quelque chose de difficile. En effet comment faire en sorte que chacun trouve sa place. Comment faire en sorte que chacun puisse s\u2019investir \u00e0 son rythme\u00a0? Comment faire en sorte que chacun puisse faire un travail sans se trouver oblig\u00e9 de faire en plus celui du voisin\u00a0? Pour moi dans un mouvement comme le n\u00f4tre chacun peut apporter sa pierre.\u00a0\u00bb<\/h2>\n<\/li>\n<\/ol>\n<h2 style=\"text-align: justify;\">Ce texte r\u00e9sume bien des questions que nous nous posons mais nous montre \u00e9galement des pistes de r\u00e9flexions et d\u2019actions qui en d\u00e9coulent.<\/h2>\n<h2 style=\"text-align: justify;\">Ce texte \u00e9tait d\u2019ailleurs en phase avec le <b>questionnaire qui nous a \u00e9t\u00e9 propos\u00e9 par le groupe du<\/b> <b>Tarn<\/b> et qui se r\u00e9sume par un certain nombre de questions auxquelles nous avons apport\u00e9 quelques \u00e9l\u00e9ments de r\u00e9ponses\u00a0:<\/h2>\n<ol style=\"text-align: justify;\">\n<li>\n<h2><b>Pourquoi je fais de la politique\u00a0?<\/b><\/h2>\n<\/li>\n<\/ol>\n<h2 style=\"text-align: justify;\"><a href=\"http:\/\/alternatifs81.fr\/wp-content\/uploads\/autocol-maj-degagent-reduit.jpg\"  rel=\"lightbox[17954] attachment wp-att-17703\"><img loading=\"lazy\" decoding=\"async\" class=\"alignleft wp-image-17703 size-medium\" src=\"http:\/\/alternatifs81.fr\/wp-content\/uploads\/autocol-maj-degagent-reduit-210x300.jpg\" alt=\"autocol-maj-degagent-reduit\" width=\"210\" height=\"300\" srcset=\"https:\/\/alternatifs81.fr\/wp-content\/uploads\/autocol-maj-degagent-reduit-210x300.jpg 210w, https:\/\/alternatifs81.fr\/wp-content\/uploads\/autocol-maj-degagent-reduit.jpg 600w\" sizes=\"auto, (max-width: 210px) 100vw, 210px\" \/><\/a>Dans ce monde ou toute activit\u00e9 humaine est domin\u00e9e par l\u2019argent, ou les richesses sont concentr\u00e9es dans les mains de quelques uns, ou la nature est peu \u00e0 peu d\u00e9truite, ou presque tout est marchandis\u00e9, la n\u00e9cessit\u00e9 et la volont\u00e9 individuelle et collective de renverser l\u2019ordre capitaliste nous conduisent \u00e0 r\u00e9fl\u00e9chir comment construire une alternative globale sociale et politique.<\/h2>\n<ol style=\"text-align: justify;\">\n<li>\n<h2><b>Pourquoi ai-je besoin d\u2019un mouvement politique nouveau et diff\u00e9rent des autres\u00a0?<\/b><\/h2>\n<\/li>\n<\/ol>\n<h2 style=\"text-align: justify;\">Pour faire vivre et d\u00e9velopper des id\u00e9es construites par les alternatifs en s\u2019appuyant sur des valeurs et leur mise en \u0153uvre.<\/h2>\n<h2 style=\"text-align: justify;\">Il faut cr\u00e9er un lieu plut\u00f4t qu\u2019une organisation, un projet de transformation sociale et \u00e9cologique\u00a0; un manifeste plut\u00f4t qu\u2019un programme, un intellectuel collectif.<\/h2>\n<ol style=\"text-align: justify;\">\n<li>\n<h2><b>Comment je d\u00e9finis chacun des piliers qui sont les n\u00f4tres\u00a0?<\/b><\/h2>\n<\/li>\n<\/ol>\n<h1 style=\"text-align: justify;\"><span style=\"text-decoration: underline; color: #808000;\">Solidarit\u00e9s \u2013 Ecologie \u2013 F\u00e9minisme \u2013 Vivre ensemble \u2013 Autogestion<\/span><\/h1>\n<ol style=\"text-align: justify;\">\n<li>\n<h2><b>Quel r\u00f4le doit avoir dans notre soci\u00e9t\u00e9 une organisation autogestionnaire\u00a0?<\/b><\/h2>\n<\/li>\n<\/ol>\n<h2 style=\"text-align: justify;\">Faire connaitre les apports th\u00e9oriques et exp\u00e9rimentaux d\u2019hier et d\u2019<span id=\"OBJ_PREFIX_DWT2161_com_zimbra_date\" class=\"Object\">aujourd\u2019hui<\/span> sur l\u2019autogestion\u00a0: par ex. Collectivit\u00e9s d\u2019Aragon avec des centaines de villages collectivis\u00e9s dans l\u2019Espagne franquiste, pratiques communales autogestionnaires comme \u00e0 Saillan, reprise par les travailleurs de leur outil transform\u00e9 en coop\u00e9rative..<\/h2>\n<h2 style=\"text-align: justify;\">S\u2019appuyer sur l\u2019unit\u00e9 populaire, les mouvements d\u2019\u00e9ducation<a href=\"http:\/\/alternatifs81.fr\/wp-content\/uploads\/arton552-b0a83.jpg\"  rel=\"lightbox[17954] attachment wp-att-17828\"><img loading=\"lazy\" decoding=\"async\" class=\"alignright wp-image-17828\" src=\"http:\/\/alternatifs81.fr\/wp-content\/uploads\/arton552-b0a83.jpg\" alt=\"arton552-b0a83\" width=\"200\" height=\"200\" \/><\/a> populaire pour co-organiser et co-construire des alternatives dans les quartiers\u00a0: conseils de quartier citoyens, budget participatif, caf\u00e9 repaire \u2026<\/h2>\n<h2 style=\"text-align: justify;\">Participer \u00e0 l\u2019institution locale \u00e0 condition de pouvoir s\u2019appuyer sur l\u2019expression populaire et avoir des relais militants dans les quartiers.<\/h2>\n<ol style=\"text-align: justify;\">\n<li>\n<h2><b>Quel fonctionnement pour permettre l\u2019expression de chacun d\u2019entre nous\u00a0?<\/b><\/h2>\n<\/li>\n<\/ol>\n<h2 style=\"text-align: justify;\">Rotation des fonctions, mandats, commissions th\u00e9matiques.<\/h2>\n<ol style=\"text-align: justify;\">\n<li>\n<h2><b>Pi\u00e8ge \u00e0 \u00e9viter pour rester fid\u00e8le \u00e0 nos objectifs\u00a0?<\/b><\/h2>\n<\/li>\n<\/ol>\n<h2 style=\"text-align: justify;\">Ne pas reproduire une organisation \u00ab\u00a0m\u00e9tropolitaine parisienne\u00a0\u00bb<\/h2>\n<h2 style=\"text-align: justify;\">Refuser toute professionnalisation de l\u2019outil politique y compris par des n\u00e9o retrait\u00e9s omnipr\u00e9sents.<\/h2>\n<ol style=\"text-align: justify;\">\n<li>\n<h2><b>Quelles relations aux autres organisations\u00a0?<\/b><\/h2>\n<\/li>\n<\/ol>\n<h2 style=\"text-align: justify;\">Participer \u00e0 de collectifs th\u00e9matiques locaux, front de luttes.<\/h2>\n<h2 style=\"text-align: justify;\">Faire connaitre nos orientations et les mettre en pratique avec eux.<\/h2>\n<h2 style=\"text-align: justify;\">On a \u00e9galement tent\u00e9 de r\u00e9pondre \u00e0 une question fondamentale, <b>comment changer le monde\u00a0? <\/b>en marchant tout simplement sur nos deux jambes, luttes sociales et pr\u00e9sence dans les institutions.<\/h2>\n<h2 style=\"text-align: justify;\">Des pistes d\u2019action tr\u00e8s concr\u00e8tes ont \u00e9t\u00e9 propos\u00e9es\u00a0:<\/h2>\n<h2 style=\"text-align: justify;\">1<sup>er<\/sup> niveau\u00a0: <b>l\u2019individu\/le groupe<\/b><\/h2>\n<h2 style=\"text-align: justify;\">\u2013\u00a0Travailler sur soi m\u00eame pour s\u2019ins\u00e9rer dans l\u2019action commune<\/h2>\n<h2 style=\"text-align: justify;\">\u2013\u00a0le groupe fait bouger l\u2019individu<\/h2>\n<h2 style=\"text-align: justify;\">2\u00e8 niveau\u00a0: <b>Changer la culture (les mentalit\u00e9s)<\/b><\/h2>\n<h2 style=\"text-align: justify;\">\u2013\u00a0valoriser<\/h2>\n<h2 style=\"text-align: justify;\">\u2013 \u00a0la coop\u00e9ration <i>plut\u00f4t que<\/i> le pouvoir<\/h2>\n<h2 style=\"text-align: justify;\">\u2013\u00a0le \u00ab\u00a0Tous capable \u00ab\u00a0\u00a0<i>plut\u00f4t que<\/i> l\u2019\u00e9litisme<\/h2>\n<h2 style=\"text-align: justify;\">\u2013 les biens communs <i>plut\u00f4t que<\/i> la propri\u00e9t\u00e9 priv\u00e9e<\/h2>\n<h2 style=\"text-align: justify;\">Montrer NOUS-M\u00caME que l\u2019on peut FAIRE AUTREMENT<\/h2>\n<h2 style=\"text-align: justify;\">Mais ne pas rester entre nous et d\u00e9velopper UNE \u00c9DUCATION POPULAIRE.<\/h2>\n<h2 style=\"text-align: justify;\">3\u00e8 niveau\u00a0; <b>la politique c\u2019est\u00a0:<\/b><\/h2>\n<ul>\n<li>\n<h2>Donner du sens aux exp\u00e9riences<\/h2>\n<\/li>\n<li>\n<h2>Les articuler entre elles<\/h2>\n<\/li>\n<li>\n<h2>Agir sur les r\u00e8gles (lois)<\/h2>\n<\/li>\n<\/ul>\n<h2>4\u00e8 niveau\u00a0:<span style=\"color: #808000;\"> <b>Des questions qui restent \u00e0 approfondir<\/b><\/span><\/h2>\n<h2>Quel bilan de nos participations dans les institutions\u00a0? (\u00e9lus, conseils\u2026)<\/h2>\n<h2>Changer les syst\u00e8mes politiques (constitutions etc..) et juridique (droit de gr\u00e8ve\u2026) qui s\u00e9questrent la d\u00e9mocratie.<\/h2>\n<h2>A la question du<span style=\"color: #008000;\"><b> programme<\/b><\/span> nous avons avanc\u00e9 la notion <b>de <span style=\"color: #808000;\">projet<\/span><\/b> pouvant prendre la forme d\u2019un <b><span style=\"color: #808000;\">manifeste<\/span>.<\/b><\/h2>\n<h2><b>Le r\u00f4le de notre force politique<\/b> consistera \u00e0 construire de nouveaux droits, \u00e0 cr\u00e9er du lien.<\/h2>\n<h2>Notre pr\u00e9sence dans les processus \u00e9lectoraux ne sera pas obligatoire et devra s\u2019appuyer sur des relais dans les quartiers.<\/h2>\n<h2 style=\"text-align: justify;\">Une tache importante consistera<\/h2>\n<h2 style=\"text-align: justify;\">&#8211; \u00e0 faire le lien entre les divers aspects \u00e9nonc\u00e9s\u00a0:<\/h2>\n<h2 style=\"text-align: justify;\">&#8211; \u00e0 faire et \u00e0 cr\u00e9er du sens<\/h2>\n<h2 style=\"text-align: justify;\">&#8211; \u00e0 faire le lien entre diff\u00e9rents domaines (social, associatif, politique)<\/h2>\n<h2 style=\"text-align: justify;\">&#8211; \u00e0 faire le lien avec des groupes politiques et citoyens proche de nos valeurs<\/h2>\n<h2 style=\"text-align: justify;\">&#8211; \u00e0 faire le lien entre les exp\u00e9riences men\u00e9es sur le terrain<\/h2>\n<h2 style=\"text-align: justify;\">et aussi et surtout<\/h2>\n<h2 style=\"text-align: justify;\">&#8211; \u00e0 entrer en r\u00e9sistance<\/h2>\n<h2 style=\"text-align: justify;\">Voil\u00e0 pourquoi il nous parait primordial <span style=\"color: #808000;\"><b>de construire une culture du commun<\/b><\/span> en passant de l\u2019individu au collectif.<\/h2>\n<h2 style=\"text-align: justify;\">Nous avons \u00e9galement discut\u00e9, d\u00e9battu sur <span style=\"color: #808000;\"><b>la n\u00e9cessit\u00e9 d\u2019avoir un journal<\/b><\/span> qui est et reste un outil essentiel dans la transmission de nos id\u00e9es et des exp\u00e9rimentations qui en d\u00e9coulent.<\/h2>\n<h2 style=\"text-align: justify;\">En d\u00e9finitive ce congr\u00e8s a \u00e9t\u00e9 vraiment diff\u00e9rent de ce que certain-e-s d\u2019entre nous ont connu dans le pass\u00e9\u00a0:<\/h2>\n<h2 style=\"text-align: justify;\">Pas de motions revues et corrig\u00e9es, amend\u00e9es et donnant lieu \u00e0 des d\u00e9bats interminables mais des ORIENTATIONS.<\/h2>\n<h2 style=\"text-align: justify;\">Pas de textes ou chaque phrase est pes\u00e9e, d\u00e9battue, ou tout est dit mais ou tout le monde aura vite oubli\u00e9 ce qui a \u00e9t\u00e9 dit.<\/h2>\n<h2 style=\"text-align: justify;\">Pas de votes avec une majorit\u00e9 qui oublie de respecter les minorit\u00e9s mais une recherche de consensus.<\/h2>\n<h2 style=\"text-align: justify;\">Pas de crispation ni de r\u00e8glements de compte mais un souci permanent de r\u00e9fl\u00e9chir et de faire ensemble, de mettre en commun, de rechercher nos ressemblances \u00e0 travers nos diversit\u00e9s.<\/h2>\n<h2 style=\"text-align: justify;\">En d\u00e9finitive nous nous sommes quitt\u00e9s avec le sentiment,<\/h2>\n<h1><span style=\"color: #808000;\"><b>Qu\u2019il faut arr\u00eater d\u2019en parler mais nous donner les moyens de faire.<\/b><\/span><\/h1>\n<h2>Que des rencontres ult\u00e9rieures seront n\u00e9cessaires, tout en ayant conscience de nos limites, de nos moyens, ( se seront peut \u00eatre des journ\u00e9es d\u2019\u00e9t\u00e9, une assembl\u00e9e g\u00e9n\u00e9rale, un forum ouvert\u2026).<\/h2>\n<h2>Que nous existons bel et bien et qu\u2019il s\u2019agit d\u2019enfoncer le clou <span style=\"color: #808000;\"><b>pour d\u00e9montrer par nos pratiques que<\/b> <b>la politique c\u2019est l\u2019affaire de tout le monde.<\/b><\/span><\/h2>\n<h3><span style=\"color: #0000ff;\"><i>Compte-rendu r\u00e9dig\u00e9 par Roger Winterhalter<\/i><\/span><\/h3>\n<gcse:search><\/gcse:search>","protected":false},"excerpt":{"rendered":"<p>. . . et de le partager avec chacun.e de nous. . . Savoir si, \u00e0 la lumi\u00e8re de ce que nous vivons, de ce que nous faisons, dans nos luttes actuelles (Loi-travail, Nuit Debout, grands projets nuisibles et autres localement &#8211; ou nationalement &#8211; . . .), cela \u00ab\u00a0correspond\u00a0\u00bb? cela nous aide ? cela [&hellip;]<\/p>\n","protected":false},"author":1,"featured_media":0,"comment_status":"open","ping_status":"open","sticky":false,"template":"","format":"standard","meta":{"footnotes":""},"categories":[391],"tags":[43,398,103,169,400,23],"class_list":["post-17954","post","type-post","status-publish","format-standard","hentry","category-alternatives-et-autogestion","tag-appel","tag-autogestion","tag-demarche-citoyenne","tag-ecologie-2","tag-feminisme","tag-luttes"],"_links":{"self":[{"href":"https:\/\/alternatifs81.fr\/index.php?rest_route=\/wp\/v2\/posts\/17954","targetHints":{"allow":["GET"]}}],"collection":[{"href":"https:\/\/alternatifs81.fr\/index.php?rest_route=\/wp\/v2\/posts"}],"about":[{"href":"https:\/\/alternatifs81.fr\/index.php?rest_route=\/wp\/v2\/types\/post"}],"author":[{"embeddable":true,"href":"https:\/\/alternatifs81.fr\/index.php?rest_route=\/wp\/v2\/users\/1"}],"replies":[{"embeddable":true,"href":"https:\/\/alternatifs81.fr\/index.php?rest_route=%2Fwp%2Fv2%2Fcomments&post=17954"}],"version-history":[{"count":0,"href":"https:\/\/alternatifs81.fr\/index.php?rest_route=\/wp\/v2\/posts\/17954\/revisions"}],"wp:attachment":[{"href":"https:\/\/alternatifs81.fr\/index.php?rest_route=%2Fwp%2Fv2%2Fmedia&parent=17954"}],"wp:term":[{"taxonomy":"category","embeddable":true,"href":"https:\/\/alternatifs81.fr\/index.php?rest_route=%2Fwp%2Fv2%2Fcategories&post=17954"},{"taxonomy":"post_tag","embeddable":true,"href":"https:\/\/alternatifs81.fr\/index.php?rest_route=%2Fwp%2Fv2%2Ftags&post=17954"}],"curies":[{"name":"wp","href":"https:\/\/api.w.org\/{rel}","templated":true}]}}