{"id":17729,"date":"2016-05-28T20:27:31","date_gmt":"2016-05-28T19:27:31","guid":{"rendered":"http:\/\/alternatifs81.fr\/?p=17729"},"modified":"2016-05-28T20:27:31","modified_gmt":"2016-05-28T19:27:31","slug":"notre-dame-des-landes-consultation-du-26-juin-2016-en-loire-atlantique-on-a-tous-une-bonne-raison-de-voter-non","status":"publish","type":"post","link":"https:\/\/alternatifs81.fr\/?p=17729","title":{"rendered":"Notre-Dame-des-Landes, consultation du 26 juin 2016 en Loire Atlantique : On a tous une bonne raison de voter NON !"},"content":{"rendered":"<h2 class=\"post-body entry-content\" style=\"text-align: justify;\"><b><a href=\"http:\/\/alternatifs81.fr\/wp-content\/uploads\/anim134x134-1.gif\"  rel=\"lightbox[17729] attachment wp-att-17731\"><img loading=\"lazy\" decoding=\"async\" class=\"alignleft wp-image-17731\" src=\"http:\/\/alternatifs81.fr\/wp-content\/uploads\/anim134x134-1.gif\" alt=\"anim134x134\" width=\"199\" height=\"199\" \/><\/a>La Coordination des opposants (plus de 50 groupes &#8211; associations, collectifs, syndicats et mouvements politiques) a d\u00e9cid\u00e9, apr\u00e8s discussion lors de sa r\u00e9union exceptionnelle du 31 mars 2016, de d\u00e9noncer haut et fort la mascarade que repr\u00e9sente cette consultation mais d&rsquo;appeler aussi les citoyens \u00e0 aller voter massivement NON pour ne pas laisser le champ libre aux porteurs du projet.\u00a0<\/b><\/h2>\n<h2 style=\"text-align: justify;\"><b>La Coordination a toujours su s&rsquo;adapter et r\u00e9agir aux diff\u00e9rentes turpitudes de ce dossier, aussi bien sur le terrain que sur les volets juridique et politique. Les fortes mobilisations de janvier et f\u00e9vrier 2016 autour de Nantes ont d\u00e9montr\u00e9 la d\u00e9termination et la coh\u00e9sion de l&rsquo;ensemble du mouvement. <\/b><\/h2>\n<h2 style=\"text-align: justify;\"><b>La Coordination a d\u00e9cid\u00e9 de faire une campagne tr\u00e8s active sur le terrain, pour informer le public sur les v\u00e9ritables enjeux li\u00e9s \u00e0 ce projet : 24 r\u00e9unions publiques dans tout le d\u00e9partement du 44 sont pr\u00e9vues \u00e0 cet effet.\u00a0<\/b><\/h2>\n<p><!--more--><\/p>\n<h2 style=\"text-align: justify;\"><b>L&rsquo;ensemble des militants du d\u00e9partement et ceux des d\u00e9partements p\u00e9riph\u00e9riques sont d\u00e9j\u00e0 mobilis\u00e9s pour distribuer 200 000 tracts d&rsquo;information, dont ils assurent eux-m\u00eames le financement. Ils s\u2019emploieront aussi \u00e0 discuter directement avec la population le plus souvent possible. D\u2019autres actions ponctueront les 5 semaines de campagne, toujours dans un esprit de sereine d\u00e9termination.\u00a0<\/b><\/h2>\n<h2 style=\"text-align: justify;\"><b>Mais la Coordination tient \u00e0 r\u00e9affirmer que cette consultation citoyenne, que nous n\u2019avons pas demand\u00e9e, ne saurait en aucun cas l\u00e9gitimer un projet d&rsquo;a\u00e9roport parfaitement ill\u00e9gal \u00e0 Notre-Dame-des-Landes, ruineux et destructeur.\u00a0<\/b><\/h2>\n<h2 style=\"text-align: justify;\"><b>La Coordination rappelle que : les conditions d&rsquo;un r\u00e9el d\u00e9bat d\u00e9mocratique ne sont pas r\u00e9unies ; le p\u00e9rim\u00e8tre choisi \u00e9limine du vote des citoyens de collectivit\u00e9s territoriales directement concern\u00e9es par le financement ; la question est biais\u00e9e ; aucune garantie de traitement \u00e9quitable des parties en pr\u00e9sence n&rsquo;a \u00e9t\u00e9 apport\u00e9e. Nous sommes dans un simulacre de d\u00e9mocratie.\u00a0<\/b><\/h2>\n<h2 style=\"text-align: justify;\"><b>Ce th\u00e8me de la D\u00e9mocratie sera d&rsquo;ailleurs l&rsquo;objet central du rassemblement des 9 et 10 juillet : NDL 2016 \u00ab\u00a0Semailles de D\u00e9mocratie\u00a0\u00bb.\u00a0<\/b><\/h2>\n<h2 style=\"text-align: justify;\"><b>Comme les ann\u00e9es pr\u00e9c\u00e9dentes, il sera un temps fort de notre lutte, apr\u00e8s les semaines de mobilisation intense qui l&rsquo;auront pr\u00e9c\u00e9d\u00e9. La consultation pr\u00e9vue le 26 juin n&rsquo;est qu&rsquo;une \u00e9tape suppl\u00e9mentaire dans notre long combat pour l&rsquo;arr\u00eat d\u00e9finitif de ce projet.\u00a0<\/b><\/h2>\n<h2 style=\"text-align: justify;\"><span style=\"color: #808000;\"><b>On a tous une bonne raison de voter NON !<\/b><\/span><\/h2>\n<gcse:search><\/gcse:search>","protected":false},"excerpt":{"rendered":"<p>La Coordination des opposants (plus de 50 groupes &#8211; associations, collectifs, syndicats et mouvements politiques) a d\u00e9cid\u00e9, apr\u00e8s discussion lors de sa r\u00e9union exceptionnelle du 31 mars 2016, de d\u00e9noncer haut et fort la mascarade que repr\u00e9sente cette consultation mais d&rsquo;appeler aussi les citoyens \u00e0 aller voter massivement NON pour ne pas laisser le champ [&hellip;]<\/p>\n","protected":false},"author":1,"featured_media":0,"comment_status":"open","ping_status":"open","sticky":false,"template":"","format":"standard","meta":{"footnotes":""},"categories":[434],"tags":[103,169,23,204],"class_list":["post-17729","post","type-post","status-publish","format-standard","hentry","category-projets-nuisibles-et-inutiles","tag-demarche-citoyenne","tag-ecologie-2","tag-luttes","tag-notre-dame-des-landes"],"_links":{"self":[{"href":"https:\/\/alternatifs81.fr\/index.php?rest_route=\/wp\/v2\/posts\/17729","targetHints":{"allow":["GET"]}}],"collection":[{"href":"https:\/\/alternatifs81.fr\/index.php?rest_route=\/wp\/v2\/posts"}],"about":[{"href":"https:\/\/alternatifs81.fr\/index.php?rest_route=\/wp\/v2\/types\/post"}],"author":[{"embeddable":true,"href":"https:\/\/alternatifs81.fr\/index.php?rest_route=\/wp\/v2\/users\/1"}],"replies":[{"embeddable":true,"href":"https:\/\/alternatifs81.fr\/index.php?rest_route=%2Fwp%2Fv2%2Fcomments&post=17729"}],"version-history":[{"count":0,"href":"https:\/\/alternatifs81.fr\/index.php?rest_route=\/wp\/v2\/posts\/17729\/revisions"}],"wp:attachment":[{"href":"https:\/\/alternatifs81.fr\/index.php?rest_route=%2Fwp%2Fv2%2Fmedia&parent=17729"}],"wp:term":[{"taxonomy":"category","embeddable":true,"href":"https:\/\/alternatifs81.fr\/index.php?rest_route=%2Fwp%2Fv2%2Fcategories&post=17729"},{"taxonomy":"post_tag","embeddable":true,"href":"https:\/\/alternatifs81.fr\/index.php?rest_route=%2Fwp%2Fv2%2Ftags&post=17729"}],"curies":[{"name":"wp","href":"https:\/\/api.w.org\/{rel}","templated":true}]}}