{"id":17545,"date":"2016-04-13T17:03:45","date_gmt":"2016-04-13T16:03:45","guid":{"rendered":"http:\/\/alternatifs81.fr\/?p=17545"},"modified":"2016-04-19T10:13:00","modified_gmt":"2016-04-19T09:13:00","slug":"la-jeunesse-grecque-a-la-jeunesse-manifestante-en-france","status":"publish","type":"post","link":"https:\/\/alternatifs81.fr\/?p=17545","title":{"rendered":"La jeunesse grecque \u00e0 la jeunesse manifestante en France"},"content":{"rendered":"<h2 class=\"post-body entry-content\" style=\"text-align: justify;\"><b><a href=\"http:\/\/alternatifs81.fr\/wp-content\/uploads\/diktats-1.jpg\"  rel=\"lightbox[17545] attachment wp-att-17548\"><img loading=\"lazy\" decoding=\"async\" class=\"alignleft wp-image-17548 size-full\" src=\"http:\/\/alternatifs81.fr\/wp-content\/uploads\/diktats-1.jpg\" alt=\"diktats\" width=\"200\" height=\"93\" \/><\/a>Ch\u00e8r-es camarades,\u00a0<\/b><\/h2>\n<h2 style=\"text-align: justify;\"><b>Vos mobilisations constituent un phare pour toute la jeunesse de l\u2019Europe, qui, aujourd\u2019hui est frapp\u00e9e par l\u2019attaque des gouvernements r\u00e9actionnaires et n\u00e9olib\u00e9rales, ainsi que de l\u2019Union Europ\u00e9enne et du FMI. Avec cette lettre nous voulons exprimer notre solidarit\u00e9 internationaliste ind\u00e9fectible.\u00a0<\/b><\/h2>\n<h2 style=\"text-align: justify;\"><b>Nous voulons apprendre par vos luttes, coordonner notre pas avec le votre. Vos luttes, qui n\u2019h\u00e9sitent pas devant l\u2019\u00e9tat d\u2019urgence et la r\u00e9pression violente que subissent vos manifestations, sont aussi nos luttes. <\/b><\/h2>\n<h2 style=\"text-align: justify;\"><b>Comme vous, nous sommes face \u00e0 une situation de ch\u00f4mage permanent et de travail pr\u00e9caire. Notre jeunesse est forc\u00e9e \u00e0 l\u2019\u00e9migration \u00e0 la recherche d\u2019une vie meilleure. Tous ceux qui restent, nous sommes incapables d\u2019\u00eatre \u00e9conomiquement ind\u00e9pendants, de s\u2019amuser, de s\u2019\u00e9duquer, d\u2019aimer, de vivre. La jeunesse constitue le cobaye de leur politique.\u00a0<\/b><\/h2>\n<h2 style=\"text-align: justify;\"><b>Alors qu\u2019ils essayent d\u2019exploiter nos facult\u00e9s au maximum, en m\u00eame temps la majorit\u00e9 de notre g\u00e9n\u00e9ration se trouve face au ch\u00f4mage et au d\u00e9p\u00e9rissement de nos capacit\u00e9s et notre cr\u00e9ativit\u00e9.\u00a0<\/b><\/h2>\n<p><!--more--><\/p>\n<h2 style=\"text-align: justify;\"><b>Leur but est que nous travaillons sous les pires conditions, dans des travaux pr\u00e9caires, sans aucune s\u00e9curit\u00e9. La loi El Khomri s\u2019aligne parfaitement \u00e0 ces pr\u00e9occupations et nous rappelle les mesures adopt\u00e9es en Gr\u00e8ce depuis le d\u00e9but de la crise \u00e9conomique.\u00a0<\/b><\/h2>\n<h2 style=\"text-align: justify;\"><b>Et cela d\u00e9montre que l\u2019attaque se passe partout malgr\u00e9 les <a href=\"http:\/\/alternatifs81.fr\/wp-content\/uploads\/arton11370-dcec8p-1.jpg\"  rel=\"lightbox[17545] attachment wp-att-17547\"><img loading=\"lazy\" decoding=\"async\" class=\"alignright wp-image-17547 size-medium\" src=\"http:\/\/alternatifs81.fr\/wp-content\/uploads\/arton11370-dcec8p-1-236x300.jpg\" alt=\"arton11370-dcec8p\" width=\"236\" height=\"300\" srcset=\"https:\/\/alternatifs81.fr\/wp-content\/uploads\/arton11370-dcec8p-1-236x300.jpg 236w, https:\/\/alternatifs81.fr\/wp-content\/uploads\/arton11370-dcec8p-1.jpg 250w\" sizes=\"auto, (max-width: 236px) 100vw, 236px\" \/><\/a>diff\u00e9rentes vitesses avec lesquelles elle est est promue. Et si aujourd\u2019hui c\u2019est vous qui \u00eates le cible, au prochain virage \u00e7a sera nous.\u00a0<\/b><\/h2>\n<h2 style=\"text-align: justify;\"><b>Nous luttons donc avec vous, car, comme vous dites \u201con vaut mieux que \u00e7a\u201d. Nous vous remercions de nous avoir rappel\u00e9 que rien n\u2019est encore perdu. La victoire de cette lutte d\u00e9passe les fronti\u00e8res fran\u00e7aises et nous encourage \u00e0 suivre notre lutte.\u00a0<\/b><\/h2>\n<h2 style=\"text-align: justify;\"><b>En ce moment, en Gr\u00e8ce, alors qu\u2019en Europe se l\u00e8vent des murs aux r\u00e9fugi\u00e9s que les politiques de l\u2019UE, des USA et des gouvernements, notre avec la jeunesse au premier rang, montre sa solidarit\u00e9 ind\u00e9fectible. On lutte contre le racisme et le fascisme. On revendique des fronti\u00e8res ouvertes en Europe, asile, protection et logements pour tous et on s\u2019oppose aux expulsions et aux r\u00e9admissions des r\u00e9fugi\u00e9s vers la Turquie. Nous essayons de cr\u00e9er des relations de solidarit\u00e9, d\u2019ouvrir des chemins vers l\u2019\u00e9galit\u00e9, en \u00e9difiant des espaces de libert\u00e9 pour nos luttes communes.\u00a0<\/b><\/h2>\n<h2 style=\"text-align: justify;\"><b>Parall\u00e8lement \u00e0 ce combat, on lutte aussi contre le projet de loi contre la s\u00e9curit\u00e9 sociale, ainsi que contre toutes le mesures d\u2019 aust\u00e9rit\u00e9 que pr\u00e9pare notre gouvernement avec l\u2019UE et le FMI. Nous luttons pour que le gouvernement de SYRIZA n\u2019apporte pas son projet El Khomri, comme elle projette d\u00e9j\u00e0.\u00a0<\/b><\/h2>\n<h2 style=\"text-align: justify;\"><b>Nous n\u2019oublions pas qu\u2019il y a 10 ans, vos mobilisations contre la loi \u201csur l\u2019\u00e9galit\u00e9 des chances\u201d et le CPE ont inspir\u00e9 le mouvement de la jeunesse en Gr\u00e8ce.\u00a0<\/b><\/h2>\n<h2 style=\"text-align: justify;\"><b>Du mouvement \u00e9tudiant en 2006-07, la r\u00e9volte de d\u00e9cembre 2008 apr\u00e8s l\u2019assassinat du jeune Grigoropoulos, le soul\u00e8vement des ouvriers en 2010-12 et jusqu\u2019au NON massif au r\u00e9f\u00e9rendum de l\u2019ann\u00e9e derni\u00e8re, la jeunesse grecque a laiss\u00e9 son h\u00e9ritage aux luttes de notre peuple.\u00a0<\/b><\/h2>\n<h2 style=\"text-align: justify;\"><b>A travers tout cela nous avons appris qu\u2019afin que les luttes puissent gagner, elles doivent avoir des objectifs pr\u00e9cis pour qu\u2019elles ouvrent le chemin vers le renversement total. Et ces objectifs doivent se diriger vers le renversement de leurs pr\u00e9occupations de nous rendre une jeunesse du ch\u00f4mage et de la pr\u00e9carit\u00e9, une g\u00e9n\u00e9ration sans futur. Malgr\u00e9 les all\u00e9gations des partis politiques et des m\u00e9dias, nous pouvons tous travailler avec des salaires satisfaisants. Nous pouvons tous avoir de la s\u00e9curit\u00e9 sociale. Nous pouvons tous travailler dans des conditions humaines et avec des relations de travail stables. Il suffit que le patronat, les gouvernements, l\u2019UE et leurs politiques payent.\u00a0<\/b><\/h2>\n<h2 style=\"text-align: justify;\"><b><a href=\"http:\/\/alternatifs81.fr\/wp-content\/uploads\/lien_bon_b.jpg\"  rel=\"lightbox[17545] attachment wp-att-9895\"><img loading=\"lazy\" decoding=\"async\" class=\"alignleft wp-image-9895 size-medium\" src=\"http:\/\/alternatifs81.fr\/wp-content\/uploads\/lien_bon_b-300x222.jpg\" alt=\"lien_bon_b\" width=\"300\" height=\"222\" srcset=\"https:\/\/alternatifs81.fr\/wp-content\/uploads\/lien_bon_b-300x222.jpg 300w, https:\/\/alternatifs81.fr\/wp-content\/uploads\/lien_bon_b.jpg 320w\" sizes=\"auto, (max-width: 300px) 100vw, 300px\" \/><\/a>Pour que tout cela soit possible, l\u2019initiative doit se trouver aux vrais organes du mouvement et non pas dans les bureaucraties syndicales, qui rentrent au dialogue avec les gouvernements.\u00a0<\/b><\/h2>\n<h2 style=\"text-align: justify;\"><b>Enthousiasm\u00e9s, nous avons vu comment vous avez impos\u00e9 vos mobilisations continues, comment vous avez choisi l\u2019auto-organisation, les AGs, contre la logique de n\u00e9gociation des directions syndicales.\u00a0<\/b><\/h2>\n<h2 style=\"text-align: justify;\"><b>Enthousiasm\u00e9s, nous avons vu que vous avez refus\u00e9 les propositions pour une \u201cam\u00e9lioration\u201d du projet de loi et vous avez d\u00e9cid\u00e9 de continuer \u00e0 revendiquer le retrait total de la loi El Khomri. Notre lutte doit durer activement jusqu\u2019\u00e0 la victoire.\u00a0<\/b><\/h2>\n<h2 style=\"text-align: justify;\"><b>Et, justement, en n\u2019adoptant pas la logique des mouvements symboliques, nos combats aboutissent que quand on obtient ce qu\u2019on revendique. On intensifie, donc, jusqu\u2019au renversement de ces politiques; on intensifie, avec des mobilisations actives, jusqu\u2019\u00e0 ce qu\u2019on impose notre droit. On consid\u00e8re que ces crit\u00e8res non seulement vous les adoptez mais vous les enseignez \u00e0 toute la jeunesse de l\u2019Europe.\u00a0<\/b><\/h2>\n<h2 style=\"text-align: justify;\"><b>C\u2019est donc important que votre lutte remporte la victoire. Car on consid\u00e8re que c\u2019est notre lutte aussi. Et elle montrera que nos adversaires ne sont pas invincibles! Votre lutte donnera le signal pour le soul\u00e8vement internationaliste de toute la jeunesse europ\u00e9enne.\u00a0<\/b><\/h2>\n<h2 style=\"text-align: justify;\"><b>Soyez s\u00fbrs que nos jours arrivent aussi. Les jours quand la jeunesse grecque et europ\u00e9enne montrera sa force, sa combativit\u00e9, sa d\u00e9termination \u00e0 vivre dans un monde meilleur. Les jours quand tous ceux qui nous veulent subis, payeront pour la mis\u00e8re que nous vivons aujourd\u2019hui. Pour tous les r\u00e9fugi\u00e9s qui se sont noy\u00e9s dans la M\u00e9diterran\u00e9e, pour ceux qui cherchent un travail pour survivre, pour tous ceux qui travaillent pour rien.\u00a0<\/b><\/h2>\n<h2 style=\"text-align: justify;\"><b>Et ces jours-l\u00e0, on commencera \u00e0 b\u00e2tir notre soci\u00e9t\u00e9, sans exploitation, pauvret\u00e9, guerre et racisme avec le seul crit\u00e8re, non pas du profit de quelques uns, mais des besoins des peuples.\u00a0<\/b><\/h2>\n<h2 style=\"text-align: justify;\"><b>Nous donnons ces combats avec enthousiasme et sans peur, ayant toujours en t\u00eate ce que vous avez \u00e9crit aux murs de la Sorbonne: <i>\u201cLa situation est excellente! O\u00f9 disperserons-nous les cendres du vieux monde?<\/i>\u201d Nous vaincrons!\u00a0<\/b><\/h2>\n<h2 style=\"text-align: justify;\"><b>Des salutations de camarades,\u00a0<\/b><\/h2>\n<h2 style=\"text-align: justify;\"><span style=\"color: #0000ff;\"><em><b>ELEVE INSOUMIS\u00a0<\/b><\/em><\/span><br \/>\n<span style=\"color: #0000ff;\"><em> <b>COORDINATION NATIONALE DE L\u2019UNITE DE GAUCHE\u00a0<\/b><\/em><\/span><br \/>\n<span style=\"color: #0000ff;\"><em> <b>RESEAU DE JEUNESSE DE GAUCHE\u00a0<\/b><\/em><\/span><br \/>\n<span style=\"color: #0000ff;\"><em> <b>ATTACK au ch\u00f4mage et \u00e0 la pr\u00e9carit\u00e9\u00a0<\/b><\/em><\/span><br \/>\n<span style=\"color: #0000ff;\"><em> <b>BLOCK IT! jeunes contre la nouvelle loi sur la s\u00e9curit\u00e9 sociale\u00a0<\/b><\/em><\/span><br \/>\n<span style=\"color: #0000ff;\"><em> <b>MOUVEMENT PARTAG\u00c9 DE LA GAUCHE INDEPENDANTE aux Universit\u00e9s\u00a0<\/b><\/em><\/span><br \/>\n<span style=\"color: #0000ff;\"><em> <b>LANTZA \/ rassemblement des travailleurs au tourisme et \u00e0 l\u2019alimentaire\u00a0<\/b><\/em><\/span><br \/>\n<span style=\"color: #0000ff;\"><em> <b>R\u00e9seau des Soldats Libres SPARTACUS\u00a0<\/b><\/em><\/span><\/h2>\n<h2 style=\"text-align: justify;\"><span style=\"color: #808000;\"><em><b>ps: Notre pens\u00e9e et avec vous et vos luttes. Le 13 avril nous serons aussi dans la rue, \u00e0 la manifestation de notre jeunesse contre la loi sur la s\u00e9curit\u00e9 sociale et les politiques du gouvernement et de l\u2019UE<\/b><\/em><\/span><\/h2>\n<gcse:search><\/gcse:search>","protected":false},"excerpt":{"rendered":"<p>Ch\u00e8r-es camarades,\u00a0 Vos mobilisations constituent un phare pour toute la jeunesse de l\u2019Europe, qui, aujourd\u2019hui est frapp\u00e9e par l\u2019attaque des gouvernements r\u00e9actionnaires et n\u00e9olib\u00e9rales, ainsi que de l\u2019Union Europ\u00e9enne et du FMI. Avec cette lettre nous voulons exprimer notre solidarit\u00e9 internationaliste ind\u00e9fectible.\u00a0 Nous voulons apprendre par vos luttes, coordonner notre pas avec le votre. Vos [&hellip;]<\/p>\n","protected":false},"author":1,"featured_media":0,"comment_status":"open","ping_status":"open","sticky":false,"template":"","format":"standard","meta":{"footnotes":""},"categories":[275],"tags":[103,117,205,19,20],"class_list":["post-17545","post","type-post","status-publish","format-standard","hentry","category-a-gauche-toute","tag-demarche-citoyenne","tag-democratie","tag-grece","tag-jeunesse","tag-manifestations"],"_links":{"self":[{"href":"https:\/\/alternatifs81.fr\/index.php?rest_route=\/wp\/v2\/posts\/17545","targetHints":{"allow":["GET"]}}],"collection":[{"href":"https:\/\/alternatifs81.fr\/index.php?rest_route=\/wp\/v2\/posts"}],"about":[{"href":"https:\/\/alternatifs81.fr\/index.php?rest_route=\/wp\/v2\/types\/post"}],"author":[{"embeddable":true,"href":"https:\/\/alternatifs81.fr\/index.php?rest_route=\/wp\/v2\/users\/1"}],"replies":[{"embeddable":true,"href":"https:\/\/alternatifs81.fr\/index.php?rest_route=%2Fwp%2Fv2%2Fcomments&post=17545"}],"version-history":[{"count":0,"href":"https:\/\/alternatifs81.fr\/index.php?rest_route=\/wp\/v2\/posts\/17545\/revisions"}],"wp:attachment":[{"href":"https:\/\/alternatifs81.fr\/index.php?rest_route=%2Fwp%2Fv2%2Fmedia&parent=17545"}],"wp:term":[{"taxonomy":"category","embeddable":true,"href":"https:\/\/alternatifs81.fr\/index.php?rest_route=%2Fwp%2Fv2%2Fcategories&post=17545"},{"taxonomy":"post_tag","embeddable":true,"href":"https:\/\/alternatifs81.fr\/index.php?rest_route=%2Fwp%2Fv2%2Ftags&post=17545"}],"curies":[{"name":"wp","href":"https:\/\/api.w.org\/{rel}","templated":true}]}}