{"id":17503,"date":"2016-04-10T19:53:43","date_gmt":"2016-04-10T18:53:43","guid":{"rendered":"http:\/\/alternatifs81.fr\/?p=17503"},"modified":"2016-05-27T15:39:24","modified_gmt":"2016-05-27T14:39:24","slug":"congres-departemental-dalternatives-autogestion81du-9-avril-a-castres","status":"publish","type":"post","link":"https:\/\/alternatifs81.fr\/?p=17503","title":{"rendered":"\u00ab\u00a0Retroussons nos manches dans le Tarn !\u00a0\u00bb*"},"content":{"rendered":"<h2 style=\"text-align: justify;\"><em><a href=\"http:\/\/alternatifs81.fr\/wp-content\/uploads\/Logo-Alternatives-et-Autogestion.jpg\"  rel=\"lightbox[17503] attachment wp-att-17401\"><img loading=\"lazy\" decoding=\"async\" class=\"alignleft wp-image-17401 size-full\" src=\"http:\/\/alternatifs81.fr\/wp-content\/uploads\/Logo-Alternatives-et-Autogestion.jpg\" alt=\"Logo Alternatives et Autogestion\" width=\"215\" height=\"122\" \/><\/a>Beaucoup de \u00ab manifestations \u00bb diverses ce m\u00eame jour (manifs \u00e0 Castres et Albi, Cercles de silence \u00e0 Mazamet, assembl\u00e9e populaire \u00e0 Albi\u2026), et donc beaucoup d\u2019absences excus\u00e9es pour ce premier \u00ab\u00a0Congr\u00e8s d\u00e9partemental d&rsquo;Alternatives &amp; Autogestion 81\u00a0\u00bb le 9 avril \u00e0 Castres . Mais \u00e0 d\u00e9faut du nombre1, la qualit\u00e9 \u00e9tait l\u00e0.<\/em><br \/>\n<em>Notons la pr\u00e9sence de repr\u00e9sentants du Groupe ELAF dans l\u2019assembl\u00e9e.<\/em><br \/>\n<em>Les travaux du Congr\u00e8s se sont concentr\u00e9s autour de 3 questions :<\/em><br \/>\n<em>1- Quelles sont les actions qui nous semblent prioritaires, politiquement, dans le Tarn ?<\/em><br \/>\n<em>2- Faut-il entretenir des relations avec d\u2019autres organisations politiques Tarnaises ? Si oui, lesquelles, dans quels domaines et pour faire quoi ?<\/em><br \/>\n<em>3- Comment nous situons-nous par rapport \u00e0 des regroupements dits \u00ab citoyens \u00bb ?<\/em><\/h2>\n<h1 style=\"text-align: justify;\"><span style=\"text-decoration: underline;\"><span style=\"color: #808000; text-decoration: underline;\">A- un rapide tour d\u2019horizon de la situation politique actuelle :<\/span><\/span><\/h1>\n<h2 style=\"text-align: justify;\">-les r\u00e9ponses apport\u00e9es par les partis \u00ab institutionnels \u00bb, uniquement ax\u00e9es sur le combat \u00e9lectoral,<br \/>\n&#8211; les mobilisations \u00ab\u00a0traditionnelles\u00a0\u00bb type rassemblements\/manifs <a href=\"http:\/\/alternatifs81.fr\/wp-content\/uploads\/0a0ae9dbbd7c682af840af5426699afa.jpg\"  rel=\"lightbox[17503] attachment wp-att-17496\"><img loading=\"lazy\" decoding=\"async\" class=\"alignright wp-image-17496 size-medium\" src=\"http:\/\/alternatifs81.fr\/wp-content\/uploads\/0a0ae9dbbd7c682af840af5426699afa-300x225.jpg\" alt=\"0a0ae9dbbd7c682af840af5426699afa\" width=\"300\" height=\"225\" srcset=\"https:\/\/alternatifs81.fr\/wp-content\/uploads\/0a0ae9dbbd7c682af840af5426699afa-300x225.jpg 300w, https:\/\/alternatifs81.fr\/wp-content\/uploads\/0a0ae9dbbd7c682af840af5426699afa.jpg 480w\" sizes=\"auto, (max-width: 300px) 100vw, 300px\" \/><\/a><em>(sur la loi travail, chute importante de la participation par rapport au 31 mars \u00e0 Albi et \u00e0 Castres)<\/em>,<br \/>\n&#8211; mais aussi des mobilisations renaissantes contre les grands projets inutiles et n\u00e9fastes, comme l\u2019autoroute Castres-Toulouse (cf. Caravel\u2019Oc du 4 au 8 mai dans le Tarn), ou\u00a0 \u00ab\u00a0Sivens\u00a0\u00bb\u00a0 qu\u2019il ne faut pas enterrer trop vite,<br \/>\n&#8211; la naissance de nouvelles formes de rassemblements populaires telles\u00a0 \u00ab\u00a0Nuit Debout !\u00a0\u00bb (embryon \u00e0 Albi ce jour),<br \/>\n&#8211; la prise en charge par les personnes concern\u00e9es elles-m\u00eames de r\u00e9unions d\u2019information et de lutte<\/h2>\n<p><!--more--><\/p>\n<h2 style=\"text-align: justify;\"><em>(par exemple, contre le compteur &#8211; dit intelligent &#8211;\u00a0 Linky, la lutte commence \u00e0 s\u2019organiser dans plus de 10 communes avec d\u00e9j\u00e0 des r\u00e9ussites, comme la prise de position pour un moratoire \u00e0 Rivi\u00e8res et \u00e0 la Communaut\u00e9 de Carmaux).<\/em><\/h2>\n<h1 style=\"text-align: justify;\"><span style=\"text-decoration: underline; color: #008000;\">B- des doutes :<\/span><\/h1>\n<h2 style=\"text-align: justify;\">&#8211; pouvons-nous apporter quelque chose \u00e0 notre mouvement national A&amp;A ?<br \/>\n<a href=\"http:\/\/alternatifs81.fr\/wp-content\/uploads\/51794791_p.jpg\"  rel=\"lightbox[17503] attachment wp-att-17499\"><img loading=\"lazy\" decoding=\"async\" class=\"alignleft wp-image-17499 size-full\" src=\"http:\/\/alternatifs81.fr\/wp-content\/uploads\/51794791_p.jpg\" alt=\"51794791_p\" width=\"222\" height=\"300\" \/><\/a>&#8211; l\u2019avenir politique de \u00ab\u00a0Nuit Debout !\u00a0\u00bb\u00a0 d\u00e9pendra de sa capacit\u00e9 \u00e0 se structurer.<span style=\"color: #339966;\"> \u00ab\u00a0On ne peut ind\u00e9finiment recommencer \u00e0 inventer l\u2019eau ti\u00e8de, ce que l\u2019on fait p\u00e9riodiquement depuis 200 ans\u00a0\u00bb<\/span> <strong><em>(assembl\u00e9es de citoyens, cahiers de dol\u00e9ances, commissions\u00a0 \u00ab\u00a0nouvelle constitution\u00a0\u00bb, soupes populaires\u2026)<\/em><\/strong> ;<br \/>\n&#8211; la pr\u00e9sence de nombreux jeunes \u00e0 ces rassemblements n\u2019est-elle pas une occasion de politisation <em><strong>(dans le \u00ab\u00a0bon\u00a0\u00bb sens du terme)<\/strong><\/em> et d\u2019en finir avec les lamentations r\u00e9currentes sur la d\u00e9politisation g\u00e9n\u00e9rale ? Comment, \u00e0 partir de cette conscience anti partis politiques, d\u00e9boucher sur l\u2019indispensable transmission d\u2019un enseignement politique, \u00e9conomique, social\u2026 ? Faut-il adopter un langage\u00a0 <em>\u00ab\u00a0djeun\u00a0\u00bb<\/em>\u00a0 pour \u00eatre compris ?<\/h2>\n<h2 style=\"text-align: justify;\">&#8211; les mobilisations autour de Linky : ne s\u2019agit-il pas d\u2019un panneau dans lequel nous tomberons, si nous ne nous rendons pas compte que cela peut \u00eatre un leurre pour faire passer des mesures autrement plus graves (image de la muleta qui cache le torero 2) ;<br \/>\n&#8211; la r\u00e9cup\u00e9ration toujours possible de certaines mobilisations par des partis politiques organis\u00e9s (<em>par ex., anti-nucl\u00e9aire et autoroute &#8211; Caravel\u2019Oc, par EELV)<\/em> \u00e0 des fins \u00e9lectorales ;<br \/>\n&#8211; face au d\u00e9sinvestissement des institutions publiques, comment les associations sur le terrain <em>(logement, ch\u00f4mage, aides\u2026)<\/em> peuvent-elles obtenir <em>(gagner, prendre)<\/em> des moyens de faire pression sur ces institutions et pas seulement parer au plus press\u00e9 ?<\/h2>\n<h1 style=\"text-align: justify;\"><span style=\"text-decoration: underline; color: #808000;\">C- des certitudes :<\/span><\/h1>\n<h2 style=\"text-align: justify;\">&#8211; \u00e0 nous de trouver les solutions !<br \/>\n&#8211; l\u2019\u00e9chec des mobilisations syndicales ne doit pas nous faire oublier la responsabilit\u00e9 des hi\u00e9rarchies syndicales sur cette question depuis bien des ann\u00e9es <em>(certes, \u00ab\u00a0la marche c\u2019est bon pour la sant\u00e9\u00a0\u00bb\u00a0 mais s\u2019il s\u2019agit seulement de se compter sous les cam\u00e9ras des m\u00e9dias sans espoir de d\u00e9boucher sur des victoires, \u00e0 quoi bon ?)<\/em> ;<br \/>\n&#8211; la forme d\u2019action mobilisatrice type \u00ab manif \u00bb n\u2019est pas totalement <a href=\"http:\/\/alternatifs81.fr\/wp-content\/uploads\/clowns.jpg\"  rel=\"lightbox[17503] attachment wp-att-17497\"><img loading=\"lazy\" decoding=\"async\" class=\"alignright wp-image-17497 size-medium\" src=\"http:\/\/alternatifs81.fr\/wp-content\/uploads\/clowns-300x193.jpg\" alt=\"clowns\" width=\"300\" height=\"193\" srcset=\"https:\/\/alternatifs81.fr\/wp-content\/uploads\/clowns-300x193.jpg 300w, https:\/\/alternatifs81.fr\/wp-content\/uploads\/clowns-768x493.jpg 768w, https:\/\/alternatifs81.fr\/wp-content\/uploads\/clowns.jpg 800w\" sizes=\"auto, (max-width: 300px) 100vw, 300px\" \/><\/a>\u00e0 rejeter (victoires sur des revendications soci\u00e9tales, cf. Gay Pride) ;<br \/>\n&#8211; plus aucune action commune possible avec le PS et ses satellites ;<br \/>\n&#8211; la participation aux \u00e9lections \u00e0 venir n\u2019est archi pas prioritaire !<\/h2>\n<h1 style=\"text-align: justify;\"><span style=\"text-decoration: underline;\"><span style=\"color: #008000; text-decoration: underline;\">D- des axes prioritaires :<\/span><\/span><\/h1>\n<h2 style=\"text-align: justify;\">&#8211; un principe g\u00e9n\u00e9ral : A&amp;A 81 fera une priorit\u00e9 de mener des actions de terrain sur les th\u00e9matiques qui sont les n\u00f4tres <em>(f\u00e9minisme, \u00e9cologie, social, d\u00e9mocratie\u2026)<\/em>, par exemple participer, dans la mesure de nos forces disponibles, aux oppositions aux projets inutiles et n\u00e9fastes, petits ou grands<br \/>\n<em>(Autoroute Castres-Toulouse, Collectif Sivens, collectif Notre-Dame des Landes, Collectif antifasciste, <\/em><em>assembl\u00e9es anti Linky\u2026)<\/em><br \/>\n<a href=\"http:\/\/alternatifs81.fr\/wp-content\/uploads\/arton133-378ed-1.jpg\"  rel=\"lightbox[17503] attachment wp-att-17500\"><img loading=\"lazy\" decoding=\"async\" class=\"alignleft wp-image-17500\" src=\"http:\/\/alternatifs81.fr\/wp-content\/uploads\/arton133-378ed-1.jpg\" alt=\"arton133-378ed\" width=\"250\" height=\"210\" \/><\/a>&#8211; Concr\u00e8tement et dans l\u2019imm\u00e9diat, priorit\u00e9 au combat contre l\u2019autoroute Castres-Toulouse et participation \u00e0 Carav\u00e9l\u2019Oc, notamment en \u00e9tant pr\u00e9sents \u00e0 l\u2019\u00e9tape Brassac-Teulat du 5 mai, soit au d\u00e9part, soit \u00e0 la halte de midi au parc de Gourjade \u00e0 Castres <em>(pique-nique festif, point presse\u2026)<\/em>, soit \u00e0 l\u2019arriv\u00e9e\u2026 Et si possible aux autres \u00e9tapes !<br \/>\n&#8211; S\u2019il reste des forces, participation aux assembl\u00e9es anti-Linky \u00e0 proximit\u00e9 de chez nous (<em>bient\u00f4t une, enfin, \u00e0 Castres !)<\/em><br \/>\n&#8211; Suivre de tr\u00e8s pr\u00e8s les \u00ab\u00a0Nuit Debout !\u00a0\u00bb dans le d\u00e9partement.<\/h2>\n<h2><em><span style=\"color: #0000ff;\">Le secr\u00e9tariat de s\u00e9ance.<\/span><\/em><\/h2>\n<h4 style=\"text-align: justify;\"><em>1\u00a0 &#8211; 9 pr\u00e9sentEs, 20 excus\u00e9Es<\/em><\/h4>\n<h3><span style=\"text-decoration: underline;\">Relire<\/span> : http:\/\/alternatifs81.fr\/?p=17414<\/h3>\n<h3>*http:\/\/alternatifs81.fr\/?p=17263<\/h3>\n<p>&nbsp;<\/p>\n<gcse:search><\/gcse:search>","protected":false},"excerpt":{"rendered":"<p>Beaucoup de \u00ab manifestations \u00bb diverses ce m\u00eame jour (manifs \u00e0 Castres et Albi, Cercles de silence \u00e0 Mazamet, assembl\u00e9e populaire \u00e0 Albi\u2026), et donc beaucoup d\u2019absences excus\u00e9es pour ce premier \u00ab\u00a0Congr\u00e8s d\u00e9partemental d&rsquo;Alternatives &amp; Autogestion 81\u00a0\u00bb le 9 avril \u00e0 Castres . Mais \u00e0 d\u00e9faut du nombre1, la qualit\u00e9 \u00e9tait l\u00e0. Notons la pr\u00e9sence [&hellip;]<\/p>\n","protected":false},"author":1,"featured_media":0,"comment_status":"open","ping_status":"open","sticky":false,"template":"","format":"standard","meta":{"footnotes":""},"categories":[391],"tags":[43,398,46,103,146],"class_list":["post-17503","post","type-post","status-publish","format-standard","hentry","category-alternatives-et-autogestion","tag-appel","tag-autogestion","tag-continuer","tag-demarche-citoyenne","tag-projet"],"_links":{"self":[{"href":"https:\/\/alternatifs81.fr\/index.php?rest_route=\/wp\/v2\/posts\/17503","targetHints":{"allow":["GET"]}}],"collection":[{"href":"https:\/\/alternatifs81.fr\/index.php?rest_route=\/wp\/v2\/posts"}],"about":[{"href":"https:\/\/alternatifs81.fr\/index.php?rest_route=\/wp\/v2\/types\/post"}],"author":[{"embeddable":true,"href":"https:\/\/alternatifs81.fr\/index.php?rest_route=\/wp\/v2\/users\/1"}],"replies":[{"embeddable":true,"href":"https:\/\/alternatifs81.fr\/index.php?rest_route=%2Fwp%2Fv2%2Fcomments&post=17503"}],"version-history":[{"count":0,"href":"https:\/\/alternatifs81.fr\/index.php?rest_route=\/wp\/v2\/posts\/17503\/revisions"}],"wp:attachment":[{"href":"https:\/\/alternatifs81.fr\/index.php?rest_route=%2Fwp%2Fv2%2Fmedia&parent=17503"}],"wp:term":[{"taxonomy":"category","embeddable":true,"href":"https:\/\/alternatifs81.fr\/index.php?rest_route=%2Fwp%2Fv2%2Fcategories&post=17503"},{"taxonomy":"post_tag","embeddable":true,"href":"https:\/\/alternatifs81.fr\/index.php?rest_route=%2Fwp%2Fv2%2Ftags&post=17503"}],"curies":[{"name":"wp","href":"https:\/\/api.w.org\/{rel}","templated":true}]}}