{"id":17487,"date":"2016-04-10T08:28:23","date_gmt":"2016-04-10T07:28:23","guid":{"rendered":"http:\/\/alternatifs81.fr\/?p=17487"},"modified":"2016-05-27T18:04:14","modified_gmt":"2016-05-27T17:04:14","slug":"le-gouvernement-veut-envoyer-le-code-du-travail-a-la-reforme","status":"publish","type":"post","link":"https:\/\/alternatifs81.fr\/?p=17487","title":{"rendered":"Le gouvernement veut envoyer le code du travail \u00e0 la r\u00e9forme."},"content":{"rendered":"<div class=\"row\">\n<div class=\"span8\">\n<div class=\"left-col\">\n<div id=\"post-1479\" class=\"event-item post-1479 post type-post status-publish format-standard hentry category-communiques tag-code-du-travail tag-debats tag-nuit-debout\">\n<div class=\"event-text\">\n<h2 align=\"center\"><span style=\"color: #808000;\">\u00ab\u00a0Une <b>vache de r\u00e9forme<\/b><\/span> ou <b><span style=\"color: #808000;\">vache r\u00e9form\u00e9e<\/span><br \/>\n<\/b>est une vache \u00e9cart\u00e9e du troupeau pour \u00eatre abattue\u00a0\u00bb<a href=\"http:\/\/alternatifs81.fr\/wp-content\/uploads\/Logo-Alternatives-et-Autogestion.jpg\"  rel=\"lightbox[17487] attachment wp-att-17401\"><img loading=\"lazy\" decoding=\"async\" class=\"alignleft wp-image-17401 size-full\" src=\"http:\/\/alternatifs81.fr\/wp-content\/uploads\/Logo-Alternatives-et-Autogestion.jpg\" alt=\"Logo Alternatives et Autogestion\" width=\"215\" height=\"122\" \/><\/a><\/h2>\n<h2 align=\"center\"><span style=\"color: #008000;\"><b>Le mot r\u00e9forme est devenu r\u00e9gression\u00a0!<\/b><\/span><span id=\"more-1479\"><\/span><\/h2>\n<h2 style=\"text-align: justify;\">Ne nous y trompons pas, il ne s\u2019agit, surtout pas, de renforcer la protection des salari\u00e9-e-s, mais pour l\u2019essentiel de r\u00e9pondre aux d\u00e9sid\u00e9rata du MEDEF pour obtenir une main d\u2019oeuvre plus docile, taillable et corv\u00e9able \u00e0 merci, et, si possible, sous-pay\u00e9e. Ce que la droite n\u2019avait jamais tent\u00e9 de mettre en application, ce gouvernement Valls le fait\u2026<\/h2>\n<h1 align=\"center\"><span style=\"color: #808000;\"><b>Le gouvernement veut r\u00e9former le Code du Travail.<\/b><\/span><\/h1>\n<h1 align=\"center\"><span style=\"color: #808000;\"><b>Nous voulons l\u2019am\u00e9liorer!<\/b><\/span><\/h1>\n<h2 style=\"text-align: justify;\">Une reconsid\u00e9ration du travail-emploi et une vraie reconnaissance du travail sont n\u00e9cessaires et urgents.<\/h2>\n<h2 style=\"text-align: justify;\">Le Code actuel est le r\u00e9sultat de luttes longues, d\u2019avanc\u00e9es et de <a href=\"http:\/\/alternatifs81.fr\/wp-content\/uploads\/9_mars-c116d-1.jpg\"  rel=\"lightbox[17487] attachment wp-att-17498\"><img loading=\"lazy\" decoding=\"async\" class=\"alignright wp-image-17498 size-full\" src=\"http:\/\/alternatifs81.fr\/wp-content\/uploads\/9_mars-c116d-1.jpg\" alt=\"9_mars-c116d\" width=\"174\" height=\"200\" \/><\/a>reculs selon le rapport de force. Chaque fois que de nouvelles avanc\u00e9es ont \u00e9t\u00e9 faites, elles ont \u00e9t\u00e9 int\u00e9gr\u00e9es.<\/h2>\n<h2 style=\"text-align: justify;\" align=\"justify\">Dans cette p\u00e9riode de fermetures d\u2019usines, de destruction d\u2019entreprises pour des raisons purement financi\u00e8res, une riposte commence \u00e0 se d\u00e9velopper\u00a0:<\/h2>\n<ul style=\"text-align: justify;\">\n<li>\n<h2>la reprise d\u2019entreprise par les salari\u00e9s,<\/h2>\n<\/li>\n<li>\n<h2>le droit des salari\u00e9.e.s sur leurs outils de travail.<\/h2>\n<p><!--more--><\/li>\n<\/ul>\n<h2 style=\"text-align: justify;\" align=\"justify\">Cela n\u00e9cessite d\u2019\u00eatre appuy\u00e9 par les instances juridiques, et inscrit dans le code du travail.<\/h2>\n<h1 align=\"center\"><span style=\"color: #808000;\"><b>L\u2019am\u00e9lioration du code du travail doit viser \u00e0\u00a0:<\/b><\/span><\/h1>\n<ul>\n<li>\n<h2 align=\"justify\">un renforcement du droit des salari\u00e9-e-s et de leurs instances (DP, CE, CHSCT, .). Confirmer les pr\u00e9rogatives des CHSCT, leur lien avec les m\u00e9decins du travail, les inspecteurs du travail.<\/h2>\n<\/li>\n<li>\n<h2>la mise en place d\u2019une r\u00e9elle \u00ab\u00a0S\u00e9curit\u00e9 Sociale Professionnelle\u00a0\u00bb<\/h2>\n<\/li>\n<li>\n<h2>une R\u00e9duction Massive du Temps de Travail.<\/h2>\n<\/li>\n<li>\n<h2>une prise en compte des difficult\u00e9s des jeunes, apprentis, \u00e9tudiants, ch\u00f4meurs<\/h2>\n<\/li>\n<\/ul>\n<h1 align=\"center\"><span style=\"color: #008000;\"><b>Le maintien du capitalisme<\/b>, <b>nous contraint\u00a0:<\/b><\/span><\/h1>\n<ul>\n<li>\n<h2>\u00e0 produire des quantit\u00e9s \u00e9normes d\u2019objets inutiles, au prix d\u2019une concurrence mondialis\u00e9e et impitoyable.<\/h2>\n<\/li>\n<li>\n<h2>\u00e0 l\u2019exploitation \u00e9hont\u00e9e des populations et des enfants, dans les pays \u00e0 bas cout<\/h2>\n<\/li>\n<li>\n<h2>\u00e0 l\u2019ext\u00e9nuation des salari\u00e9s (<i>\u00a0burn out\u00a0<\/i>)<\/h2>\n<\/li>\n<li>\n<h2>\u00e0 la marginalisation \u00e9conomique et sociale des ch\u00f4meurs trait\u00e9s comme des d\u00e9chets humains.<\/h2>\n<\/li>\n<li>\n<h2>\u00e0 la r\u00e9pression et \u00e0 un \u00e9tat policier fascisant.<\/h2>\n<\/li>\n<\/ul>\n<h1 align=\"center\"><span style=\"color: #008000;\"><b>C\u2019est <\/b><b>inacceptable et violent<\/b><\/span><\/h1>\n<h2><a href=\"http:\/\/alternatifs81.fr\/wp-content\/uploads\/arton133-378ed-1.jpg\"  rel=\"lightbox[17487] attachment wp-att-17500\"><img loading=\"lazy\" decoding=\"async\" class=\"alignleft wp-image-17500\" src=\"http:\/\/alternatifs81.fr\/wp-content\/uploads\/arton133-378ed-1.jpg\" alt=\"arton133-378ed\" width=\"250\" height=\"210\" \/><\/a>Nous pourrions collectivement travailler fort peu et bien vivre, si seulement on cessait de vouloir \u00eatre comp\u00e9titif au lieu de simplement vouloir \u00eatre heureux<\/h2>\n<h2 align=\"center\"><b>Les d\u00e9g\u00e2ts du productivisme capitaliste s\u2019accumulent dangereusement<\/b><b>,<\/b><\/h2>\n<h2 align=\"center\">que ce soit\u00a0sur le plan \u00e9cologique, sur le plan culturel et sur la fa\u00e7on dont nous comprenons le monde.<\/h2>\n<h2 align=\"center\"><b>La mont\u00e9e des \u00ab\u00a0eaux glac\u00e9es du calcul \u00e9go\u00efste\u00a0\u00bb et le r\u00e9chauffement climatique<\/b><\/h2>\n<h2 align=\"center\">ont une origine syst\u00e9mique commune.<\/h2>\n<h2 align=\"center\">Il est largement temps de partager les angoisses, les luttes particuli\u00e8res et collectives, d\u2019entrevoir leur convergence, et pour cela de nous \u00e9couter les un.e.s les autres.<\/h2>\n<h2 align=\"center\"><b>Il est largement temps de donner quelque pouvoir \u00e0 l\u2019imagination.<\/b><\/h2>\n<h2>Il est temps aussi de nous unir maintenant, ici et partout en France pour tenir la rue et cr\u00e9er des espaces de d\u00e9bat, et de montrer au gouvernement notre d\u00e9termination et notre solidarit\u00e9.<\/h2>\n<h1 align=\"center\"><span style=\"color: #808000;\"><b>A&amp;A soutient toutes les initiatives de <\/b><b>Nuit debout<\/b><\/span><\/h1>\n<h2 align=\"center\">qui se multiplient en France et en Europe et appelle \u00e0 y participer dans l\u2019esprit de partage.<\/h2>\n<h1 align=\"center\"><span style=\"color: #008000;\"><b>A&amp;A appelle aux diverses manifestations pr\u00e9vues dans les jours qui viennent.<\/b><\/span><\/h1>\n<\/div>\n<\/div>\n<\/div>\n<\/div>\n<\/div>\n<p>&nbsp;<\/p>\n<gcse:search><\/gcse:search>","protected":false},"excerpt":{"rendered":"<p>\u00ab\u00a0Une vache de r\u00e9forme ou vache r\u00e9form\u00e9e est une vache \u00e9cart\u00e9e du troupeau pour \u00eatre abattue\u00a0\u00bb Le mot r\u00e9forme est devenu r\u00e9gression\u00a0! Ne nous y trompons pas, il ne s\u2019agit, surtout pas, de renforcer la protection des salari\u00e9-e-s, mais pour l\u2019essentiel de r\u00e9pondre aux d\u00e9sid\u00e9rata du MEDEF pour obtenir une main d\u2019oeuvre plus docile, taillable [&hellip;]<\/p>\n","protected":false},"author":1,"featured_media":0,"comment_status":"open","ping_status":"open","sticky":false,"template":"","format":"standard","meta":{"footnotes":""},"categories":[295],"tags":[43,398,103,117,169,23,402,140],"class_list":["post-17487","post","type-post","status-publish","format-standard","hentry","category-travail-2","tag-appel","tag-autogestion","tag-demarche-citoyenne","tag-democratie","tag-ecologie-2","tag-luttes","tag-sante","tag-travail"],"_links":{"self":[{"href":"https:\/\/alternatifs81.fr\/index.php?rest_route=\/wp\/v2\/posts\/17487","targetHints":{"allow":["GET"]}}],"collection":[{"href":"https:\/\/alternatifs81.fr\/index.php?rest_route=\/wp\/v2\/posts"}],"about":[{"href":"https:\/\/alternatifs81.fr\/index.php?rest_route=\/wp\/v2\/types\/post"}],"author":[{"embeddable":true,"href":"https:\/\/alternatifs81.fr\/index.php?rest_route=\/wp\/v2\/users\/1"}],"replies":[{"embeddable":true,"href":"https:\/\/alternatifs81.fr\/index.php?rest_route=%2Fwp%2Fv2%2Fcomments&post=17487"}],"version-history":[{"count":0,"href":"https:\/\/alternatifs81.fr\/index.php?rest_route=\/wp\/v2\/posts\/17487\/revisions"}],"wp:attachment":[{"href":"https:\/\/alternatifs81.fr\/index.php?rest_route=%2Fwp%2Fv2%2Fmedia&parent=17487"}],"wp:term":[{"taxonomy":"category","embeddable":true,"href":"https:\/\/alternatifs81.fr\/index.php?rest_route=%2Fwp%2Fv2%2Fcategories&post=17487"},{"taxonomy":"post_tag","embeddable":true,"href":"https:\/\/alternatifs81.fr\/index.php?rest_route=%2Fwp%2Fv2%2Ftags&post=17487"}],"curies":[{"name":"wp","href":"https:\/\/api.w.org\/{rel}","templated":true}]}}