{"id":17414,"date":"2016-03-30T08:23:02","date_gmt":"2016-03-30T07:23:02","guid":{"rendered":"http:\/\/alternatifs81.fr\/?p=17414"},"modified":"2016-04-10T08:24:49","modified_gmt":"2016-04-10T07:24:49","slug":"17414","status":"publish","type":"post","link":"https:\/\/alternatifs81.fr\/?p=17414","title":{"rendered":"Notre congr\u00e8s d\u00e9partemental 2016 Alternatives et Autogestion 81 : \u00ab\u00a0Congr\u00e8s d\u2019\u00e9coute\u2026\u00a0\u00bb"},"content":{"rendered":"<h2 style=\"text-align: justify;\"><a href=\"http:\/\/alternatifs81.fr\/wp-content\/uploads\/Logo-Alternatives-et-Autogestion.jpg\"  rel=\"lightbox[17414] attachment wp-att-17401\"><img loading=\"lazy\" decoding=\"async\" class=\"alignleft wp-image-17401 size-full\" src=\"http:\/\/alternatifs81.fr\/wp-content\/uploads\/Logo-Alternatives-et-Autogestion.jpg\" alt=\"Logo Alternatives et Autogestion\" width=\"215\" height=\"122\" \/><\/a>\u00a0\u00a0\u00a0 Le titre de l\u2019apr\u00e8s-midi est celui-ci :<\/h2>\n<h1 style=\"text-align: center;\">\u00ab\u00a0<span style=\"color: #008000;\">Congr\u00e8s d\u2019\u00e9coute\u2026\u00a0\u00bb<\/span><\/h1>\n<h2 style=\"text-align: justify;\">\u00a0\u00a0\u00a0 Il pourrait tout aussi bien \u00eatre :<\/h2>\n<h1 style=\"text-align: justify;\"><span style=\"color: #808000;\">\u00a0\u00a0\u00a0\u00a0\u00a0 \u00ab\u00a0Que ferons-nous en commun ?\u00a0\u00bb<\/span><\/h1>\n<h2 style=\"text-align: justify;\">Ou :<br \/>\n<span style=\"color: #008000;\">comment concr\u00e8tement en finir avec la politique men\u00e9e par les partis \u00ab\u00a0traditionnels\u00a0\u00bb<\/span><strong><em>(de la gauche et des \u00e9cologistes)<\/em> <\/strong>?<\/h2>\n<h2 style=\"text-align: justify;\"><em>Vous trouverez en annexe notre carte d\u2019identit\u00e9 nationale : http:\/\/alternatifs81.fr\/?p=17263<\/em><\/h2>\n<h2 style=\"text-align: justify;\">Ce n\u2019est ni une bible, ni un petit livre rouge ou vert. Elle permet juste de commencer \u00e0 faire connaissance.<\/h2>\n<h2 style=\"text-align: justify;\">\uf0fc Nous ne vous proposons pas de venir \u00ab assister \u00bb \u00e0 nos d\u00e9bats internes dont, \u00e0 juste titre, vous n\u2019avez que faire.<br \/>\n\uf0fc Nous vous proposons de nous rencontrer dans un esprit d\u2019\u00e9coute r\u00e9ciproque, sur les questions suivantes :<\/h2>\n<p><!--more--><\/p>\n<h2 style=\"text-align: justify;\"><span style=\"color: #808000;\"><em>1- Quelles sont les actions qui nous semblent prioritaires, politiquement, dans le Tarn ?<\/em><\/span><br \/>\n<span style=\"color: #808000;\"><em>2- Faut-il entretenir des relations avec d\u2019autres organisations politiques Tarnaises ? Si oui, lesquelles, dans quels domaines et pour faire quoi ?<\/em><\/span><br \/>\n<span style=\"color: #808000;\"><em>3- Comment nous situons-nous par rapport \u00e0 des regroupements dits \u00ab citoyens \u00bb ?<\/em><\/span><\/h2>\n<p>&nbsp;<\/p>\n<h2 style=\"text-align: justify;\">\u00a0\u00a0\u00a0\u00a0\u00a0\u00a0\u00a0\u00a0 \uf0fc Apr\u00e8s le 9 avril, nous continuerons ou nous ne continuerons pas ensemble, chacunE \u00e9tant libre de participer ou non \u00e0 la fa\u00e7on diff\u00e9rente de s\u2019engager dans la politique que nous vous proposons de d\u00e9finir en commun\u2026 Et qui sait, peut-\u00eatre reprendrons-nous rendez-vous pour approfondir nos convergences et aller plus loin ?<\/h2>\n<h2 style=\"text-align: justify;\"><span style=\"color: #0000ff;\">Le Collectif d\u2019Animation d\u2019A&amp;A 81<\/span><\/h2>\n<gcse:search><\/gcse:search>","protected":false},"excerpt":{"rendered":"<p>\u00a0\u00a0\u00a0 Le titre de l\u2019apr\u00e8s-midi est celui-ci : \u00ab\u00a0Congr\u00e8s d\u2019\u00e9coute\u2026\u00a0\u00bb \u00a0\u00a0\u00a0 Il pourrait tout aussi bien \u00eatre : \u00a0\u00a0\u00a0\u00a0\u00a0 \u00ab\u00a0Que ferons-nous en commun ?\u00a0\u00bb Ou : comment concr\u00e8tement en finir avec la politique men\u00e9e par les partis \u00ab\u00a0traditionnels\u00a0\u00bb(de la gauche et des \u00e9cologistes) ? Vous trouverez en annexe notre carte d\u2019identit\u00e9 nationale : http:\/\/alternatifs81.fr\/?p=17263 Ce [&hellip;]<\/p>\n","protected":false},"author":1,"featured_media":0,"comment_status":"open","ping_status":"open","sticky":false,"template":"","format":"standard","meta":{"footnotes":""},"categories":[391],"tags":[398,103,117,169,400,146],"class_list":["post-17414","post","type-post","status-publish","format-standard","hentry","category-alternatives-et-autogestion","tag-autogestion","tag-demarche-citoyenne","tag-democratie","tag-ecologie-2","tag-feminisme","tag-projet"],"_links":{"self":[{"href":"https:\/\/alternatifs81.fr\/index.php?rest_route=\/wp\/v2\/posts\/17414","targetHints":{"allow":["GET"]}}],"collection":[{"href":"https:\/\/alternatifs81.fr\/index.php?rest_route=\/wp\/v2\/posts"}],"about":[{"href":"https:\/\/alternatifs81.fr\/index.php?rest_route=\/wp\/v2\/types\/post"}],"author":[{"embeddable":true,"href":"https:\/\/alternatifs81.fr\/index.php?rest_route=\/wp\/v2\/users\/1"}],"replies":[{"embeddable":true,"href":"https:\/\/alternatifs81.fr\/index.php?rest_route=%2Fwp%2Fv2%2Fcomments&post=17414"}],"version-history":[{"count":0,"href":"https:\/\/alternatifs81.fr\/index.php?rest_route=\/wp\/v2\/posts\/17414\/revisions"}],"wp:attachment":[{"href":"https:\/\/alternatifs81.fr\/index.php?rest_route=%2Fwp%2Fv2%2Fmedia&parent=17414"}],"wp:term":[{"taxonomy":"category","embeddable":true,"href":"https:\/\/alternatifs81.fr\/index.php?rest_route=%2Fwp%2Fv2%2Fcategories&post=17414"},{"taxonomy":"post_tag","embeddable":true,"href":"https:\/\/alternatifs81.fr\/index.php?rest_route=%2Fwp%2Fv2%2Ftags&post=17414"}],"curies":[{"name":"wp","href":"https:\/\/api.w.org\/{rel}","templated":true}]}}