{"id":17405,"date":"2016-03-29T17:23:31","date_gmt":"2016-03-29T16:23:31","guid":{"rendered":"http:\/\/alternatifs81.fr\/?p=17405"},"modified":"2016-05-27T15:41:19","modified_gmt":"2016-05-27T14:41:19","slug":"un-congres-pas-comme-les-autres","status":"publish","type":"post","link":"https:\/\/alternatifs81.fr\/?p=17405","title":{"rendered":"Un Congr\u00e8s pas comme les autres"},"content":{"rendered":"<h2 style=\"text-align: justify;\"><a href=\"http:\/\/alternatifs81.fr\/wp-content\/uploads\/Logo-Alternatives-et-Autogestion.jpg\"  rel=\"lightbox[17405] attachment wp-att-17401\"><img loading=\"lazy\" decoding=\"async\" class=\"alignleft wp-image-17401 size-full\" src=\"http:\/\/alternatifs81.fr\/wp-content\/uploads\/Logo-Alternatives-et-Autogestion.jpg\" alt=\"Logo Alternatives et Autogestion\" width=\"215\" height=\"122\" \/><\/a>Voil\u00e0 en quelques mots le sentiment g\u00e9n\u00e9ral que les participants ont retir\u00e9 de ce congr\u00e8s qui nous a rassembl\u00e9 les 6 et 7 f\u00e9vrier 2016, 40 rue de Malte \u00e0 Paris.<\/h2>\n<h2 style=\"text-align: justify;\">L\u2019ordre du jour \u00e9tait copieux et vari\u00e9, les d\u00e9bats anim\u00e9s et respectueux et\u2026 se sont d\u00e9roul\u00e9s dans une ambiance \u00e0 la fois s\u00e9rieuse, conviviale et \u2026 joyeuse\u00a0: nous \u00e9tions tout simplement heureux d\u2019\u00eatre ensemble.<\/h2>\n<h2 style=\"text-align: justify;\">Des m\u00e9thodes d\u2019\u00e9ducation populaire ont permis \u00e0 toutes et tous de s\u2019exprimer, de\u00a0 faire entendre leurs pr\u00e9occupations, de prendre le temps d\u2019\u00e9couter les autres et de participer \u00e0 la construction d\u2019un mouvement bas\u00e9 sur des valeurs fondamentales et qui se r\u00e9sument par ces quelques mots\u00a0: solidarit\u00e9, \u00e9cologie, f\u00e9minisme, vivre ensemble, autogestion.<\/h2>\n<h2 style=\"text-align: justify;\">Nous avons affin\u00e9 en quelque sorte <strong>notre carte de visite <\/strong>dont vous<a href=\"http:\/\/alternatifs81.fr\/wp-content\/uploads\/AA-congre\u0300s16-02-06_12.jpg\"  rel=\"lightbox[17405] attachment wp-att-17205\"><img loading=\"lazy\" decoding=\"async\" class=\"alignright wp-image-17205 size-medium\" src=\"http:\/\/alternatifs81.fr\/wp-content\/uploads\/AA-congre\u0300s16-02-06_12-300x199.jpg\" alt=\"AA-congre\u0300s16-02-06_12\" width=\"300\" height=\"199\" srcset=\"https:\/\/alternatifs81.fr\/wp-content\/uploads\/AA-congre\u0300s16-02-06_12-300x199.jpg 300w, https:\/\/alternatifs81.fr\/wp-content\/uploads\/AA-congre\u0300s16-02-06_12-768x508.jpg 768w, https:\/\/alternatifs81.fr\/wp-content\/uploads\/AA-congre\u0300s16-02-06_12-1024x678.jpg 1024w, https:\/\/alternatifs81.fr\/wp-content\/uploads\/AA-congre\u0300s16-02-06_12.jpg 2000w\" sizes=\"auto, (max-width: 300px) 100vw, 300px\" \/><\/a> trouverez le texte en annexe. Le texte de cette carte sera pr\u00e9c\u00e9d\u00e9 d\u2019un petit papillon qui r\u00e9sume notre d\u00e9marche\u00a0:<\/h2>\n<h1 style=\"text-align: justify;\">\u00a0\u00a0\u00a0\u00a0\u00a0\u00a0<span style=\"color: #808000;\"> <em>R\u00e9sister \u2013 <span style=\"color: #008000;\">Proposer<\/span> \u2013 <span style=\"color: #808000;\">Se R\u00e9volter\u00a0<\/span> &#8211; <span style=\"color: #008000;\">Exp\u00e9rimenter<\/span> \u2013 <span style=\"color: #808000;\">Coordonner<\/span><\/em><\/span><\/h1>\n<h2 style=\"text-align: justify;\">Et pour celles et ceux qui estiment que cette carte de visite est trop simpliste nous avons pris la d\u00e9cision de r\u00e9diger <strong>un manifeste<\/strong> qui sera en quelque sorte une trame\u00a0 d\u2019une douzaine de th\u00e8mes \u00e9nonc\u00e9s de fa\u00e7on positive <span style=\"color: #808000;\">\u00ab\u00a0nous sommes pour\u00a0\u00bb\u00a0<\/span> et non pas\u00a0 <span style=\"color: #008000;\">\u00ab\u00a0nous sommes contre\u00a0\u00bb<\/span>.<\/h2>\n<h2 style=\"text-align: justify;\">Il s\u2019agira en quelque sorte de revendiquer des droits nouveaux, de dire ce qui fait sens pour nous, les articulations avec les luttes, les groupes et la soci\u00e9t\u00e9.<\/h2>\n<p><!--more--><\/p>\n<h2 style=\"text-align: justify;\">Par ailleurs nous poursuivrons notre travail au niveau <strong>du r\u00e8glement int\u00e9rieur.<\/strong><\/h2>\n<h2 style=\"text-align: justify;\"><strong><a href=\"http:\/\/alternatifs81.fr\/wp-content\/uploads\/AA-congre\u0300s16-02-06_10.jpg\"  rel=\"lightbox[17405] attachment wp-att-17203\"><img loading=\"lazy\" decoding=\"async\" class=\"alignleft wp-image-17203 size-medium\" src=\"http:\/\/alternatifs81.fr\/wp-content\/uploads\/AA-congre\u0300s16-02-06_10-300x199.jpg\" alt=\"AA-congre\u0300s16-02-06_10\" width=\"300\" height=\"199\" srcset=\"https:\/\/alternatifs81.fr\/wp-content\/uploads\/AA-congre\u0300s16-02-06_10-300x199.jpg 300w, https:\/\/alternatifs81.fr\/wp-content\/uploads\/AA-congre\u0300s16-02-06_10-768x508.jpg 768w, https:\/\/alternatifs81.fr\/wp-content\/uploads\/AA-congre\u0300s16-02-06_10-1024x678.jpg 1024w, https:\/\/alternatifs81.fr\/wp-content\/uploads\/AA-congre\u0300s16-02-06_10.jpg 2000w\" sizes=\"auto, (max-width: 300px) 100vw, 300px\" \/><\/a>Le groupe finance <\/strong>a \u00e9galement rendu compte (justificatifs \u00e0 l\u2019appui) d\u2019une mani\u00e8re claire de la situation de tr\u00e9sorerie et des pr\u00e9visions pour le futur. Les certificats de d\u00e9ductibilit\u00e9 fiscale ont \u00e9t\u00e9 \u00e9tablis. Il a \u00e9t\u00e9 notamment d\u00e9cid\u00e9 de reverser 40% des cotisations aux f\u00e9d\u00e9rations constitu\u00e9es et qui le demanderaient.<\/h2>\n<h2 style=\"text-align: justify;\">Ces quelques \u00e9l\u00e9ments devraient nous permettre d\u2019assoir nos bases de travail et de militance.<\/h2>\n<h2 style=\"text-align: justify;\">A ce niveau nous avons pu constater que notre mouvement existe v\u00e9ritablement, qu\u2019il s\u2019appuie \u00e0 la fois sur des bases s\u00e9rieuses, des moyens \u00e0 la fois humains et financiers certes modestes mais r\u00e9els.<\/h2>\n<h2 style=\"text-align: justify;\">ET nous nous sommes rendus compte qu\u2019il s\u2019agit pour le futur de nous appuyer sur cette r\u00e9alit\u00e9 pour poursuivre notre route et nous ouvrir \u00e0 celles et ceux qui nous entourent.<\/h2>\n<h2 style=\"text-align: justify;\"><strong>La communication externe<\/strong> <strong>doit \u00eatre un objectif important et m\u00eame essentiel pour le futur<\/strong>.<\/h2>\n<h2 style=\"text-align: justify;\">Des id\u00e9es, des propositions ont \u00e9t\u00e9 \u00e9mises qu\u2019il s\u2019agit maintenant\u00a0<a href=\"http:\/\/alternatifs81.fr\/wp-content\/uploads\/AA-congre\u0300s16-02-06_11.jpg\"  rel=\"lightbox[17405] attachment wp-att-17204\"><img loading=\"lazy\" decoding=\"async\" class=\"alignright wp-image-17204 size-medium\" src=\"http:\/\/alternatifs81.fr\/wp-content\/uploads\/AA-congre\u0300s16-02-06_11-300x199.jpg\" alt=\"AA-congre\u0300s16-02-06_11\" width=\"300\" height=\"199\" srcset=\"https:\/\/alternatifs81.fr\/wp-content\/uploads\/AA-congre\u0300s16-02-06_11-300x199.jpg 300w, https:\/\/alternatifs81.fr\/wp-content\/uploads\/AA-congre\u0300s16-02-06_11-768x508.jpg 768w, https:\/\/alternatifs81.fr\/wp-content\/uploads\/AA-congre\u0300s16-02-06_11-1024x678.jpg 1024w, https:\/\/alternatifs81.fr\/wp-content\/uploads\/AA-congre\u0300s16-02-06_11.jpg 2000w\" sizes=\"auto, (max-width: 300px) 100vw, 300px\" \/><\/a> de s\u2019approprier et de mettre en pratique compte tenu de nos possibilit\u00e9s, mais aussi de nos limites. Il a notamment \u00e9t\u00e9 propos\u00e9 de\u00a0:<\/h2>\n<ul style=\"text-align: justify;\">\n<li>\n<h2>Faire des clips de pr\u00e9sentation du mouvement.<\/h2>\n<\/li>\n<li>\n<h2>Dresser un r\u00e9pertoire d\u2019exp\u00e9riences qui correspondent \u00e0 nos valeurs.<\/h2>\n<\/li>\n<li>\n<h2>Recenser et relancer les personnes, collectifs et r\u00e9seaux les plus proches et leur envoyer le journal.<\/h2>\n<\/li>\n<li>\n<h2>Reprendre les ventes militantes.<\/h2>\n<\/li>\n<li>\n<h2>Utiliser les outils de communication pour se faire connaitre\u00a0: la presse r\u00e9gionale plus ouverte que la presse nationale, les radios locales.<\/h2>\n<\/li>\n<li>\n<h2>Utiliser et d\u00e9velopper notre pr\u00e9sence sur les r\u00e9seaux sociaux (Facebook et Twitter).<\/h2>\n<\/li>\n<li>\n<h2>Cr\u00e9er et d\u00e9velopper notre site internet<\/h2>\n<\/li>\n<li>\n<h2>Cr\u00e9er des \u00e9v\u00e8nements, des r\u00e9unions, des forums sur des th\u00e8mes qui nous concernent.<\/h2>\n<\/li>\n<\/ul>\n<h2 style=\"text-align: justify;\">Nous avons \u00e9galement pris le temps d\u2019\u00e9couter certain-e-s qui n\u2019ont pas particip\u00e9 au congr\u00e8s\u2026 notamment un texte significatif de Marie Fran\u00e7oise\u00a0:<\/h2>\n<h2 style=\"text-align: justify;\">\u00a0<span style=\"color: #339966;\"><em>\u00ab\u00a0Je voulais vous faire part de ma r\u00e9flexion personnelle sur deux points qui me tiennent \u00e0 c\u0153ur plus particuli\u00e8rement aujourd\u2019hui\u00a0:<\/em><\/span><\/h2>\n<ul style=\"text-align: justify;\">\n<li>\n<h2><span style=\"color: #339966;\"><em>Les \u00e9lections et notre participation aux institutions\u00a0: dans le Tarn je fais partie des sceptiques qui ne croient plus aux \u00e9lections. Je ne crois plus aujourd\u2019hui au pouvoir de d\u00e9l\u00e9gation et de repr\u00e9sentation\u00a0; j\u2019y ai longtemps cru, et je me suis longtemps battu pour aller voter, mais \u00e0 force d\u2019avaler des couleuvres et de voir que rien ne bouge aujourd\u2019hui je n\u2019ai plu envie d\u2019aller voter. Quant \u00e0 la question\u00a0 de notre pr\u00e9sence dans nos institutions, pour moi la question n\u2019est pas l\u00e0. La question est\u00a0: O\u00f9 pouvons nous r\u00e9ellement agir pour construire un autre monde. Si nous pensons que nous pouvons faire bouger des choses en allant dans un conseil municipal ou d\u00e9partemental, alors il faut y aller.<\/em><\/span><\/h2>\n<\/li>\n<li>\n<h2><span style=\"color: #339966;\"><em>L\u2019autogestion\u00a0: L\u2019autogestion reste pour moi quelque chose qui n\u2019est pas \u00e9vident \u00e0 mettre en place. En effet il me semble que nous avons \u00e9t\u00e9 tous format\u00e9s, nous n\u2019avons pas appris au cours de notre vie \u00e0 devenir autogestionnaire\u2026.. Au cours de notre vie nous votons pour confier le pouvoir politique \u00e0 quelqu\u2019un d\u2019autre, vous avouerez que cela n\u2019a rien de v\u00e9ritablement autogestionnaire. Fonctionner en autogestion est pour moi quelque chose de difficile. En effet comment faire en sorte que chacun trouve sa place. Comment faire en sorte que chacun puisse s\u2019investir \u00e0 son rythme\u00a0? Comment faire en sorte que chacun puisse faire un travail sans se trouver oblig\u00e9 de faire en plus celui du voisin\u00a0? Pour moi dans un mouvement comme le n\u00f4tre chacun peut apporter sa pierre.\u00a0\u00bb<br \/>\n<\/em><\/span><\/h2>\n<\/li>\n<\/ul>\n<h2 style=\"text-align: justify;\">Ce texte r\u00e9sume bien des questions que nous nous posons mais nous montre \u00e9galement des pistes de r\u00e9flexions et d\u2019actions qui en d\u00e9coulent.<\/h2>\n<h2 style=\"text-align: justify;\"><a href=\"http:\/\/alternatifs81.fr\/wp-content\/uploads\/AA-congre\u0300s16-02-06_13-150x150.jpg\"  rel=\"lightbox[17405] attachment wp-att-17206\"><img loading=\"lazy\" decoding=\"async\" class=\"alignleft wp-image-17206\" src=\"http:\/\/alternatifs81.fr\/wp-content\/uploads\/AA-congre\u0300s16-02-06_13-150x150.jpg\" alt=\"AA-congre\u0300s16-02-06_13-150x150\" width=\"250\" height=\"250\" \/><\/a>Ce texte \u00e9tait d\u2019ailleurs en phase avec le <strong>questionnaire qui nous a \u00e9t\u00e9 propos\u00e9 par le groupe du<\/strong> <strong>Tarn<\/strong> et qui se r\u00e9sume\u00a0 par un certain nombre de questions auxquelles nous avons apport\u00e9 quelques \u00e9l\u00e9ments\u00a0 de r\u00e9ponses\u00a0:<\/h2>\n<ul style=\"text-align: justify;\">\n<li>\n<h2><span style=\"color: #008000;\"><em><strong>Pourquoi je fais de la politique\u00a0?<\/strong><\/em><\/span><\/h2>\n<\/li>\n<\/ul>\n<h2 style=\"text-align: justify;\">Dans ce monde ou toute activit\u00e9 humaine est domin\u00e9e par\u00a0 l\u2019argent, ou les richesses sont concentr\u00e9es dans les mains de quelques uns, ou la nature est peu \u00e0 peu d\u00e9truite, ou presque tout est marchandis\u00e9, la n\u00e9cessit\u00e9 et la volont\u00e9 individuelle et collective de renverser l\u2019ordre capitaliste nous conduisent \u00e0 r\u00e9fl\u00e9chir comment construire une alternative globale sociale et politique.<\/h2>\n<ul style=\"text-align: justify;\">\n<li>\n<h2><span style=\"color: #808000;\"><em><strong>Pourquoi ai-je besoin d\u2019un mouvement politique nouveau et diff\u00e9rent des autres\u00a0?<\/strong><\/em><\/span><\/h2>\n<\/li>\n<\/ul>\n<h2 style=\"text-align: justify;\">Pour faire vivre et d\u00e9velopper des id\u00e9es construites par les alternatifs en s\u2019appuyant sur des valeurs et leur mise en \u0153uvre.<\/h2>\n<h2 style=\"text-align: justify;\">Il faut cr\u00e9er un lieu plut\u00f4t qu\u2019une organisation, un projet de transformation sociale et \u00e9cologique\u00a0; un manifeste plut\u00f4t qu\u2019un programme, un intellectuel collectif.<\/h2>\n<ul style=\"text-align: justify;\">\n<li>\n<h2><span style=\"color: #008000;\"><em><strong>Comment je d\u00e9finis chacun des piliers qui sont les n\u00f4tres\u00a0?<\/strong><\/em><\/span><\/h2>\n<\/li>\n<\/ul>\n<h2 style=\"text-align: justify;\">Solidarit\u00e9s \u2013 Ecologie \u2013 F\u00e9minisme \u2013 Vivre ensemble \u2013 Autogestion<\/h2>\n<ul style=\"text-align: justify;\">\n<li>\n<h2><strong>Quel r\u00f4le doit avoir dans notre soci\u00e9t\u00e9 une organisation autogestionnaire\u00a0?<\/strong><\/h2>\n<\/li>\n<\/ul>\n<h2 style=\"text-align: justify;\">\u00a0\u00a0\u00a0\u00a0\u00a0\u00a0\u00a0 Faire\u00a0 connaitre les apports th\u00e9oriques et exp\u00e9rimentaux d\u2019hier et d\u2019aujourd\u2019hui sur l\u2019autogestion\u00a0:par ex. Collectivit\u00e9s d\u2019Aragon avec des centaines de villages collectivis\u00e9s dans l\u2019Espagne franquiste, pratiques communales autogestionnaires comme \u00e0 Saillan, reprise par les travailleurs de leur outil transform\u00e9 en coop\u00e9rative..<\/h2>\n<h2 style=\"text-align: justify;\">S\u2019appuyer sur l\u2019unit\u00e9 populaire, les mouvements d\u2019\u00e9ducation populaire pour co-organiser et co-construire des alternatives dans les quartiers\u00a0: conseils de quartier citoyens, budget participatif, caf\u00e9 repaire \u2026<\/h2>\n<h2 style=\"text-align: justify;\">Participer \u00e0 l\u2019institution locale \u00e0 condition de pouvoir s\u2019appuyer sur l\u2019expression populaire et avoir des relais militants dans les quartiers.<\/h2>\n<ul style=\"text-align: justify;\">\n<li>\n<h2><span style=\"color: #808000;\"><strong>Quel fonctionnement pour permettre l\u2019expression de chacun d\u2019entre nous\u00a0?<\/strong><\/span><\/h2>\n<\/li>\n<\/ul>\n<h2 style=\"text-align: justify;\">Rotation des fonctions, mandats, commissions th\u00e9matiques.<\/h2>\n<ul style=\"text-align: justify;\">\n<li>\n<h2><em><span style=\"color: #008000;\"><strong>Pi\u00e8ges \u00e0 \u00e9viter pour rester fid\u00e8le \u00e0 nos objectifs\u00a0?<\/strong><\/span><\/em><\/h2>\n<\/li>\n<\/ul>\n<h2 style=\"text-align: justify;\">Ne pas reproduire une organisation \u00ab\u00a0m\u00e9tropolitaine parisienne\u00a0\u00bb<\/h2>\n<h2 style=\"text-align: justify;\">Refuser\u00a0 toute professionnalisation de l\u2019outil politique y compris par des n\u00e9o retrait\u00e9s omnipr\u00e9sents.<\/h2>\n<ul style=\"text-align: justify;\">\n<li>\n<h2><span style=\"color: #808000;\"><em><strong>Quelles relations aux autres organisations\u00a0?<\/strong><\/em><\/span><\/h2>\n<\/li>\n<\/ul>\n<h2 style=\"text-align: justify;\">Participer \u00e0 de collectifs th\u00e9matiques locaux, front de luttes.<\/h2>\n<h2 style=\"text-align: justify;\">Faire connaitre nos orientations et les mettre en pratique avec eux.<\/h2>\n<h2 style=\"text-align: justify;\">On a \u00e9galement tent\u00e9 de r\u00e9pondre \u00e0 une question fondamentale, <strong>comment changer le monde\u00a0?<\/strong>en marchant tout simplement sur nos deux jambes, luttes sociales et pr\u00e9sence\u00a0 dans les institutions.<\/h2>\n<h1 style=\"text-align: justify;\"><span style=\"color: #008080;\">Des pistes d\u2019action tr\u00e8s concr\u00e8tes ont \u00e9t\u00e9 propos\u00e9es\u00a0:<\/span><\/h1>\n<h2 style=\"text-align: justify;\"><span style=\"text-decoration: underline;\">1<sup>er<\/sup> niveau\u00a0:<\/span> <strong>l\u2019individu\/le groupe<\/strong><\/h2>\n<h2 style=\"text-align: justify;\">&#8211;\u00a0Travailler sur soi m\u00eame pour s\u2019ins\u00e9rer dans l\u2019action commune\u00a0<a href=\"http:\/\/alternatifs81.fr\/wp-content\/uploads\/AA-congre\u0300s16-02-06_15-150x150.jpg\"  rel=\"lightbox[17405] attachment wp-att-17208\"><img loading=\"lazy\" decoding=\"async\" class=\"alignright wp-image-17208\" src=\"http:\/\/alternatifs81.fr\/wp-content\/uploads\/AA-congre\u0300s16-02-06_15-150x150.jpg\" alt=\"AA-congre\u0300s16-02-06_15-150x150\" width=\"259\" height=\"259\" \/><\/a><\/h2>\n<h2 style=\"text-align: justify;\">&#8211;\u00a0le groupe fait bouger l\u2019individu<\/h2>\n<h2 style=\"text-align: justify;\"><span style=\"text-decoration: underline;\">2\u00e8 niveau\u00a0:<\/span> <strong>Changer la culture (les mentalit\u00e9s)<\/strong><\/h2>\n<h2 style=\"text-align: justify;\">Valoriser<\/h2>\n<h2 style=\"text-align: justify;\">&#8211; \u00a0la coop\u00e9ration <em>plut\u00f4t que<\/em> le pouvoir<\/h2>\n<h2 style=\"text-align: justify;\">&#8211;\u00a0le \u00ab\u00a0Tous capable\u00a0\u00bb\u00a0 <em>plut\u00f4t que<\/em> l\u2019\u00e9litisme<\/h2>\n<h2 style=\"text-align: justify;\">&#8211; les biens communs <em>plut\u00f4t que<\/em> la propri\u00e9t\u00e9 priv\u00e9e<\/h2>\n<h2 style=\"text-align: justify;\">Montrer NOUS-MEME que l\u2019on peut FAIRE AUTREMENT<\/h2>\n<h2 style=\"text-align: justify;\">Mais ne pas rester entre nous et d\u00e9velopper UNE \u00c9DUCATION POPULAIRE.<\/h2>\n<h2 style=\"text-align: justify;\"><span style=\"text-decoration: underline;\">3\u00e8 niveau\u00a0;<\/span> <strong>la politique c\u2019est\u00a0:<\/strong><\/h2>\n<ul style=\"text-align: justify;\">\n<li>\n<h2>Donner du sens aux exp\u00e9riences<\/h2>\n<\/li>\n<li>\n<h2>Les articuler entre elles<\/h2>\n<\/li>\n<li>\n<h2>Agir sur les r\u00e8gles (lois)<\/h2>\n<\/li>\n<\/ul>\n<h2 style=\"text-align: justify;\"><span style=\"text-decoration: underline;\">4\u00e8 niveau\u00a0:<\/span> <strong>Des questions qui restent \u00e0 approfondir<\/strong><\/h2>\n<h2 style=\"text-align: justify;\">Quel bilan de nos participations dans les institutions\u00a0? (\u00e9lus, conseils\u2026)<\/h2>\n<h2 style=\"text-align: justify;\">Changer les syst\u00e8mes politiques (constitutions etc..) et juridique (droit de gr\u00e8ve\u2026) qui s\u00e9questrent la d\u00e9mocratie.<\/h2>\n<h2 style=\"text-align: justify;\"><\/h2>\n<h2 style=\"text-align: justify;\">A la question du<strong> programme<\/strong> nous avons avanc\u00e9 la notion <strong>de projet<\/strong> pouvant prendre la forme d\u2019un <strong>manifeste.<\/strong><\/h2>\n<h2 style=\"text-align: justify;\"><strong>Le r\u00f4le de notre force politique<\/strong> consistera \u00e0 construire de nouveaux droits, \u00e0 cr\u00e9er du lien.<\/h2>\n<h2 style=\"text-align: justify;\">Notre pr\u00e9sence dans les processus \u00e9lectoraux ne sera pas obligatoire et devra s\u2019appuyer sur des relais dans les quartiers.<\/h2>\n<h2 style=\"text-align: justify;\">Une tache importante consistera \u00e0 faire le lien entre les divers aspects \u00e9nonc\u00e9s\u00a0:<\/h2>\n<h2 style=\"text-align: justify;\">\u00a0 \u00e0 faire et \u00e0 cr\u00e9er du sens<\/h2>\n<h2 style=\"text-align: justify;\">\u00a0 \u00e0 faire le lien entre diff\u00e9rents domaines (social, associatif, politique)<\/h2>\n<h2 style=\"text-align: justify;\">\u00a0 \u00e0 faire le lien avec des groupes politiques et citoyens proche de nos valeurs<\/h2>\n<h2 style=\"text-align: justify;\">\u00a0 \u00e0 faire le lien entre les exp\u00e9riences men\u00e9es sur le terrain<\/h2>\n<h2 style=\"text-align: justify;\">\u00a0 et aussi et surtout \u00e0 entrer en r\u00e9sistance<\/h2>\n<h2 style=\"text-align: justify;\">Voil\u00e0 pourquoi il nous parait primordial <strong>de construire une culture du commun<\/strong> en passant de l\u2019individu au collectif.<\/h2>\n<h2 style=\"text-align: justify;\">Nous avons \u00e9galement discut\u00e9, d\u00e9battu sur <strong>la n\u00e9cessit\u00e9 d\u2019avoir un journal<\/strong> qui est et reste un outil essentiel dans la transmission de nos id\u00e9es et des exp\u00e9rimentations qui en d\u00e9coulent.<\/h2>\n<h2 style=\"text-align: justify;\"><a href=\"http:\/\/alternatifs81.fr\/wp-content\/uploads\/AA-congre\u0300s16-02-06_14-150x150.jpg\"  rel=\"lightbox[17405] attachment wp-att-17207\"><img loading=\"lazy\" decoding=\"async\" class=\"alignleft wp-image-17207\" src=\"http:\/\/alternatifs81.fr\/wp-content\/uploads\/AA-congre\u0300s16-02-06_14-150x150.jpg\" alt=\"AA-congre\u0300s16-02-06_14-150x150\" width=\"250\" height=\"250\" \/><\/a>En d\u00e9finitive ce congr\u00e8s a \u00e9t\u00e9 vraiment diff\u00e9rent de ce que certain-e-s d\u2019entre nous ont connu dans le pass\u00e9\u00a0:<\/h2>\n<h2 style=\"text-align: justify;\">\u00a0 Pas de motions revues et corrig\u00e9es, amend\u00e9es et donnant lieu \u00e0 des d\u00e9bats interminables mais des\u00a0\u00a0 ORIENTATIONS.<\/h2>\n<h2 style=\"text-align: justify;\">\u00a0 Pas de textes ou chaque phrase est pes\u00e9e, d\u00e9battue, ou tout est dit mais ou tout le monde aura vite oubli\u00e9 ce qui a \u00e9t\u00e9 dit.<\/h2>\n<h2 style=\"text-align: justify;\">\u00a0Pas de votes avec une majorit\u00e9 qui oublie de respecter les minorit\u00e9s mais\u00a0 une recherche de consensus.<\/h2>\n<h2 style=\"text-align: justify;\">\u00a0Pas de crispation ni de r\u00e8glements de compte mais un souci permanent de r\u00e9fl\u00e9chir et de faire ensemble, de mettre en commun, de rechercher nos ressemblances \u00e0 travers nos diversit\u00e9s.<\/h2>\n<h2 style=\"text-align: justify;\">En d\u00e9finitive nous nous sommes quitt\u00e9s avec le sentiment,<\/h2>\n<h2 style=\"text-align: justify;\"><strong>Qu\u2019il faut arr\u00eater d\u2019en parler mais nous donner les moyens de faire.<\/strong><\/h2>\n<h2 style=\"text-align: justify;\">Que des rencontres ult\u00e9rieures\u00a0 seront n\u00e9cessaires, tout en ayant conscience de nos limites, de nos moyens, ( se seront peut \u00eatre des journ\u00e9es d\u2019\u00e9t\u00e9, une assembl\u00e9e g\u00e9n\u00e9rale, un forum ouvert\u2026).<\/h2>\n<h2 style=\"text-align: justify;\">Que nous existons bel et bien et qu\u2019il s\u2019agit d\u2019enfoncer le clou <strong>pour d\u00e9montrer par nos pratiques que<\/strong> <strong>la politique c\u2019est l\u2019affaire de tout le monde.<\/strong><\/h2>\n<p><strong>\u00a0<\/strong><\/p>\n<h3><span style=\"text-decoration: underline;\">A relire :\u00a0\u00a0<\/span>\u00a0 http:\/\/alternatifs81.fr\/?p=17145<\/h3>\n<h2><span style=\"color: #808000;\">Un week-end de d\u00e9tente<\/span><\/h2>\n<p>&nbsp;<\/p>\n<gcse:search><\/gcse:search>","protected":false},"excerpt":{"rendered":"<p>Voil\u00e0 en quelques mots le sentiment g\u00e9n\u00e9ral que les participants ont retir\u00e9 de ce congr\u00e8s qui nous a rassembl\u00e9 les 6 et 7 f\u00e9vrier 2016, 40 rue de Malte \u00e0 Paris. L\u2019ordre du jour \u00e9tait copieux et vari\u00e9, les d\u00e9bats anim\u00e9s et respectueux et\u2026 se sont d\u00e9roul\u00e9s dans une ambiance \u00e0 la fois s\u00e9rieuse, conviviale [&hellip;]<\/p>\n","protected":false},"author":1,"featured_media":0,"comment_status":"open","ping_status":"open","sticky":false,"template":"","format":"standard","meta":{"footnotes":""},"categories":[391],"tags":[431,103,117],"class_list":["post-17405","post","type-post","status-publish","format-standard","hentry","category-alternatives-et-autogestion","tag-congres-de-fondation","tag-demarche-citoyenne","tag-democratie"],"_links":{"self":[{"href":"https:\/\/alternatifs81.fr\/index.php?rest_route=\/wp\/v2\/posts\/17405","targetHints":{"allow":["GET"]}}],"collection":[{"href":"https:\/\/alternatifs81.fr\/index.php?rest_route=\/wp\/v2\/posts"}],"about":[{"href":"https:\/\/alternatifs81.fr\/index.php?rest_route=\/wp\/v2\/types\/post"}],"author":[{"embeddable":true,"href":"https:\/\/alternatifs81.fr\/index.php?rest_route=\/wp\/v2\/users\/1"}],"replies":[{"embeddable":true,"href":"https:\/\/alternatifs81.fr\/index.php?rest_route=%2Fwp%2Fv2%2Fcomments&post=17405"}],"version-history":[{"count":0,"href":"https:\/\/alternatifs81.fr\/index.php?rest_route=\/wp\/v2\/posts\/17405\/revisions"}],"wp:attachment":[{"href":"https:\/\/alternatifs81.fr\/index.php?rest_route=%2Fwp%2Fv2%2Fmedia&parent=17405"}],"wp:term":[{"taxonomy":"category","embeddable":true,"href":"https:\/\/alternatifs81.fr\/index.php?rest_route=%2Fwp%2Fv2%2Fcategories&post=17405"},{"taxonomy":"post_tag","embeddable":true,"href":"https:\/\/alternatifs81.fr\/index.php?rest_route=%2Fwp%2Fv2%2Ftags&post=17405"}],"curies":[{"name":"wp","href":"https:\/\/api.w.org\/{rel}","templated":true}]}}