{"id":17392,"date":"2016-03-25T23:07:27","date_gmt":"2016-03-25T22:07:27","guid":{"rendered":"http:\/\/alternatifs81.fr\/?p=17392"},"modified":"2016-03-26T00:09:20","modified_gmt":"2016-03-25T23:09:20","slug":"jeune-manifestant-passe-a-tabac-par-des-crs-stop-aux-violences-policieres-petition","status":"publish","type":"post","link":"https:\/\/alternatifs81.fr\/?p=17392","title":{"rendered":"Jeune manifestant pass\u00e9 \u00e0 tabac par des CRS : stop aux violences polici\u00e8res. P\u00e9tition"},"content":{"rendered":"<h2 class=\"post-body entry-content\" style=\"text-align: justify;\"><b><a href=\"http:\/\/alternatifs81.fr\/wp-content\/uploads\/y1pEtHpKE6Add9dLi6idaPyX09cFxF4dHrikC90fwQ4u2cooz_fVswAUIjv7-zZ140GaNgaosfgJSg2-225x300-1.jpg\"  rel=\"lightbox[17392] attachment wp-att-16893\"><img loading=\"lazy\" decoding=\"async\" class=\"alignleft wp-image-16893 size-full\" src=\"http:\/\/alternatifs81.fr\/wp-content\/uploads\/y1pEtHpKE6Add9dLi6idaPyX09cFxF4dHrikC90fwQ4u2cooz_fVswAUIjv7-zZ140GaNgaosfgJSg2-225x300-1.jpg\" alt=\"y1pEtHpKE6Add9dLi6idaPyX09cFxF4dHrikC90fwQ4u2cooz_fVswAUIjv7-zZ140GaNgaosfgJSg2-225x300\" width=\"225\" height=\"300\" \/><\/a>Les violences polici\u00e8res contre les jeunes qui s&rsquo;opposent \u00e0 la loi El Khomri de fa\u00e7on pacifique viennent, ce jeudi, d&rsquo;atteindre un niveau intol\u00e9rable. A quand un nouveau Malik Oussekine? Un accident est dans ces cas-l\u00e0 si vite arriv\u00e9.\u00a0<\/b><\/h2>\n<h2 style=\"text-align: justify;\"><b>La Fondation Copernic lance un grand mouvement de p\u00e9tition pour que cessent ces violences injustifi\u00e9es et injustifiables.\u00a0<\/b><\/h2>\n<h2 style=\"text-align: justify;\"><b>Signons toutes et tous, et n&rsquo;h\u00e9sitons pas \u00e0 faire signer tr\u00e8s massivement, cette p\u00e9tition contre les violences. La force de notre nombre sera d\u00e9terminante. <\/b><\/h2>\n<h2 style=\"text-align: justify;\"><b>Pour signer et faire tr\u00e8s largement signer : <a href=\"https:\/\/www.change.org\/p\/manuel-valls-premier-ministre-jeune-manifestant-pass%C3%A9-%C3%A0-tabac-par-des-crs-stop-aux-violences-polici%C3%A8res\">https:\/\/www.change.org\/p\/manuel-valls-premier-ministre-jeune-manifestant-pass\u00e9-\u00e0-tabac-par-des-crs-stop-aux-violences-polici\u00e8res<\/a><\/b><\/h2>\n<h2 style=\"text-align: justify;\"><b>SCANDALE : un jeune manifestant pass\u00e9 \u00e0 tabac par les forces de l&rsquo;ordre ! Une vid\u00e9o est en train de buzzer, montrant les images\u00a0<\/b><\/h2>\n<p><!--more--><\/p>\n<h2 style=\"text-align: justify;\"><b>choquantes du passage \u00e0 tabac qu&rsquo;a subi un jeune manifestant contre la loi El Khomri, ce jeudi 24 mars&#8230; par qui ? Par les forces de l&rsquo;ordre sens\u00e9s assurer notre s\u00e9curit\u00e9 !\u00a0<\/b><\/h2>\n<h2 style=\"text-align: justify;\"><b>Comme lors de la pr\u00e9c\u00e9dente mobilisation de la jeunesse, ainsi que dans diff\u00e9rents \u00e9tablissements scolaires, la police intervient de fa\u00e7on extr\u00eamement violente contre des lyc\u00e9en-nes et des \u00e9tudiant-es en AG \u00e0 Tolbiac. C&rsquo;est un scandale !\u00a0<\/b><\/h2>\n<h2 style=\"text-align: justify;\"><b>Nous appelons \u00e0 ce que les droits d\u00e9mocratiques des manifestant-es soient respect\u00e9s. L\u2019\u00c9tat d\u2019Urgence ne justifie en rien les violences polici\u00e8res contre des manifestant-es pacifiques et d\u00e9sarm\u00e9-es. La loi El Khomri ne passera pas de cette fa\u00e7on. Faudra-t-il un nouveau Malik Oussekine pour que les ordres donn\u00e9s \u00e0 la police invitent \u00e0 la retenue?\u00a0<\/b><\/h2>\n<h2 style=\"text-align: justify;\"><b>Nous n\u2019acceptons pas cette d\u00e9rive d\u2019un \u00c9tat qui doit permettre l\u2019expression de notre opposition \u00e0 un projet de loi qui s\u2019en prend aux droits des salari\u00e9-e-s et des jeunes. Toutes et tous ensemble, nous disons STOP aux violences polici\u00e8res. Elles sont indignes, injustifi\u00e9es et antid\u00e9mocratiques ! <\/b><\/h2>\n<gcse:search><\/gcse:search>","protected":false},"excerpt":{"rendered":"<p>Les violences polici\u00e8res contre les jeunes qui s&rsquo;opposent \u00e0 la loi El Khomri de fa\u00e7on pacifique viennent, ce jeudi, d&rsquo;atteindre un niveau intol\u00e9rable. A quand un nouveau Malik Oussekine? Un accident est dans ces cas-l\u00e0 si vite arriv\u00e9.\u00a0 La Fondation Copernic lance un grand mouvement de p\u00e9tition pour que cessent ces violences injustifi\u00e9es et injustifiables.\u00a0 [&hellip;]<\/p>\n","protected":false},"author":1,"featured_media":0,"comment_status":"open","ping_status":"open","sticky":false,"template":"","format":"standard","meta":{"footnotes":""},"categories":[217],"tags":[103,117,23,430],"class_list":["post-17392","post","type-post","status-publish","format-standard","hentry","category-libertes","tag-demarche-citoyenne","tag-democratie","tag-luttes","tag-violences-policieres"],"_links":{"self":[{"href":"https:\/\/alternatifs81.fr\/index.php?rest_route=\/wp\/v2\/posts\/17392","targetHints":{"allow":["GET"]}}],"collection":[{"href":"https:\/\/alternatifs81.fr\/index.php?rest_route=\/wp\/v2\/posts"}],"about":[{"href":"https:\/\/alternatifs81.fr\/index.php?rest_route=\/wp\/v2\/types\/post"}],"author":[{"embeddable":true,"href":"https:\/\/alternatifs81.fr\/index.php?rest_route=\/wp\/v2\/users\/1"}],"replies":[{"embeddable":true,"href":"https:\/\/alternatifs81.fr\/index.php?rest_route=%2Fwp%2Fv2%2Fcomments&post=17392"}],"version-history":[{"count":0,"href":"https:\/\/alternatifs81.fr\/index.php?rest_route=\/wp\/v2\/posts\/17392\/revisions"}],"wp:attachment":[{"href":"https:\/\/alternatifs81.fr\/index.php?rest_route=%2Fwp%2Fv2%2Fmedia&parent=17392"}],"wp:term":[{"taxonomy":"category","embeddable":true,"href":"https:\/\/alternatifs81.fr\/index.php?rest_route=%2Fwp%2Fv2%2Fcategories&post=17392"},{"taxonomy":"post_tag","embeddable":true,"href":"https:\/\/alternatifs81.fr\/index.php?rest_route=%2Fwp%2Fv2%2Ftags&post=17392"}],"curies":[{"name":"wp","href":"https:\/\/api.w.org\/{rel}","templated":true}]}}