{"id":17321,"date":"2016-03-12T09:25:28","date_gmt":"2016-03-12T08:25:28","guid":{"rendered":"http:\/\/alternatifs81.fr\/?p=17321"},"modified":"2016-03-12T09:25:28","modified_gmt":"2016-03-12T08:25:28","slug":"17-mars-appel-des-organisations-de-jeunesse-a-amplifier-le-mouvement-contre-la-loi-travail","status":"publish","type":"post","link":"https:\/\/alternatifs81.fr\/?p=17321","title":{"rendered":"17 mars : appel des organisations de jeunesse \u00e0 amplifier le mouvement contre la loi Travail"},"content":{"rendered":"<h2 class=\"post-body entry-content\" style=\"text-align: justify;\"><b><a href=\"http:\/\/alternatifs81.fr\/wp-content\/uploads\/6-kromi-jeuens.jpg\"  rel=\"lightbox[17321] attachment wp-att-17323\"><img loading=\"lazy\" decoding=\"async\" class=\"alignleft wp-image-17323 size-medium\" src=\"http:\/\/alternatifs81.fr\/wp-content\/uploads\/6-kromi-jeuens-300x251.jpg\" alt=\"6-kromi-jeuens\" width=\"300\" height=\"251\" srcset=\"https:\/\/alternatifs81.fr\/wp-content\/uploads\/6-kromi-jeuens-300x251.jpg 300w, https:\/\/alternatifs81.fr\/wp-content\/uploads\/6-kromi-jeuens.jpg 661w\" sizes=\"auto, (max-width: 300px) 100vw, 300px\" \/><\/a>Plus de 500 000 personnes se sont mobilis\u00e9es partout en France le 9 mars dernier pour demander le retrait du projet de loi \u00ab Travail \u00bb. Parmi les manifestant.e.s, ce sont pr\u00e8s de 100 000 jeunes, \u00e9tudiant.e.s, lyc\u00e9en.ne.s et jeunes travailleu.se.rs, priv\u00e9.e.s d\u2019emploi qui sont descendu.e.s dans la rue avec une d\u00e9termination qui ne cessera de s\u2019accroitre pour obtenir de meilleures perspectives pour la jeunesse, un emploi choisi, stable et de qualit\u00e9 ainsi que le maintien des garanties collectives. <\/b><\/h2>\n<h2 style=\"text-align: justify;\"><b>Dans la lign\u00e9e de cette forte mobilisation, nous appelons tous les jeunes \u00e0 une nouvelle journ\u00e9e d\u2019action le 17 mars prochain pour exiger le retrait sans conditions de ce projet de loi r\u00e9gressif, et porter haut et fort nos contre-propositions pour lutter contre le ch\u00f4mage et garantir \u00e0 tou.te.s un droit \u00e0 un avenir stable :\u00a0<\/b><\/h2>\n<p><!--more--><\/p>\n<h2 style=\"text-align: justify;\"><b>&#8211; Pour les apprenti.e.s et les stagiaires : r\u00e9mun\u00e9ration et droits \u00e0 la <a href=\"http:\/\/alternatifs81.fr\/wp-content\/uploads\/c-est-dans-la-rue-et-c-est-partout.jpg\"  rel=\"lightbox[17321] attachment wp-att-17322\"><img loading=\"lazy\" decoding=\"async\" class=\"alignright wp-image-17322 size-medium\" src=\"http:\/\/alternatifs81.fr\/wp-content\/uploads\/c-est-dans-la-rue-et-c-est-partout-243x300.jpg\" alt=\"c-est-dans-la-rue-et-c-est-partout\" width=\"243\" height=\"300\" srcset=\"https:\/\/alternatifs81.fr\/wp-content\/uploads\/c-est-dans-la-rue-et-c-est-partout-243x300.jpg 243w, https:\/\/alternatifs81.fr\/wp-content\/uploads\/c-est-dans-la-rue-et-c-est-partout.jpg 661w\" sizes=\"auto, (max-width: 243px) 100vw, 243px\" \/><\/a>hauteur du poste occup\u00e9. Pas de r\u00e9mun\u00e9ration en dessous du SMIC et m\u00eames droits que les autres salari\u00e9.e.s comprenant une protection sociale. La fin de la discrimination par l\u2019\u00e2ge dans le calcul de la r\u00e9mun\u00e9ration des apprenti.e.s. L\u2019apprentissage ne doit \u00eatre l\u00e9gal qu\u2019\u00e0 partir de 16 ans et doit d\u00e9boucher sur un emploi stable.\u00a0<\/b><\/h2>\n<h2 style=\"text-align: justify;\"><b>&#8211;\u00a0 La mise \u00e0 disposition de budgets suppl\u00e9mentaires pour offrir \u00e0 tous les jeunes une \u00e9ducation avec une formation de qualit\u00e9.\u00a0<\/b><\/h2>\n<h2 style=\"text-align: justify;\"><b>&#8211; Mettre en place une v\u00e9ritable protection sociale durant leurs \u00e9tudes avec un revenu, ainsi que compter les ann\u00e9es d\u2019\u00e9tudes dans le calcul de la retraite et de l&rsquo;assurance ch\u00f4mage.\u00a0<\/b><\/h2>\n<h2 style=\"text-align: justify;\"><b>&#8211; En finir avec la pr\u00e9carit\u00e9 : le CDI comme norme d\u2019emploi, la r\u00e9partition par la diminution du temps de travail sans baisse de salaire entre toutes et tous pour en finir avec le ch\u00f4mage et assurer une protection sociale suffisante \u00e0 chacun, salari\u00e9.e.s comme personnes sans emploi.\u00a0<\/b><\/h2>\n<h2 style=\"text-align: justify;\"><b>Pour cela, en s\u2019organisant au sein des lyc\u00e9es, universit\u00e9s, quartiers et entreprises, nous appelons tou.t.es les jeunes \u00e0 amplifier le mouvement et \u00e0 se mobiliser massivement le 17 mars prochain, ainsi que lors des futures \u00e9ch\u00e9ances, notamment lors de la journ\u00e9e de mobilisation g\u00e9n\u00e9rale appel\u00e9e par l\u2019intersyndicale au niveau national le 31 mars.\u00a0<\/b><\/h2>\n<h2 style=\"text-align: justify;\"><span style=\"color: #0000ff;\"><b><em>Alternative libertaire, CGT jeunes, DIDF, Ensemble, FIDL, G\u00e9n\u00e9ration pr\u00e9caire, JC, Jeunes \u00e9cologistes, JOC, Maison des potes, MJS, MRJC, Nouvelle Donne campus, NPA, Osez le f\u00e9minisme !, PG, Solidaires \u00e9tudiant-e-s, SOS racisme, Syndicat g\u00e9n\u00e9ral des lyc\u00e9ens, UEC, UNEF, UNL<\/em> <\/b><\/span><\/h2>\n<gcse:search><\/gcse:search>","protected":false},"excerpt":{"rendered":"<p>Plus de 500 000 personnes se sont mobilis\u00e9es partout en France le 9 mars dernier pour demander le retrait du projet de loi \u00ab Travail \u00bb. Parmi les manifestant.e.s, ce sont pr\u00e8s de 100 000 jeunes, \u00e9tudiant.e.s, lyc\u00e9en.ne.s et jeunes travailleu.se.rs, priv\u00e9.e.s d\u2019emploi qui sont descendu.e.s dans la rue avec une d\u00e9termination qui ne cessera [&hellip;]<\/p>\n","protected":false},"author":1,"featured_media":0,"comment_status":"open","ping_status":"open","sticky":false,"template":"","format":"standard","meta":{"footnotes":""},"categories":[428],"tags":[43,103,23,20,140],"class_list":["post-17321","post","type-post","status-publish","format-standard","hentry","category-jeunesse","tag-appel","tag-demarche-citoyenne","tag-luttes","tag-manifestations","tag-travail"],"_links":{"self":[{"href":"https:\/\/alternatifs81.fr\/index.php?rest_route=\/wp\/v2\/posts\/17321","targetHints":{"allow":["GET"]}}],"collection":[{"href":"https:\/\/alternatifs81.fr\/index.php?rest_route=\/wp\/v2\/posts"}],"about":[{"href":"https:\/\/alternatifs81.fr\/index.php?rest_route=\/wp\/v2\/types\/post"}],"author":[{"embeddable":true,"href":"https:\/\/alternatifs81.fr\/index.php?rest_route=\/wp\/v2\/users\/1"}],"replies":[{"embeddable":true,"href":"https:\/\/alternatifs81.fr\/index.php?rest_route=%2Fwp%2Fv2%2Fcomments&post=17321"}],"version-history":[{"count":0,"href":"https:\/\/alternatifs81.fr\/index.php?rest_route=\/wp\/v2\/posts\/17321\/revisions"}],"wp:attachment":[{"href":"https:\/\/alternatifs81.fr\/index.php?rest_route=%2Fwp%2Fv2%2Fmedia&parent=17321"}],"wp:term":[{"taxonomy":"category","embeddable":true,"href":"https:\/\/alternatifs81.fr\/index.php?rest_route=%2Fwp%2Fv2%2Fcategories&post=17321"},{"taxonomy":"post_tag","embeddable":true,"href":"https:\/\/alternatifs81.fr\/index.php?rest_route=%2Fwp%2Fv2%2Ftags&post=17321"}],"curies":[{"name":"wp","href":"https:\/\/api.w.org\/{rel}","templated":true}]}}